{"id":130572,"date":"2026-01-06T20:06:07","date_gmt":"2026-01-06T20:06:07","guid":{"rendered":"https:\/\/www.europesays.com\/no\/130572\/"},"modified":"2026-01-06T20:06:07","modified_gmt":"2026-01-06T20:06:07","slug":"sletten-senter-nyheter-nektet-kunde-a-kjope-ol-han-slo-meg-i-tinningen","status":"publish","type":"post","link":"https:\/\/www.europesays.com\/no\/130572\/","title":{"rendered":"Sletten Senter, Nyheter | Nektet kunde \u00e5 kj\u00f8pe \u00f8l: \u2013 Han slo meg i tinningen"},"content":{"rendered":"\n<p>Tirsdag kveld skal det ha oppst\u00e5tt konfrontasjon mellom en mann i 50-\u00e5rene og en ansatt hos Meny p\u00e5 Sletten senter.<\/p>\n<p>Mannen, som blir beskrevet av politiet som beruset, ble nektet \u00e5 kj\u00f8pe \u00f8l. Det skal ha fremprovosert en kraftig reaksjon hos vedkommende.<\/p>\n<p><b>\u2013 Han ble sint og slo til en butikkmedarbeider i ansiktet, opplyser operasjonsleder Morten Rebnord. <\/b><\/p>\n<p>Videre informerer han om at ingen er meldt skadet. Mannen ble tatt med i fyllearresten, og anmeldes for ordensforstyrrelse og kroppskrenkelse.<\/p>\n<p>\u2013 Han traff skikkelig<\/p>\n<p>BA har snakket med butikkmedarbeideren som hevder han fikk et slag i ansiktet.<\/p>\n<p>Han forteller at mannen i f\u00f8rste omgang strakk ut h\u00e5nden til ham for \u00e5 si godt nytt\u00e5r. Kunden forlot butikken, f\u00f8r han kom tilbake etter kort tid.<\/p>\n<p>\u2013 Da tilkalte jeg vekter. Han sa til meg at jeg juridisk ikke kunne stanse ham fra \u00e5 kj\u00f8pe, men da jeg sa at vi kunne det, hisset han seg opp igjen, forteller den ansatte.<\/p>\n<p>Da mannen ble fors\u00f8kt stoppet, skal han ha sl\u00e5tt butikkmedarbeideren i tinningen.<\/p>\n<p>\u2013 Han traff skikkelig. Det er litt vondt.<\/p>\n<p>De ansatte i butikken bestemte seg for \u00e5 la mannen g\u00e5 etter hendelsen. Han ble senere tatt med av politiet.<\/p>\n","protected":false},"excerpt":{"rendered":"Tirsdag kveld skal det ha oppst\u00e5tt konfrontasjon mellom en mann i 50-\u00e5rene og en ansatt hos Meny p\u00e5&hellip;\n","protected":false},"author":2,"featured_media":130573,"comment_status":"","ping_status":"","sticky":false,"template":"","format":"standard","meta":{"footnotes":""},"categories":[10],"tags":[36,20,21,24,25,15,22,23,13,30,28,29,14,16,15166,1510,26,27,213],"class_list":{"0":"post-130572","1":"post","2":"type-post","3":"status-publish","4":"format-standard","5":"has-post-thumbnail","7":"category-norge","8":"tag-art","9":"tag-breaking-news","10":"tag-breakingnews","11":"tag-featured-news","12":"tag-featurednews","13":"tag-headlines","14":"tag-latest-news","15":"tag-latestnews","16":"tag-news","17":"tag-no","18":"tag-norge","19":"tag-norway","20":"tag-nyheter","21":"tag-overskrifter","22":"tag-sletten-senter","23":"tag-story","24":"tag-top-stories","25":"tag-topstories","26":"tag-vest-politidistrikt"},"share_on_mastodon":{"url":"https:\/\/pubeurope.com\/@no\/115849958762767208","error":""},"_links":{"self":[{"href":"https:\/\/www.europesays.com\/no\/wp-json\/wp\/v2\/posts\/130572","targetHints":{"allow":["GET"]}}],"collection":[{"href":"https:\/\/www.europesays.com\/no\/wp-json\/wp\/v2\/posts"}],"about":[{"href":"https:\/\/www.europesays.com\/no\/wp-json\/wp\/v2\/types\/post"}],"author":[{"embeddable":true,"href":"https:\/\/www.europesays.com\/no\/wp-json\/wp\/v2\/users\/2"}],"replies":[{"embeddable":true,"href":"https:\/\/www.europesays.com\/no\/wp-json\/wp\/v2\/comments?post=130572"}],"version-history":[{"count":0,"href":"https:\/\/www.europesays.com\/no\/wp-json\/wp\/v2\/posts\/130572\/revisions"}],"wp:featuredmedia":[{"embeddable":true,"href":"https:\/\/www.europesays.com\/no\/wp-json\/wp\/v2\/media\/130573"}],"wp:attachment":[{"href":"https:\/\/www.europesays.com\/no\/wp-json\/wp\/v2\/media?parent=130572"}],"wp:term":[{"taxonomy":"category","embeddable":true,"href":"https:\/\/www.europesays.com\/no\/wp-json\/wp\/v2\/categories?post=130572"},{"taxonomy":"post_tag","embeddable":true,"href":"https:\/\/www.europesays.com\/no\/wp-json\/wp\/v2\/tags?post=130572"}],"curies":[{"name":"wp","href":"https:\/\/api.w.org\/{rel}","templated":true}]}}