{"id":130580,"date":"2026-01-06T20:13:10","date_gmt":"2026-01-06T20:13:10","guid":{"rendered":"https:\/\/www.europesays.com\/no\/130580\/"},"modified":"2026-01-06T20:13:10","modified_gmt":"2026-01-06T20:13:10","slug":"nyheter-fritt-ord-denne-prisen-er-ikke-bare-til-meg-den-er-til-alle-som-fortsatt-er-tause","status":"publish","type":"post","link":"https:\/\/www.europesays.com\/no\/130580\/","title":{"rendered":"Nyheter, Fritt ord | \u2013 Denne prisen er ikke bare til meg. Den er til alle som fortsatt er tause"},"content":{"rendered":"<p>Ytringsfrihet handler ikke bare om retten til \u00e5 snakke.<\/p>\n<p>Den handler om muligheten til \u00e5 bli h\u00f8rt. <\/p>\n<p>Og om motet til \u00e5 bruke stemmen sin, selv n\u00e5r den skjelver. <\/p>\n<p>Kj\u00e6re alle sammen, <\/p>\n<p>tusen takk for denne prisen. <\/p>\n<p>\u00c5 st\u00e5 her i dag og ta imot en pris for \u00abFritt ord\u00bb er b\u00e5de stort, r\u00f8rende \u2013 og \u00e6rlig talt litt overveldende. <\/p>\n<p>I mange \u00e5r var stillhet min m\u00e5te \u00e5 overleve p\u00e5. <\/p>\n<p>Da jeg var mellom 13 og 15 \u00e5r gammel, opplevde jeg overgrep fra en person som hadde makt, tillit og en offentlig posisjon som profilert ordf\u00f8rer. Han ble d\u00f8mt. Rettferdigheten skjedde i retten. Men stemmen min forble lenge stille. <\/p>\n<p>Jeg var ung. <\/p>\n<p>Jeg var redd. <\/p>\n<p>Og jeg bar p\u00e5 en f\u00f8lelse av ansvar og skam som aldri burde v\u00e6rt min. <\/p>\n<p>Derfor valgte jeg \u00e5 holde navnet mitt skjult. Ikke fordi jeg ikke hadde noe \u00e5 si \u2013 men fordi det kostet for mye \u00e5 si det h\u00f8yt. <\/p>\n<p>\u00c5rene gikk, men historien forsvant ikke. Den levde i meg. Og etter hvert vokste det frem et behov for \u00e5 ta den tilbake. Ikke som et offer, men som et menneske med en stemme. <\/p>\n<p>Da vi startet podkasten \u00abJenta og ordf\u00f8reren\u00bb, kjente jeg at tiden var inne. <\/p>\n<p>Ikke fordi det var enkelt. <\/p>\n<p>Men fordi det var n\u00f8dvendig. <\/p>\n<p>\u00c5 fortelle min historie offentlig handlet ikke om hevn. Det handlet om sannhet. Om \u00e5 vise hva som kan skje n\u00e5r makt misbrukes \u2013 og hvor vanskelig det er \u00e5 st\u00e5 opp n\u00e5r man er ung, alene og liten i m\u00f8te med systemer og autoriteter. <\/p>\n<p>Ytringsfrihet handler ikke bare om retten til \u00e5 snakke. <\/p>\n<p>Den handler om muligheten til \u00e5 bli h\u00f8rt. <\/p>\n<p>Og om motet til \u00e5 bruke stemmen sin, selv n\u00e5r den skjelver. <\/p>\n<p>Denne prisen er ikke bare til meg. <\/p>\n<p>Den er til alle som fortsatt er tause. <\/p>\n<p>Til dem som ikke er klare enn\u00e5. <\/p>\n<p>Til dem som tror at deres historie ikke betyr noe. <\/p>\n<p>Den gj\u00f8r det. <\/p>\n<p>Du gj\u00f8r det. <\/p>\n<p>Jeg h\u00e5per min \u00e5penhet kan bidra til at flere t\u00f8r \u00e5 snakke \u2013 og at vi som samfunn blir flinkere til \u00e5 lytte, tro og ta ansvar. Spesielt n\u00e5r det er barn og unge som sier ifra. <\/p>\n<p>Tusen takk for anerkjennelsen. <\/p>\n<p>Tusen takk for tilliten. <\/p>\n<p>Og takk for at fritt ord ogs\u00e5 rommer de historiene som er vonde \u00e5 h\u00f8re \u2013 men helt n\u00f8dvendige \u00e5 fortelle.<\/p>\n","protected":false},"excerpt":{"rendered":"Ytringsfrihet handler ikke bare om retten til \u00e5 snakke. Den handler om muligheten til \u00e5 bli h\u00f8rt. Og&hellip;\n","protected":false},"author":2,"featured_media":130581,"comment_status":"","ping_status":"","sticky":false,"template":"","format":"standard","meta":{"footnotes":""},"categories":[10],"tags":[36,20,21,24,25,3689,15,22,23,13,30,28,29,14,16,1510,26,27,3492],"class_list":{"0":"post-130580","1":"post","2":"type-post","3":"status-publish","4":"format-standard","5":"has-post-thumbnail","7":"category-norge","8":"tag-art","9":"tag-breaking-news","10":"tag-breakingnews","11":"tag-featured-news","12":"tag-featurednews","13":"tag-fritt-ord","14":"tag-headlines","15":"tag-latest-news","16":"tag-latestnews","17":"tag-news","18":"tag-no","19":"tag-norge","20":"tag-norway","21":"tag-nyheter","22":"tag-overskrifter","23":"tag-story","24":"tag-top-stories","25":"tag-topstories","26":"tag-ytringsfrihet"},"share_on_mastodon":{"url":"https:\/\/pubeurope.com\/@no\/115849986227883618","error":""},"_links":{"self":[{"href":"https:\/\/www.europesays.com\/no\/wp-json\/wp\/v2\/posts\/130580","targetHints":{"allow":["GET"]}}],"collection":[{"href":"https:\/\/www.europesays.com\/no\/wp-json\/wp\/v2\/posts"}],"about":[{"href":"https:\/\/www.europesays.com\/no\/wp-json\/wp\/v2\/types\/post"}],"author":[{"embeddable":true,"href":"https:\/\/www.europesays.com\/no\/wp-json\/wp\/v2\/users\/2"}],"replies":[{"embeddable":true,"href":"https:\/\/www.europesays.com\/no\/wp-json\/wp\/v2\/comments?post=130580"}],"version-history":[{"count":0,"href":"https:\/\/www.europesays.com\/no\/wp-json\/wp\/v2\/posts\/130580\/revisions"}],"wp:featuredmedia":[{"embeddable":true,"href":"https:\/\/www.europesays.com\/no\/wp-json\/wp\/v2\/media\/130581"}],"wp:attachment":[{"href":"https:\/\/www.europesays.com\/no\/wp-json\/wp\/v2\/media?parent=130580"}],"wp:term":[{"taxonomy":"category","embeddable":true,"href":"https:\/\/www.europesays.com\/no\/wp-json\/wp\/v2\/categories?post=130580"},{"taxonomy":"post_tag","embeddable":true,"href":"https:\/\/www.europesays.com\/no\/wp-json\/wp\/v2\/tags?post=130580"}],"curies":[{"name":"wp","href":"https:\/\/api.w.org\/{rel}","templated":true}]}}