{"id":130602,"date":"2026-01-06T20:30:09","date_gmt":"2026-01-06T20:30:09","guid":{"rendered":"https:\/\/www.europesays.com\/no\/130602\/"},"modified":"2026-01-06T20:30:09","modified_gmt":"2026-01-06T20:30:09","slug":"per-sandberg-16-ukers-helvete","status":"publish","type":"post","link":"https:\/\/www.europesays.com\/no\/130602\/","title":{"rendered":"Per Sandberg, 16 ukers helvete"},"content":{"rendered":"\n<p>Mandag denne uken var det premiere p\u00e5 en ny sesong av \u00ab16 ukers helvete\u00bb, der tidligere Frp-topp og fiskeriminister Per Sandberg (65) er blant deltakerne.<\/p>\n<p><b>Les ogs\u00e5: <a rel=\"Follow nofollow noopener\" href=\"https:\/\/www.nettavisen.no\/kjendis\/avslorer-ukjente-detaljer-fra-produksjonen-var-ikke-bekreftet\/s\/5-95-2739832\" target=\"_blank\">Avsl\u00f8rer ukjente detaljer fra produksjonen: \u2013 Var ikke bekreftet<\/a><\/b><\/p>\n<p>I f\u00f8rste episode f\u00e5r 65-\u00e5ringen en brutal beskjed n\u00e5r han g\u00e5r gjennom en helsesjekk med lege Harald Meling Dobloug, som er et nytt tilskudd i programmet i \u00e5r.<\/p>\n<p>Sandberg f\u00e5r vite at han er syk og lider av diabetes, og at den fysiske alderen hans er 82 \u00e5r.<\/p>\n<p>\u2013 Jeg var r\u00e5tten<\/p>\n<p>Per Sandberg avsl\u00f8rer at den brutale beskjeden fra legen var ventet.<\/p>\n<p>\u2013 Det var ingen overraskelse, jeg hadde f\u00e5tt beskjeder om det tidligere, sier Sandberg til Nettavisen.<\/p>\n<p>65-\u00e5ringen er sv\u00e6rt glad for \u00e5 ha f\u00e5tt eksperthjelp av Harald Meling Dobloug, Martin Johnsrud Sundby og Anette Skarpaas Ramm.<\/p>\n<p>    Vil du se neste video?<\/p>\n<p>    <a href=\"https:\/\/www.nettavisen.no\/nyheter\/ukrainsk-jagerfly-odelegger-for-vladimir-putin-i-pokrovsk\/v\/5-95-2807927\" class=\"recommend-poster\" data-adp-clicklabel=\"video-recommend\" data-adp-clickvalue=\"poster\" rel=\"nofollow noopener\" target=\"_blank\"><br \/>\n      <img decoding=\"async\" width=\"200\" height=\"200\" loading=\"lazy\" src=\"https:\/\/www.europesays.com\/no\/wp-content\/uploads\/2026\/01\/JAGERFLY+BREDDE.jpg\" alt=\"\" class=\"brick-c-cFOWSL\" style=\"--brick-image-ratio: 200 \/ 200;\"\/><\/p>\n<p>Nye bilder: Rammer Putin hardt0:41<\/p>\n<p>    <\/a><\/p>\n<p>\u2013 Jeg var rett og slett r\u00e5tten, og fikk en mulighet til \u00e5 gj\u00f8re noe med det gjennom \u00ab16 ukers helvete\u00bb. Det er jeg evig takknemlig for. Med en biologisk alder som avsl\u00f8rte store helseproblemer, fikk jeg en privilegert plass i programmet, sier Per Sandberg til Nettavisen.<\/p>\n<p>Sandberg sier at han ikke har opplevd noen symptomer p\u00e5 diabetes.<\/p>\n<p>\u2013 N\u00e5r du er i s\u00e5 d\u00e5rlig form, tror du at det er slik det skal v\u00e6re. Men den biologiske alderen p\u00e5 82 \u00e5r er det som virkelig setter et stempel og vekker deg, forklarer den tidligere nestlederen i Frp.<\/p>\n<p><b>Les ogs\u00e5: <a href=\"https:\/\/www.nettavisen.no\/kjendis\/per-sandberg-65-tar-med-kjaresten-lucky-39-til-norge-ma-legge-fram-bevis\/s\/5-95-2737784\" rel=\"Follow nofollow noopener\" target=\"_blank\">Per Sandberg tar med Lucky (39) til Norge: \u2013 M\u00e5 legge fram bevis<\/a><\/b><\/p>\n<p>\u2013 N\u00e5r jeg kan, kan alle<\/p>\n<p>Opp gjennom \u00e5rene har Sandberg fors\u00f8kt \u00e5 v\u00e6re flink med trening og kosthold, uten \u00e5 lykkes.<\/p>\n<p>\u2013 Jeg har v\u00e6rt opp og ned, tatt noen krafttak for \u00e5 bedre helsen, men alltid falt tilbake i bedagelighet.<\/p>\n<p>Deltakelsen i \u00ab16 ukers helvete\u00bb har gitt 65-\u00e5ringen stor helsegevinst.<\/p>\n<p>    Vil du se neste video?<\/p>\n<p>    <a href=\"https:\/\/www.nettavisen.no\/nyheter\/ukrainsk-jagerfly-odelegger-for-vladimir-putin-i-pokrovsk\/v\/5-95-2807927\" class=\"recommend-poster\" data-adp-clicklabel=\"video-recommend\" data-adp-clickvalue=\"poster\" rel=\"nofollow noopener\" target=\"_blank\"><br \/>\n      <img decoding=\"async\" width=\"200\" height=\"200\" loading=\"lazy\" src=\"https:\/\/www.europesays.com\/no\/wp-content\/uploads\/2026\/01\/JAGERFLY+BREDDE.jpg\" alt=\"\" class=\"brick-c-cFOWSL\" style=\"--brick-image-ratio: 200 \/ 200;\"\/><\/p>\n<p>Nye bilder: Rammer Putin hardt0:41<\/p>\n<p>    <\/a><\/p>\n<p>\u2013 N\u00e5r jeg kan, s\u00e5 kan alle. Mine helserapporter viser n\u00e5 parametere som er innenfor. Jeg anbefaler alle \u00e5 f\u00f8lge \u00ab16 ukers helvete\u00bb, for man trenger ikke ofre alt for \u00e5 gi kropp og sjel en fornyelse, sier han.<\/p>\n<p>Femte sesong av \u00ab16 ukers helvete\u00bb hadde premiere mandag denne uken.<\/p>\n<p><b>Les ogs\u00e5: <a href=\"https:\/\/www.nettavisen.no\/kjendis\/mesternes-mester-nattesten-endret-etter-klagestorm-mot-nrk-fjerner-fordelen\/s\/5-95-2795051\" rel=\"Follow nofollow noopener\" target=\"_blank\">Klagestorm i fjor: Bekrefter endring<\/a><\/b><\/p>\n<p>I tillegg til Per Sandberg, best\u00e5r deltakerne av Andreas \u00abTIX\u00bb Haukeland, Kasper Wikestad, Aurora Hoff, Henrik Overaa Bj\u00f8rnsson og Lise Karlsnes.<\/p>\n<p>Nytt for femte sesong er at ogs\u00e5 lege Harald Meling Dobloug rykker inn p\u00e5 trenersiden for gi en helhetlig og medisinsk vurdering av deltakernes helsetilstand.<\/p>\n<p>    Vil du se neste video?<\/p>\n<p>    <a href=\"https:\/\/www.nettavisen.no\/nyheter\/ukrainsk-jagerfly-odelegger-for-vladimir-putin-i-pokrovsk\/v\/5-95-2807927\" class=\"recommend-poster\" data-adp-clicklabel=\"video-recommend\" data-adp-clickvalue=\"poster\" rel=\"nofollow noopener\" target=\"_blank\"><br \/>\n      <img decoding=\"async\" width=\"200\" height=\"200\" loading=\"lazy\" src=\"https:\/\/www.europesays.com\/no\/wp-content\/uploads\/2026\/01\/JAGERFLY+BREDDE.jpg\" alt=\"\" class=\"brick-c-cFOWSL\" style=\"--brick-image-ratio: 200 \/ 200;\"\/><\/p>\n<p>Nye bilder: Rammer Putin hardt0:41<\/p>\n<p>    <\/a><\/p>\n","protected":false},"excerpt":{"rendered":"Mandag denne uken var det premiere p\u00e5 en ny sesong av \u00ab16 ukers helvete\u00bb, der tidligere Frp-topp og&hellip;\n","protected":false},"author":2,"featured_media":130603,"comment_status":"","ping_status":"","sticky":false,"template":"","format":"standard","meta":{"footnotes":""},"categories":[58],"tags":[71,30,28,29,72],"class_list":{"0":"post-130602","1":"post","2":"type-post","3":"status-publish","4":"format-standard","5":"has-post-thumbnail","7":"category-underholdning","8":"tag-entertainment","9":"tag-no","10":"tag-norge","11":"tag-norway","12":"tag-underholdning"},"share_on_mastodon":{"url":"https:\/\/pubeurope.com\/@no\/115850053227498051","error":""},"_links":{"self":[{"href":"https:\/\/www.europesays.com\/no\/wp-json\/wp\/v2\/posts\/130602","targetHints":{"allow":["GET"]}}],"collection":[{"href":"https:\/\/www.europesays.com\/no\/wp-json\/wp\/v2\/posts"}],"about":[{"href":"https:\/\/www.europesays.com\/no\/wp-json\/wp\/v2\/types\/post"}],"author":[{"embeddable":true,"href":"https:\/\/www.europesays.com\/no\/wp-json\/wp\/v2\/users\/2"}],"replies":[{"embeddable":true,"href":"https:\/\/www.europesays.com\/no\/wp-json\/wp\/v2\/comments?post=130602"}],"version-history":[{"count":0,"href":"https:\/\/www.europesays.com\/no\/wp-json\/wp\/v2\/posts\/130602\/revisions"}],"wp:featuredmedia":[{"embeddable":true,"href":"https:\/\/www.europesays.com\/no\/wp-json\/wp\/v2\/media\/130603"}],"wp:attachment":[{"href":"https:\/\/www.europesays.com\/no\/wp-json\/wp\/v2\/media?parent=130602"}],"wp:term":[{"taxonomy":"category","embeddable":true,"href":"https:\/\/www.europesays.com\/no\/wp-json\/wp\/v2\/categories?post=130602"},{"taxonomy":"post_tag","embeddable":true,"href":"https:\/\/www.europesays.com\/no\/wp-json\/wp\/v2\/tags?post=130602"}],"curies":[{"name":"wp","href":"https:\/\/api.w.org\/{rel}","templated":true}]}}