{"id":130609,"date":"2026-01-06T20:37:10","date_gmt":"2026-01-06T20:37:10","guid":{"rendered":"https:\/\/www.europesays.com\/no\/130609\/"},"modified":"2026-01-06T20:37:10","modified_gmt":"2026-01-06T20:37:10","slug":"trondermobil-pa-tur-opp-i-rindal","status":"publish","type":"post","link":"https:\/\/www.europesays.com\/no\/130609\/","title":{"rendered":"Tr\u00f8ndermobil p\u00e5 tur opp i Rindal"},"content":{"rendered":"<p>\n        Fredrik Oftedal, daglig leder i Tr\u00f8ndermobil<br \/>\n        Foto: Privat\n    <\/p>\n<p>\u2013 Tr\u00f8ndermobil har p\u00e5 kort tid blitt markedsledende<br \/>\ni Rindal kommune. Sj\u00f8l om Tr\u00f8ndermobil er nyoppstarta, har mange rindalinger<br \/>\nallerede valgt oss \u2013 og det setter vi stor pris p\u00e5, sier daglig leder Fredrik<br \/>\nOftedal<\/p>\n<p>Folk i Rindal vet at dekning har mye \u00e5 si,\u00a0 p\u00e5peker han. Med<br \/>\nTr\u00f8ndermobil f\u00e5r du dekning i Telenor sitt nett, som betyr at mobilen funke b\u00e5de i bygda, p\u00e5 jobb og n\u00e5r du er ute i skog og mark. Det gir trygghet i<br \/>\nhverdagen.<\/p>\n<p>\u2013 Tr\u00f8ndermobil er et lokalt produkt, laget for oss tr\u00f8ndere.<br \/>\nVi \u00f8nske \u00e5 v\u00e6r n\u00e6r kundene v\u00e5re, snakke samme spr\u00e5k og forst\u00e5 behovene som finnes i<br \/>\nei bygd som Rindal. Det er viktig for oss \u00e5 v\u00e6re tilgjengelig og lette \u00e5 ha med \u00e5<br \/>\ngj\u00f8re, fortsetter Oftedal.<\/p>\n<p>Han forteller at Tr\u00f8ndermobil siden oppstarten har vunnet prisen &laquo;Kundefavoritt&raquo; p\u00e5 Norges<br \/>\nst\u00f8rste sammenligningstjeneste. Dette er i samsvar med selskapets ambisjon om \u00e5 v\u00e6re best p\u00e5 pris, kundetilfredshet og tekniske l\u00f8sninger.<\/p>\n<p>\u2013 Vi har spesielt opplevd en god vekst fra Telenorkunder, ettersom de f\u00e5r samme produkt, full Telenor dekning, data sikkerhet inkludert, men n\u00e5 ogs\u00e5 et lokalt og realt produkt for oss tr\u00f8ndere, avslutter Oftedal.\u00a0<\/p>\n<p>Oftedal forteller at han har en plan om \u00e5\u00a0 turen til Rindal i l\u00f8pet av n\u00e6rmeste framtid,\u00a0 og servere kaffe og kake for \u00e5 feire at Tr\u00f8ndermobil har blitt markedsledende.<\/p>\n<p class=\"italic m-italic\" data-lab-italic=\"italic\">Tr\u00f8ndermobil er medlem av Trollheimsporten.<\/p>\n","protected":false},"excerpt":{"rendered":"Fredrik Oftedal, daglig leder i Tr\u00f8ndermobil Foto: Privat \u2013 Tr\u00f8ndermobil har p\u00e5 kort tid blitt markedsledende i Rindal&hellip;\n","protected":false},"author":2,"featured_media":130610,"comment_status":"","ping_status":"","sticky":false,"template":"","format":"standard","meta":{"footnotes":""},"categories":[58],"tags":[71,30,28,29,72],"class_list":{"0":"post-130609","1":"post","2":"type-post","3":"status-publish","4":"format-standard","5":"has-post-thumbnail","7":"category-underholdning","8":"tag-entertainment","9":"tag-no","10":"tag-norge","11":"tag-norway","12":"tag-underholdning"},"share_on_mastodon":{"url":"https:\/\/pubeurope.com\/@no\/115850080578896708","error":""},"_links":{"self":[{"href":"https:\/\/www.europesays.com\/no\/wp-json\/wp\/v2\/posts\/130609","targetHints":{"allow":["GET"]}}],"collection":[{"href":"https:\/\/www.europesays.com\/no\/wp-json\/wp\/v2\/posts"}],"about":[{"href":"https:\/\/www.europesays.com\/no\/wp-json\/wp\/v2\/types\/post"}],"author":[{"embeddable":true,"href":"https:\/\/www.europesays.com\/no\/wp-json\/wp\/v2\/users\/2"}],"replies":[{"embeddable":true,"href":"https:\/\/www.europesays.com\/no\/wp-json\/wp\/v2\/comments?post=130609"}],"version-history":[{"count":0,"href":"https:\/\/www.europesays.com\/no\/wp-json\/wp\/v2\/posts\/130609\/revisions"}],"wp:featuredmedia":[{"embeddable":true,"href":"https:\/\/www.europesays.com\/no\/wp-json\/wp\/v2\/media\/130610"}],"wp:attachment":[{"href":"https:\/\/www.europesays.com\/no\/wp-json\/wp\/v2\/media?parent=130609"}],"wp:term":[{"taxonomy":"category","embeddable":true,"href":"https:\/\/www.europesays.com\/no\/wp-json\/wp\/v2\/categories?post=130609"},{"taxonomy":"post_tag","embeddable":true,"href":"https:\/\/www.europesays.com\/no\/wp-json\/wp\/v2\/tags?post=130609"}],"curies":[{"name":"wp","href":"https:\/\/api.w.org\/{rel}","templated":true}]}}