{"id":130617,"date":"2026-01-06T20:45:11","date_gmt":"2026-01-06T20:45:11","guid":{"rendered":"https:\/\/www.europesays.com\/no\/130617\/"},"modified":"2026-01-06T20:45:11","modified_gmt":"2026-01-06T20:45:11","slug":"sarah-shahi-avslorer-brudd-med-adam-demos-etter-fem-ar","status":"publish","type":"post","link":"https:\/\/www.europesays.com\/no\/130617\/","title":{"rendered":"Sarah Shahi avsl\u00f8rer brudd med Adam Demos etter fem \u00e5r"},"content":{"rendered":"<p class=\"kicker t20\" style=\"\">Sarah Shahi:\u00a0<\/p>\n<p>  Skuespilleren fant kj\u00e6rligheten p\u00e5 filmsettet. N\u00e5 er forholdet over.\u00a0<\/p>\n<p>\n    SLUTT: Sarah Shahi og Adam Demos utviklet ogs\u00e5 f\u00f8lelser for hverandre utenfor TV-skjermen. Foto: Skjermdump fra Instagram\n  <\/p>\n<p>Skuespillerne Sarah Shahi (45) og Adam Demos (40) m\u00f8ttes under innspillingen av den mye omtalte Netflix-serien \u00abSex\/Life\u00bb i 2021. I rollene som Billie og Brad opplevde de en intens kjemi &#8211; som senere ogs\u00e5 utviklet seg utenfor TV-skjermen.\u00a0<\/p>\n<p>    <a itemprop=\"url\" href=\"https:\/\/www.seher.no\/kjendis\/bekrefter-forholdet\/84055425\" rel=\"nofollow noopener\" target=\"_blank\"><\/p>\n<p>        <img loading=\"lazy\" decoding=\"async\" src=\"https:\/\/www.europesays.com\/no\/wp-content\/uploads\/2026\/01\/1767732310_544_84055486.webp.webp\" width=\"147\" height=\"98\" title=\"Bekrefter forholdet\" alt=\"\" class=\"lazyload\" style=\"--aspect-ratio-image: 1.50; \"\/><\/p>\n<p>        Bekrefter forholdet<\/p>\n<p>    <\/a><\/p>\n<p>Etter fem \u00e5r som kj\u00e6rester bekrefter Sarah n\u00e5 at forholdet med Demos tok slutt for nesten ni m\u00e5neder siden. Det skriver flere utenlandske medier, deriblant <a href=\"https:\/\/www.usmagazine.com\/entertainment\/news\/sarah-shahi-reflects-on-divorce-career-challenges-and-sex-tips-excl\/\" rel=\"nofollow noopener\" target=\"_blank\">Us Weekly<\/a>.\u00a0<\/p>\n<p>        \u00abGIRLS OF OSLO\u00bb: Sophie Elise \u00e5pner seg om bruddet. Video: \u00abGirls of Oslo\u00bb\/Prime Video<\/p>\n<p>N\u00e5 reflekterer skuespilleren over hjertesorgen og hvordan det var \u00e5 ha et forhold i offentligheten.<\/p>\n<p class=\"font-weight-bold m-font-weight-bold\" data-lab-font_weight=\"font-weight-bold\">&#8211; Det var et element av forholdet som folk virkelig f\u00f8lte tilh\u00f8rte dem, noe som var veldig s\u00f8tt og hjertevarmende. Baksiden av det er at n\u00e5r ting tar slutt, f\u00f8les det som om du g\u00e5r gjennom det to ganger, sier Sarah til magasinet.\u00a0<\/p>\n<p>45-\u00e5ringen fortsetter:\u00a0<\/p>\n<p>&#8211; Du g\u00e5r gjennom det f\u00f8lelsesmessig p\u00e5 et personlig niv\u00e5, og s\u00e5 g\u00e5r du gjennom det igjen p\u00e5 et mye st\u00f8rre niv\u00e5.<\/p>\n<p>    <a itemprop=\"url\" href=\"https:\/\/www.seher.no\/kjendis\/roper-brudd\/83683952\" rel=\"nofollow noopener\" target=\"_blank\"><\/p>\n<p>        <img loading=\"lazy\" decoding=\"async\" src=\"https:\/\/www.europesays.com\/no\/wp-content\/uploads\/2026\/01\/1767732310_939_83684030.webp.webp\" width=\"147\" height=\"98\" title=\"R\u00f8per brudd\" alt=\"\" class=\"lazyload\" style=\"--aspect-ratio-image: 1.50; \"\/><\/p>\n<p>        R\u00f8per brudd<\/p>\n<p>    <\/a><\/p>\n<p>Sarah var tidligere gift med skuespilleren Steve Howey (48), men kunngjorde i 2020 at de skulle skilles. Sammen har de s\u00f8nnen William (16) og tvillingene Violet og Knox (10).<\/p>\n<p>        <img loading=\"lazy\" decoding=\"async\" src=\"https:\/\/www.europesays.com\/no\/wp-content\/uploads\/2026\/01\/84064150.webp.webp\" width=\"667\" height=\"474\" title=\"FALT FOR HVERANDRE: Adam Demos og Sarah Shahi falt for hverandre under innspillingen av Netflix-serien \u00abSex\/Life\u00bb og var kj\u00e6rester i fem \u00e5r. Foto: Skjermdump fra Instagram\" alt=\"\" class=\"\" style=\"--aspect-ratio-image: 1.41; \"\/><\/p>\n<p>\n        FALT FOR HVERANDRE: Adam Demos og Sarah Shahi falt for hverandre under innspillingen av Netflix-serien \u00abSex\/Life\u00bb og var kj\u00e6rester i fem \u00e5r. Foto: Skjermdump fra Instagram\n    <\/p>\n<p class=\"font-weight-normal m-font-weight-normal\" data-lab-font_weight=\"font-weight-normal\">Da det gjaldt romansen med Adam etter skilsmissen, tok det tid f\u00f8r gnisten oppsto, if\u00f8lge henne.\u00a0<\/p>\n<p>&#8211; Vi m\u00f8tte hverandre, og det var ikke umiddelbart. Det skjedde over tid, det handlet om \u00e5 bli kjent med ham som person og se hvor sammenfallende verdiene v\u00e5re var, minnes Sarah.<\/p>\n","protected":false},"excerpt":{"rendered":"Sarah Shahi:\u00a0 Skuespilleren fant kj\u00e6rligheten p\u00e5 filmsettet. N\u00e5 er forholdet over.\u00a0 SLUTT: Sarah Shahi og Adam Demos utviklet&hellip;\n","protected":false},"author":2,"featured_media":130618,"comment_status":"","ping_status":"","sticky":false,"template":"","format":"standard","meta":{"footnotes":""},"categories":[58],"tags":[15168,4085,71,479,2543,30,28,29,15167,72],"class_list":{"0":"post-130617","1":"post","2":"type-post","3":"status-publish","4":"format-standard","5":"has-post-thumbnail","7":"category-underholdning","8":"tag-adam-demos","9":"tag-brudd","10":"tag-entertainment","11":"tag-kjendis","12":"tag-kjendisdesken","13":"tag-no","14":"tag-norge","15":"tag-norway","16":"tag-sarah-shahi","17":"tag-underholdning"},"share_on_mastodon":{"url":"https:\/\/pubeurope.com\/@no\/115850112092025988","error":""},"_links":{"self":[{"href":"https:\/\/www.europesays.com\/no\/wp-json\/wp\/v2\/posts\/130617","targetHints":{"allow":["GET"]}}],"collection":[{"href":"https:\/\/www.europesays.com\/no\/wp-json\/wp\/v2\/posts"}],"about":[{"href":"https:\/\/www.europesays.com\/no\/wp-json\/wp\/v2\/types\/post"}],"author":[{"embeddable":true,"href":"https:\/\/www.europesays.com\/no\/wp-json\/wp\/v2\/users\/2"}],"replies":[{"embeddable":true,"href":"https:\/\/www.europesays.com\/no\/wp-json\/wp\/v2\/comments?post=130617"}],"version-history":[{"count":0,"href":"https:\/\/www.europesays.com\/no\/wp-json\/wp\/v2\/posts\/130617\/revisions"}],"wp:featuredmedia":[{"embeddable":true,"href":"https:\/\/www.europesays.com\/no\/wp-json\/wp\/v2\/media\/130618"}],"wp:attachment":[{"href":"https:\/\/www.europesays.com\/no\/wp-json\/wp\/v2\/media?parent=130617"}],"wp:term":[{"taxonomy":"category","embeddable":true,"href":"https:\/\/www.europesays.com\/no\/wp-json\/wp\/v2\/categories?post=130617"},{"taxonomy":"post_tag","embeddable":true,"href":"https:\/\/www.europesays.com\/no\/wp-json\/wp\/v2\/tags?post=130617"}],"curies":[{"name":"wp","href":"https:\/\/api.w.org\/{rel}","templated":true}]}}