{"id":13062,"date":"2025-08-20T10:31:19","date_gmt":"2025-08-20T10:31:19","guid":{"rendered":"https:\/\/www.europesays.com\/no\/13062\/"},"modified":"2025-08-20T10:31:19","modified_gmt":"2025-08-20T10:31:19","slug":"vaer-hamar-na-synker-temperaturen-jeg-tror-sommeren-er-over-sann-sett","status":"publish","type":"post","link":"https:\/\/www.europesays.com\/no\/13062\/","title":{"rendered":"V\u00e6r, Hamar | N\u00e5 synker temperaturen: \u2013 Jeg tror sommeren er over s\u00e5nn sett"},"content":{"rendered":"\n<p>Mens uka startet med en temperatur p\u00e5 langt over 20 plussgrader p\u00e5 Hedmarken, blir slutten av uka noe helt annet.<\/p>\n<p>If\u00f8lge yr.no skal temperaturen synke mye i l\u00f8pet av de neste dagene \u2013 og natt til l\u00f8rdag er det ventet helt ned mot fire grader.<\/p>\n<p>\u2013 Det n\u00e6rmer seg litt mer h\u00f8stlige temperaturer, sier vakthavende meteorolog Ingrid Bentsen ved Meteorologisk institutt til HA.<\/p>\n<p>\u2013 Kan ikke bli sjokkert<\/p>\n<p>Meteorologen forklarer at h\u00f8ytrykket som har ligget over oss en stund flytter seg, og denne uka f\u00e5r vi nordavind.<\/p>\n<p>Det betyr at vi f\u00e5r en kj\u00f8ligere luft enn vi har hatt de siste dagene.<\/p>\n<p>Mens det i fjellet kan bli helt ned mot fire grader, blir det ikke fullt s\u00e5 kaldt i byen.<\/p>\n<p>\u2013 Jeg tror sommeren er over s\u00e5nn sett, hvis man vil ha lange perioder med 25 grader. Vi f\u00e5r heller h\u00e5pe p\u00e5 rundt 20, sier Bentsen.<\/p>\n<p>Samtidig mener meteorologen at det ikke er noe dramatisk i at temperaturen g\u00e5r nedover.<\/p>\n<p>\u2013 Man kan ikke bli sjokkert av lavere temperaturer n\u00e5, s\u00e6rlig i fjellet.<\/p>\n<p>F\u00e5r en annen v\u00e6rtype<\/p>\n<p>Det er ikke bare temperaturen som er i ferd med \u00e5 gj\u00f8re et skifte.<\/p>\n<p>Bentsen forteller at det vil v\u00e6re mye sol tirsdag, men fra og med onsdag kommer det byger.<\/p>\n<p>\u2013 Det blir en annen v\u00e6rtype enn vi har hatt den siste tiden \u2013 kanskje en som er mer normal for \u00e5rstiden, sier hun.<\/p>\n<p>If\u00f8lge henne er det ventet regnbyger b\u00e5de onsdag, torsdag, fredag og l\u00f8rdag.<\/p>\n<p>\u2013 Om det treffer akkurat der du er, er ikke sikkert, men det vil v\u00e6re byger til og fra.<\/p>\n<p>\u2013 Er det lov \u00e5 h\u00e5pe p\u00e5 at det kan snu litt og bli varmere og solrikt igjen?<\/p>\n<p>\u2013 Man kan h\u00e5pe p\u00e5 det, men det er vanskelig \u00e5 vite langt fram i tid. Det er god sjanse for at det blir en bedring av v\u00e6ret igjen p\u00e5 s\u00f8ndag og i starten av neste uke.<\/p>\n","protected":false},"excerpt":{"rendered":"Mens uka startet med en temperatur p\u00e5 langt over 20 plussgrader p\u00e5 Hedmarken, blir slutten av uka noe&hellip;\n","protected":false},"author":2,"featured_media":13063,"comment_status":"","ping_status":"","sticky":false,"template":"","format":"standard","meta":{"footnotes":""},"categories":[10],"tags":[36,20,21,24,25,1552,15,22,23,1272,13,30,28,29,14,16,1435,1551,1510,26,27,553],"class_list":{"0":"post-13062","1":"post","2":"type-post","3":"status-publish","4":"format-standard","5":"has-post-thumbnail","7":"category-norge","8":"tag-art","9":"tag-breaking-news","10":"tag-breakingnews","11":"tag-featured-news","12":"tag-featurednews","13":"tag-hamar","14":"tag-headlines","15":"tag-latest-news","16":"tag-latestnews","17":"tag-loten","18":"tag-news","19":"tag-no","20":"tag-norge","21":"tag-norway","22":"tag-nyheter","23":"tag-overskrifter","24":"tag-ringsaker","25":"tag-stange","26":"tag-story","27":"tag-top-stories","28":"tag-topstories","29":"tag-vaer"},"share_on_mastodon":{"url":"","error":""},"_links":{"self":[{"href":"https:\/\/www.europesays.com\/no\/wp-json\/wp\/v2\/posts\/13062","targetHints":{"allow":["GET"]}}],"collection":[{"href":"https:\/\/www.europesays.com\/no\/wp-json\/wp\/v2\/posts"}],"about":[{"href":"https:\/\/www.europesays.com\/no\/wp-json\/wp\/v2\/types\/post"}],"author":[{"embeddable":true,"href":"https:\/\/www.europesays.com\/no\/wp-json\/wp\/v2\/users\/2"}],"replies":[{"embeddable":true,"href":"https:\/\/www.europesays.com\/no\/wp-json\/wp\/v2\/comments?post=13062"}],"version-history":[{"count":0,"href":"https:\/\/www.europesays.com\/no\/wp-json\/wp\/v2\/posts\/13062\/revisions"}],"wp:featuredmedia":[{"embeddable":true,"href":"https:\/\/www.europesays.com\/no\/wp-json\/wp\/v2\/media\/13063"}],"wp:attachment":[{"href":"https:\/\/www.europesays.com\/no\/wp-json\/wp\/v2\/media?parent=13062"}],"wp:term":[{"taxonomy":"category","embeddable":true,"href":"https:\/\/www.europesays.com\/no\/wp-json\/wp\/v2\/categories?post=13062"},{"taxonomy":"post_tag","embeddable":true,"href":"https:\/\/www.europesays.com\/no\/wp-json\/wp\/v2\/tags?post=13062"}],"curies":[{"name":"wp","href":"https:\/\/api.w.org\/{rel}","templated":true}]}}