{"id":130646,"date":"2026-01-06T21:19:24","date_gmt":"2026-01-06T21:19:24","guid":{"rendered":"https:\/\/www.europesays.com\/no\/130646\/"},"modified":"2026-01-06T21:19:24","modified_gmt":"2026-01-06T21:19:24","slug":"fylkesgrense-til-besvaer-ht-no","status":"publish","type":"post","link":"https:\/\/www.europesays.com\/no\/130646\/","title":{"rendered":"Fylkesgrense til besv\u00e6r &#8211; ht.no"},"content":{"rendered":"<p>Skrevet av Steinar S\u00f8rensen.<\/p>\n<p><strong>Debatten om fylkesgrensen<\/strong> popper opp med ujevne mellomrom og ulik styrke.<\/p>\n<p><strong>Evenesordf\u00f8rer Terje Bartholsen<\/strong> tar til orde for utredning om fylkestilh\u00f8righet for Evenes. Dessverre fikk han ikke eget kommunestyre med seg. Eller, kanskje like bra, for utredning om fylkestilh\u00f8righet for Evenes b\u00f8r omfatte flere kommuner.<\/p>\n<p><strong>Ordf\u00f8reren i L\u00f8dingen <\/strong>Hugo Jacobsen foreskriver kraftigere lut, og foresl\u00e5r grensen flyttet til midt i Vestfjorden. Resepten st\u00f8ttes, kanskje med justeringer av doseringen.<\/p>\n<p><strong>Fylkesgrensen (tidligere amt) ble <\/strong>etablert i 1671 av danskekongen. Det har v\u00e6rt noen grensejusteringer etter dette, ikke minst som f\u00f8lge av regionreformen som ikke omfattet \u00abv\u00e5r\u00bb grense. Sp\u00f8rsm\u00e5let n\u00e5 er om en grense etablert for over 350 \u00e5r siden, for et helt annet form\u00e5l, fortsatt er tjenlig. Sett med dagens \u00f8yne synes den nesten g\u00e5tt opp i fylla, men likevel som skrevet i stein.<\/p>\n<p><strong>Paradokset er at <\/strong>fylkesgrensen er mye eldre enn riksgrensen, som ble reetablert s\u00e5 sent som i 1905. Andre grenser er justert ble ganger, Ofoten var f.eks. en kommune da kommunene ble etablert da Formannskapslovene ble vedtatt i 1837, mens L\u00f8dingen strakte seg til svenskegrensen.<\/p>\n<p><strong>Mange statlige etater,<\/strong> vesen, tilsyn og tjenester ser at dagens fylkesgrense ikke er tjenlig for sin organisering, og er organisert p\u00e5 tvers av fylkesgrensen. Det samme gjelder flere IKS\u00b4er og samarbeidsorgan som friluftsr\u00e5det og regionr\u00e5det. Sistnevnte \u2013 H\u00e5logalandsr\u00e5det \u2013 ble i sin tid stiftet nettopp som et avb\u00f8tende tiltak p\u00e5 de utfordringer som fylkesgrensen skaper.<\/p>\n<p><strong>Det hadde v\u00e6rt <\/strong>interessant med et interaktivt kart som viser alle organiseringer p\u00e5 tvers av grensen, utfordringen er gitt.<\/p>\n<p><strong>Fylkesgrensen er s\u00e5<\/strong> langt ikke fredet, endring b\u00f8r utredes og innbyggere involveres. Noe annet er rett og slett tafatt. Dette f\u00e5r vi til med god kunnskapstilgang, gjensidig respekt og god takh\u00f8yde. Og uten \u00e5 la oss inspirere av Trump.<\/p>\n<p><strong>S\u00e5 ordf\u00f8rere:<\/strong> Sett dere sammen med god tilgang p\u00e5 kaffe og toscakake. Vi slipper dere ut igjen n\u00e5r det er hvit r\u00f8yk over taket.<\/p>\n","protected":false},"excerpt":{"rendered":"Skrevet av Steinar S\u00f8rensen. Debatten om fylkesgrensen popper opp med ujevne mellomrom og ulik styrke. Evenesordf\u00f8rer Terje Bartholsen&hellip;\n","protected":false},"author":2,"featured_media":130647,"comment_status":"","ping_status":"","sticky":false,"template":"","format":"standard","meta":{"footnotes":""},"categories":[10],"tags":[20,21,9382,24,25,15171,15,22,23,4954,13,30,687,28,29,14,15172,16,26,27,2409],"class_list":{"0":"post-130646","1":"post","2":"type-post","3":"status-publish","4":"format-standard","5":"has-post-thumbnail","7":"category-norge","8":"tag-breaking-news","9":"tag-breakingnews","10":"tag-evenes","11":"tag-featured-news","12":"tag-featurednews","13":"tag-grensejusteringer","14":"tag-headlines","15":"tag-latest-news","16":"tag-latestnews","17":"tag-lodingen","18":"tag-news","19":"tag-no","20":"tag-nordland","21":"tag-norge","22":"tag-norway","23":"tag-nyheter","24":"tag-ofoten","25":"tag-overskrifter","26":"tag-top-stories","27":"tag-topstories","28":"tag-troms"},"share_on_mastodon":{"url":"https:\/\/pubeurope.com\/@no\/115850245750916234","error":""},"_links":{"self":[{"href":"https:\/\/www.europesays.com\/no\/wp-json\/wp\/v2\/posts\/130646","targetHints":{"allow":["GET"]}}],"collection":[{"href":"https:\/\/www.europesays.com\/no\/wp-json\/wp\/v2\/posts"}],"about":[{"href":"https:\/\/www.europesays.com\/no\/wp-json\/wp\/v2\/types\/post"}],"author":[{"embeddable":true,"href":"https:\/\/www.europesays.com\/no\/wp-json\/wp\/v2\/users\/2"}],"replies":[{"embeddable":true,"href":"https:\/\/www.europesays.com\/no\/wp-json\/wp\/v2\/comments?post=130646"}],"version-history":[{"count":0,"href":"https:\/\/www.europesays.com\/no\/wp-json\/wp\/v2\/posts\/130646\/revisions"}],"wp:featuredmedia":[{"embeddable":true,"href":"https:\/\/www.europesays.com\/no\/wp-json\/wp\/v2\/media\/130647"}],"wp:attachment":[{"href":"https:\/\/www.europesays.com\/no\/wp-json\/wp\/v2\/media?parent=130646"}],"wp:term":[{"taxonomy":"category","embeddable":true,"href":"https:\/\/www.europesays.com\/no\/wp-json\/wp\/v2\/categories?post=130646"},{"taxonomy":"post_tag","embeddable":true,"href":"https:\/\/www.europesays.com\/no\/wp-json\/wp\/v2\/tags?post=130646"}],"curies":[{"name":"wp","href":"https:\/\/api.w.org\/{rel}","templated":true}]}}