{"id":13065,"date":"2025-08-20T10:38:08","date_gmt":"2025-08-20T10:38:08","guid":{"rendered":"https:\/\/www.europesays.com\/no\/13065\/"},"modified":"2025-08-20T10:38:08","modified_gmt":"2025-08-20T10:38:08","slug":"aubrey-plaza-apner-opp-om-ektemannens-dod","status":"publish","type":"post","link":"https:\/\/www.europesays.com\/no\/13065\/","title":{"rendered":"Aubrey Plaza \u00e5pner opp om ektemannens d\u00f8d:"},"content":{"rendered":"<p class=\"kicker \" style=\"\">Aubrey Plaza:<\/p>\n<p>  For f\u00f8rste gang \u00e5pner \u00abThe White Lotus\u00bb-stjernen seg om tapet av ektemannen Jeff Baena, som tok sitt eget liv.<\/p>\n<p>\n    GIKK BORT: Jeff Baena ble bare 47 \u00e5r gammel. Her med kona Aubrey Plaza. Foto: Mediapunch \/ REX\n  <\/p>\n<p>3. januar ble filmskaper Jeff Baena funnet d\u00f8d i sitt eget hjem. Han hadde tatt sitt eget liv.\u00a0<\/p>\n<p>    <a itemprop=\"url\" href=\"https:\/\/www.seher.no\/kjendis\/bekrefter-dodsarsak\/82468279\" rel=\"nofollow noopener\" target=\"_blank\"><\/p>\n<p>      <img loading=\"lazy\" decoding=\"async\" src=\"https:\/\/www.europesays.com\/no\/wp-content\/uploads\/2025\/08\/82468310.webp\" width=\"980\" height=\"441\" title=\"Bekrefter d\u00f8ds\u00e5rsak\" alt=\"\" class=\"lazyload\" style=\"--aspect-ratio-image: 2.22; \"\/><\/p>\n<p>        Bekrefter d\u00f8ds\u00e5rsak<\/p>\n<p>    <\/a><\/p>\n<p> Baena,\u00a0best kjent som regiss\u00f8r for filmene \u00abLife After Beth\u00bb og \u00abThe Little Hours\u00bb, ble bare 47 \u00e5r gammel. Han etterlot seg kona Aubrey Plaza (41), som han hadde v\u00e6rt kj\u00e6reste med i over ti \u00e5r.<\/p>\n<p>N\u00e5 \u00e5pner Plaza seg for f\u00f8rste gang om tapet av ektemannen.<\/p>\n<p>    Trenger du noen \u00e5 snakke med?<\/p>\n<ul>\n<li>Ring 113: Ved akutt fare for selvmord, ring 113 umiddelbart. Ring heller en gang for mye enn en gang for lite.<\/li>\n<li>Mental Helse tilbyr d\u00f8gn\u00e5pen telefontjeneste og nettjeneste for alle som trenger noen \u00e5 snakke med. Ring 116 123 eller g\u00e5 inn p\u00e5\u00a0<a href=\"https:\/\/sidetmedord.mentalhelse.no\/\" rel=\"nofollow noopener\" target=\"_blank\">Sidetmedord.no<\/a>.<\/li>\n<li><a href=\"https:\/\/mentalhelseungdom.no\/fa-hjelp\/\" rel=\"nofollow noopener\" target=\"_blank\">Mental Helse Ungdom tilbyr chat<\/a>\u00a0for unge voksne som trenger noen \u00e5 snakke med.<\/li>\n<li>Kirkens SOS Norge har d\u00f8gn\u00e5pen hjelpetelefon, chat og meldingstjenestene. Ring 22 4000 40 eller g\u00e5 inn p\u00e5\u00a0<a href=\"https:\/\/www.kirkens-sos.no\/telefon\" rel=\"nofollow noopener\" target=\"_blank\">kirkens-sos.no<\/a>.<\/li>\n<\/ul>\n<p>      Vis mer<br \/>\n      Vis mindre<\/p>\n<p>I Amy Poehler (53) sin podcast \u00ab<a href=\"https:\/\/www.youtube.com\/watch?v=gLe9yRkrfCE\" target=\"_blank\" rel=\"nofollow noopener\">Good Hang<\/a>\u00bb beskriver \u00abParks and Recreation\u00bb-stjernen sorgen som en daglig kamp.<\/p>\n<p>&#8211; Jeg klarer meg. Jeg f\u00f8ler meg takknemlig som fortsatt er her. Jeg tror det g\u00e5r greit, men det er en daglig kamp, sier hun if\u00f8lge <a href=\"https:\/\/variety.com\/2025\/tv\/news\/aubrey-plaza-grief-jeff-baena-death-1236492743\/\" target=\"_blank\" rel=\"nofollow noopener\">Variety<\/a>.<\/p>\n<p>        DRAMA: Det blir d\u00e5rlig stemning under en av de siste parmiddagene i \u00abMarried at First Sight UK\u00bb. Video: \u00abMarried at First Sight UK\u00bb\/TV 2<\/p>\n<p>Hun sammenlikner sorgen med filmen \u00abThe Gorge\u00bb:<\/p>\n<p>&#8211; I filmen er det en klippe p\u00e5 den ene siden og en klippe p\u00e5 den andre siden, og en kl\u00f8ft i mellom som er fylt med monsterfolk som pr\u00f8ver \u00e5 f\u00e5 tak i dem. Da jeg s\u00e5 den tenkte jeg: \u00abDet er akkurat s\u00e5nn sorgen f\u00f8les\u00bb, forklarer hun.<\/p>\n<p>    <a itemprop=\"url\" href=\"https:\/\/www.seher.no\/kjendis\/viser-seg-for-forste-gang\/82693411\" rel=\"nofollow noopener\" target=\"_blank\"><\/p>\n<p>      <img loading=\"lazy\" decoding=\"async\" src=\"https:\/\/www.europesays.com\/no\/wp-content\/uploads\/2025\/08\/1755686288_276_82692486.webp\" width=\"980\" height=\"441\" title=\"Viser seg for f\u00f8rste gang\" alt=\"\" class=\"lazyload\" style=\"--aspect-ratio-image: 2.22; \"\/><\/p>\n<p>        Viser seg for f\u00f8rste gang<\/p>\n<p>    <\/a><\/p>\n<p>&#8211; Til enhver tid er det et gigantisk hav av forferdelse som er rett der, og jeg kan se det. Noen ganger vil jeg bare dykke ned i det og v\u00e6re i det, og noen ganger ser jeg p\u00e5 det. Andre ganger pr\u00f8ver jeg \u00e5 komme meg unna det. Det er alltid der.<\/p>\n<p>Videre forklarer Plaza at hun er takknemlig for venninnene sine, og forteller at de ofte har gruppesamtaler hvor alle ler og smiler.<\/p>\n<p>        \u00abGIRLS OF OSLO\u00bb: Jentene samles igjen til en reunionepisode av programmet. Video: \u00abGirls of Oslo\u00bb\/Prime Video.<\/p>\n<p>Baena og Plaza ble f\u00f8rst kj\u00e6rester i 2010, og giftet seg ti \u00e5r senere. I mars, dr\u00f8ye to m\u00e5neder etter 47-\u00e5ringens d\u00f8d, ble det kjent at han og Plaza hadde v\u00e6rt separert i fire m\u00e5neder.<\/p>\n<p>\u00abJeffrey Baena var separert fra kona siden september 2024, da hun flyttet til New York\u00bb, het det i en rapport, if\u00f8lge\u00a0<a href=\"https:\/\/pagesix.com\/2025\/03\/19\/celebrity-news\/aubrey-plaza-and-jeff-baena-had-been-separated-for-months-before-his-tragic-death\/\" rel=\"nofollow noopener\" target=\"_blank\">Page Six<\/a>.\u00a0<\/p>\n<p>    <a itemprop=\"url\" href=\"https:\/\/www.seher.no\/kjendis\/ektemannen-dode-droppet-prisutdeling\/82470988\" rel=\"nofollow noopener\" target=\"_blank\"><\/p>\n<p>      <img loading=\"lazy\" decoding=\"async\" src=\"https:\/\/www.europesays.com\/no\/wp-content\/uploads\/2025\/08\/82470942.webp\" width=\"980\" height=\"441\" title=\"Ektemannen d\u00f8de: Droppet prisutdeling\" alt=\"\" class=\"lazyload\" style=\"--aspect-ratio-image: 2.22; \"\/><\/p>\n<p>        Ektemannen d\u00f8de: Droppet prisutdeling<\/p>\n<p>    <\/a><\/p>\n<p>If\u00f8lge rapporten skal myndighetene ha snakket med Plaza p\u00e5 telefon 3. januar, hvor hun bekreftet separasjonen.<\/p>\n<p>Plaza skal ha v\u00e6rt bekymret for ektemannens mentale helse over en lengre periode. I oktober i 2024 skal hun ha bedt en venn om \u00e5 sjekke hvordan det gikk med ham.\u00a0<\/p>\n<p>Baena skal etter denne hendelsen ha opps\u00f8kt hjelp fra psykolog.\u00a0<\/p>\n","protected":false},"excerpt":{"rendered":"Aubrey Plaza: For f\u00f8rste gang \u00e5pner \u00abThe White Lotus\u00bb-stjernen seg om tapet av ektemannen Jeff Baena, som tok&hellip;\n","protected":false},"author":2,"featured_media":13066,"comment_status":"","ping_status":"","sticky":false,"template":"","format":"standard","meta":{"footnotes":""},"categories":[10],"tags":[2541,20,21,576,24,25,15,2542,479,2543,22,23,13,30,28,29,14,16,26,27],"class_list":{"0":"post-13065","1":"post","2":"type-post","3":"status-publish","4":"format-standard","5":"has-post-thumbnail","7":"category-norge","8":"tag-aubrey-plaza","9":"tag-breaking-news","10":"tag-breakingnews","11":"tag-dodsfall","12":"tag-featured-news","13":"tag-featurednews","14":"tag-headlines","15":"tag-jeff-baena","16":"tag-kjendis","17":"tag-kjendisdesken","18":"tag-latest-news","19":"tag-latestnews","20":"tag-news","21":"tag-no","22":"tag-norge","23":"tag-norway","24":"tag-nyheter","25":"tag-overskrifter","26":"tag-top-stories","27":"tag-topstories"},"share_on_mastodon":{"url":"","error":""},"_links":{"self":[{"href":"https:\/\/www.europesays.com\/no\/wp-json\/wp\/v2\/posts\/13065","targetHints":{"allow":["GET"]}}],"collection":[{"href":"https:\/\/www.europesays.com\/no\/wp-json\/wp\/v2\/posts"}],"about":[{"href":"https:\/\/www.europesays.com\/no\/wp-json\/wp\/v2\/types\/post"}],"author":[{"embeddable":true,"href":"https:\/\/www.europesays.com\/no\/wp-json\/wp\/v2\/users\/2"}],"replies":[{"embeddable":true,"href":"https:\/\/www.europesays.com\/no\/wp-json\/wp\/v2\/comments?post=13065"}],"version-history":[{"count":0,"href":"https:\/\/www.europesays.com\/no\/wp-json\/wp\/v2\/posts\/13065\/revisions"}],"wp:featuredmedia":[{"embeddable":true,"href":"https:\/\/www.europesays.com\/no\/wp-json\/wp\/v2\/media\/13066"}],"wp:attachment":[{"href":"https:\/\/www.europesays.com\/no\/wp-json\/wp\/v2\/media?parent=13065"}],"wp:term":[{"taxonomy":"category","embeddable":true,"href":"https:\/\/www.europesays.com\/no\/wp-json\/wp\/v2\/categories?post=13065"},{"taxonomy":"post_tag","embeddable":true,"href":"https:\/\/www.europesays.com\/no\/wp-json\/wp\/v2\/tags?post=13065"}],"curies":[{"name":"wp","href":"https:\/\/api.w.org\/{rel}","templated":true}]}}