{"id":130655,"date":"2026-01-06T21:38:09","date_gmt":"2026-01-06T21:38:09","guid":{"rendered":"https:\/\/www.europesays.com\/no\/130655\/"},"modified":"2026-01-06T21:38:09","modified_gmt":"2026-01-06T21:38:09","slug":"vaer-bergen-kan-bli-det-kaldeste-dognet-pa-15-ar-bitende-kaldt","status":"publish","type":"post","link":"https:\/\/www.europesays.com\/no\/130655\/","title":{"rendered":"V\u00e6r, Bergen | Kan bli det kaldeste d\u00f8gnet p\u00e5 15 \u00e5r: \u2013 Bitende kaldt"},"content":{"rendered":"\n<p>Det er tirsdag kveld og dashbordet i BA-bilen viser 12 minusgrader.<\/p>\n<p>\u2013 B\u00e5de mandag og tirsdag denne uken har vi hatt kalde temperaturer, sier vakthavende meteorolog Siri Wiberg ved Meteorologisk institutt.<\/p>\n<p>If\u00f8lge henne var 2010 et kaldt \u00e5r. Men starten av 2026 kan bli like kj\u00f8lig.<\/p>\n<p><b>\u2013 M\u00e5lt p\u00e5 stasjonen p\u00e5 Florida er den laveste gjennomsnittstemperaturen minus 10,2 grader siden 2010. <\/b><\/p>\n<p>S\u00e5 langt tirsdag har det v\u00e6rt minus 9,9 grader.<\/p>\n<p>\u2013 Det ser lovende ut. Det er ogs\u00e5 klarv\u00e6r som gj\u00f8r at det fort kan bli enda kaldere, sier Wiberg til BA.<\/p>\n<p>   <img decoding=\"async\" width=\"6016\" height=\"4016\" fetchpriority=\"low\"  loading=\"lazy\"  src=\"https:\/\/www.europesays.com\/no\/wp-content\/uploads\/2026\/01\/BA58398.jpg\" alt=\"Kulderekord: Rennende vann og bitende kulde kan ikke bli til annet enn lange istapper. I natt ble det satt kulderekord for mars i Bergen. Da ble det m\u00e5lt minus 12 grader p\u00e5 Florida m\u00e5lestasjon. Den gamle rekorden var p\u00e5 -11,3 fra mars 2001. \" class=\"brick-c-cFOWSL\" style=\"--brick-image-ratio: 6016 \/ 4016;\"\/><\/p>\n<p>      Det har v\u00e6rt en iskald start p\u00e5 \u00e5ret.<br \/>\n      Foto: EIRIK HAGES\u00c6TER\n    <\/p>\n<p><b>\u2013 Det kan godt v\u00e6re Bergen f\u00e5r det kj\u00f8ligste d\u00f8gnet siden 2010, legger hun til.<\/b><\/p>\n<p>P\u00e5 21-dagersvarselet er lavest mulig temperatur ned mot 15 minusgrader, men det er ikke veldig sannsynlig.<\/p>\n<p>\u2013 Det ser ut til at de neste dagene blir de kaldeste. Den kalde luften blir liggende og en kj\u00f8lig vind kommer fra \u00f8st. Det er bitende kaldt og en litt sur \u00f8stavind som treffer enkelte steder. Men dette kan gi mye fint v\u00e6r. <\/p>\n<p>Temperaturene vil ligge mellom fem og ti minusgrader de neste dagene.<\/p>\n<p>Neste uke ser det ut til at temperaturene stiger litt igjen.<\/p>\n","protected":false},"excerpt":{"rendered":"Det er tirsdag kveld og dashbordet i BA-bilen viser 12 minusgrader. \u2013 B\u00e5de mandag og tirsdag denne uken&hellip;\n","protected":false},"author":2,"featured_media":130656,"comment_status":"","ping_status":"","sticky":false,"template":"","format":"standard","meta":{"footnotes":""},"categories":[10],"tags":[36,444,20,21,24,25,15,22,23,13,30,28,29,14,16,1510,26,27,553,6263],"class_list":{"0":"post-130655","1":"post","2":"type-post","3":"status-publish","4":"format-standard","5":"has-post-thumbnail","7":"category-norge","8":"tag-art","9":"tag-bergen","10":"tag-breaking-news","11":"tag-breakingnews","12":"tag-featured-news","13":"tag-featurednews","14":"tag-headlines","15":"tag-latest-news","16":"tag-latestnews","17":"tag-news","18":"tag-no","19":"tag-norge","20":"tag-norway","21":"tag-nyheter","22":"tag-overskrifter","23":"tag-story","24":"tag-top-stories","25":"tag-topstories","26":"tag-vaer","27":"tag-vinter"},"share_on_mastodon":{"url":"https:\/\/pubeurope.com\/@no\/115850320525807359","error":""},"_links":{"self":[{"href":"https:\/\/www.europesays.com\/no\/wp-json\/wp\/v2\/posts\/130655","targetHints":{"allow":["GET"]}}],"collection":[{"href":"https:\/\/www.europesays.com\/no\/wp-json\/wp\/v2\/posts"}],"about":[{"href":"https:\/\/www.europesays.com\/no\/wp-json\/wp\/v2\/types\/post"}],"author":[{"embeddable":true,"href":"https:\/\/www.europesays.com\/no\/wp-json\/wp\/v2\/users\/2"}],"replies":[{"embeddable":true,"href":"https:\/\/www.europesays.com\/no\/wp-json\/wp\/v2\/comments?post=130655"}],"version-history":[{"count":0,"href":"https:\/\/www.europesays.com\/no\/wp-json\/wp\/v2\/posts\/130655\/revisions"}],"wp:featuredmedia":[{"embeddable":true,"href":"https:\/\/www.europesays.com\/no\/wp-json\/wp\/v2\/media\/130656"}],"wp:attachment":[{"href":"https:\/\/www.europesays.com\/no\/wp-json\/wp\/v2\/media?parent=130655"}],"wp:term":[{"taxonomy":"category","embeddable":true,"href":"https:\/\/www.europesays.com\/no\/wp-json\/wp\/v2\/categories?post=130655"},{"taxonomy":"post_tag","embeddable":true,"href":"https:\/\/www.europesays.com\/no\/wp-json\/wp\/v2\/tags?post=130655"}],"curies":[{"name":"wp","href":"https:\/\/api.w.org\/{rel}","templated":true}]}}