{"id":130659,"date":"2026-01-06T21:45:26","date_gmt":"2026-01-06T21:45:26","guid":{"rendered":"https:\/\/www.europesays.com\/no\/130659\/"},"modified":"2026-01-06T21:45:26","modified_gmt":"2026-01-06T21:45:26","slug":"nyheter-okonomi-og-naeringsliv-ekstremprisene-pa-strom-tilbake-i-hele-norge","status":"publish","type":"post","link":"https:\/\/www.europesays.com\/no\/130659\/","title":{"rendered":"Nyheter, \u00d8konomi og n\u00e6ringsliv | Ekstremprisene p\u00e5 str\u00f8m tilbake i hele Norge"},"content":{"rendered":"\n<p><b><a href=\"www.nettavisen.no\" rel=\"Follow\">Nettavisen: <\/a><\/b>Mandag er det skolestart og den f\u00f8rste virkelige f\u00f8rste arbeidsdagen i 2026. Det betyr at landet p\u00e5 mange m\u00e5ter v\u00e5kner fra dvalen og str\u00f8mforbruket \u00f8ker.<\/p>\n<p>Samtidig er vi n\u00e5 i en periode med bitende sprengkulde b\u00e5de i nesten hele Norden, men ogs\u00e5 nedover i Europa.<\/p>\n<p><b>Legg s\u00e5 til at denne sprengkulden gj\u00f8r det vindstille mange steder, og du f\u00e5r str\u00f8mpriser som sendes rett til himmels.<\/b><\/p>\n<p>Det betyr ikke s\u00e5 mye hvor i landet du bor: Str\u00f8mprisen sendes til himmels i hele landet &#8211; faktisk over absolutt alle land som handles p\u00e5 str\u00f8mb\u00f8rsen Nordpool.<\/p>\n<p>If\u00f8lge <a href=\"https:\/\/www.europower.no\/kraftmarked\/strompris-pa-3-kr-kwh-produsentene-tjener-600-millioner-kroner-pa-ett-dogn-mandag\/2-1-1922772\" rel=\"Follow nofollow noopener\" target=\"_blank\">Europower <\/a>f\u00e5r faktisk Nord-Norge den dyreste str\u00f8mmen p\u00e5 over to \u00e5r.<\/p>\n<p>Str\u00f8mprisene klatrer kraftig i morgentimene fra rundt 1,30 kroner per kWh, til 2,23 kroner i 8-tiden.<\/p>\n<p>Men i 15-tiden fortsetter prisene \u00e5 klatre, og gir seg ikke f\u00f8r de topper ut p\u00e5 dr\u00f8yt 3,30 kroner per kWh i 17-tiden.<\/p>\n<p>Norgespriskunder f\u00e5r sine 50 \u00f8re hele veien, mens de som satser p\u00e5 str\u00f8mst\u00f8tte ogs\u00e5 reddes inn ved at str\u00f8mst\u00f8tten dekker rundt 2,20 kroner per kWh p\u00e5 det verste.<\/p>\n<p>Bedriftskunder m\u00e5 derimot regne med \u00e5 punge ut.<\/p>\n","protected":false},"excerpt":{"rendered":"Nettavisen: Mandag er det skolestart og den f\u00f8rste virkelige f\u00f8rste arbeidsdagen i 2026. Det betyr at landet p\u00e5&hellip;\n","protected":false},"author":2,"featured_media":129085,"comment_status":"","ping_status":"","sticky":false,"template":"","format":"standard","meta":{"footnotes":""},"categories":[10],"tags":[36,20,21,24,25,15,22,23,13,30,28,29,14,16,216,1510,243,1501,26,27],"class_list":{"0":"post-130659","1":"post","2":"type-post","3":"status-publish","4":"format-standard","5":"has-post-thumbnail","7":"category-norge","8":"tag-art","9":"tag-breaking-news","10":"tag-breakingnews","11":"tag-featured-news","12":"tag-featurednews","13":"tag-headlines","14":"tag-latest-news","15":"tag-latestnews","16":"tag-news","17":"tag-no","18":"tag-norge","19":"tag-norway","20":"tag-nyheter","21":"tag-overskrifter","22":"tag-okonomi-og-naeringsliv","23":"tag-story","24":"tag-strom","25":"tag-strompriser","26":"tag-top-stories","27":"tag-topstories"},"share_on_mastodon":{"url":"https:\/\/pubeurope.com\/@no\/115850347970747683","error":""},"_links":{"self":[{"href":"https:\/\/www.europesays.com\/no\/wp-json\/wp\/v2\/posts\/130659","targetHints":{"allow":["GET"]}}],"collection":[{"href":"https:\/\/www.europesays.com\/no\/wp-json\/wp\/v2\/posts"}],"about":[{"href":"https:\/\/www.europesays.com\/no\/wp-json\/wp\/v2\/types\/post"}],"author":[{"embeddable":true,"href":"https:\/\/www.europesays.com\/no\/wp-json\/wp\/v2\/users\/2"}],"replies":[{"embeddable":true,"href":"https:\/\/www.europesays.com\/no\/wp-json\/wp\/v2\/comments?post=130659"}],"version-history":[{"count":0,"href":"https:\/\/www.europesays.com\/no\/wp-json\/wp\/v2\/posts\/130659\/revisions"}],"wp:featuredmedia":[{"embeddable":true,"href":"https:\/\/www.europesays.com\/no\/wp-json\/wp\/v2\/media\/129085"}],"wp:attachment":[{"href":"https:\/\/www.europesays.com\/no\/wp-json\/wp\/v2\/media?parent=130659"}],"wp:term":[{"taxonomy":"category","embeddable":true,"href":"https:\/\/www.europesays.com\/no\/wp-json\/wp\/v2\/categories?post=130659"},{"taxonomy":"post_tag","embeddable":true,"href":"https:\/\/www.europesays.com\/no\/wp-json\/wp\/v2\/tags?post=130659"}],"curies":[{"name":"wp","href":"https:\/\/api.w.org\/{rel}","templated":true}]}}