{"id":130670,"date":"2026-01-06T22:01:15","date_gmt":"2026-01-06T22:01:15","guid":{"rendered":"https:\/\/www.europesays.com\/no\/130670\/"},"modified":"2026-01-06T22:01:15","modified_gmt":"2026-01-06T22:01:15","slug":"sport-fotball-the-athletic-solskjaer-i-mote-med-manchester-united-favoritt-til-jobben","status":"publish","type":"post","link":"https:\/\/www.europesays.com\/no\/130670\/","title":{"rendered":"Sport, Fotball | The Athletic: Solskj\u00e6r i m\u00f8te med Manchester United, favoritt til jobben"},"content":{"rendered":"\n<p><a href=\"https:\/\/www.nettavisen.no\/\" rel=\"Follow nofollow noopener\" target=\"_blank\">Nettavisen: <\/a>I en st\u00f8rre sak melder <a href=\"https:\/\/www.nytimes.com\/athletic\/6942100\/2026\/01\/06\/manchester-united-manager-next-solskjaer\/\" rel=\"Follow nofollow noopener\" target=\"_blank\">The Athletic<\/a> at Ole Gunnar Solskj\u00e6r er favoritt til \u00e5 bli midlertidig manager i Manchester United.<\/p>\n<p>\u2013 Solskj\u00e6r er den ledende kandidaten til \u00e5 bli midlertidig manager i Manchester United etter \u00e5 ha v\u00e6rt i samtaler med klubben tirsdag, skriver The Athletic.<\/p>\n<p>Rapportene kommer tirsdag kveld, og er signert nettstedets to ledende reportere p\u00e5 Manchester United, Laurie Whitwell og David Ornstein.<\/p>\n<p>I likhet med flere engelske medier melder ogs\u00e5 de at Solskj\u00e6r har hatt samtaler med Manchester United det siste d\u00f8gnet. De hevder n\u00e5ogs\u00e5 \u00e5 ha kilder p\u00e5 at Solskj\u00e6r er favoritt til \u00e5 bli manager p\u00e5 midlertidig basis p\u00e5 Old Trafford.<\/p>\n<p>  <a href=\"https:\/\/www.tk.no\/5-51-1794168\" class=\"related-teaser has-image default-story-teaser article--c-eRUmMG article--c-eRUmMG-jKCPdD-design-default\" rel=\"nofollow noopener\" target=\"_blank\"><\/p>\n<p>    <img decoding=\"async\" loading=\"lazy\"  src=\"https:\/\/www.europesays.com\/no\/wp-content\/uploads\/2026\/01\/NTB_gR29najJu44.jpg\" alt=\"\" class=\"brick-c-cFOWSL\" style=\"\"\/><\/p>\n<p>\n            Les ogs\u00e5<\/p>\n<p>              Positiv til \u00e5 se Solskj\u00e6r som sjef p\u00e5 Old Trafford igjen\n        <\/p>\n<p>  <\/a><\/p>\n<p>Tirsdag ble Solskj\u00e6r avbildet av engelske medier utenfor hjemmet sitt i Chesire i England.<\/p>\n<p>Fabrizio Romano rapporterer ogs\u00e5 at partene har kommet n\u00e6rmer hverandre etter positive samtaler.<\/p>\n<p>\u2013 Solskj\u00e6r er klar til \u00e5 si ja og \u00f8nsker jobben. Han er en seri\u00f8s kandidat. Det er opp til United, skriver han.<\/p>\n<p>Flere oddselskaper har lavest odds p\u00e5 nordmannen som ny manager i klubben. Den skal ligge p\u00e5 2,00 i markedet for \u00f8yeblikket.<\/p>\n<p>Tidligere Manchester United-spiller Darren Fletcher skal lede laget mot Burnley onsdag.<\/p>\n<p>  <a href=\"https:\/\/www.tk.no\/5-51-1771923\" class=\"related-teaser has-image default-story-teaser article--c-eRUmMG article--c-eRUmMG-jKCPdD-design-default\" rel=\"nofollow noopener\" target=\"_blank\"><\/p>\n<p>    <img decoding=\"async\" loading=\"lazy\"  src=\"https:\/\/www.europesays.com\/no\/wp-content\/uploads\/2026\/01\/NTB_ulTIRpsj3JQ+%281%29.jpg\" alt=\"\" class=\"brick-c-cFOWSL\" style=\"\"\/><\/p>\n<p>\n            Les ogs\u00e5<\/p>\n<p>              Solskj\u00e6r fikk brutal beskjed: \u2013 Da var det over\n        <\/p>\n<p>  <\/a><\/p>\n","protected":false},"excerpt":{"rendered":"Nettavisen: I en st\u00f8rre sak melder The Athletic at Ole Gunnar Solskj\u00e6r er favoritt til \u00e5 bli midlertidig&hellip;\n","protected":false},"author":2,"featured_media":130654,"comment_status":"","ping_status":"","sticky":false,"template":"","format":"standard","meta":{"footnotes":""},"categories":[59],"tags":[36,92,158,30,28,29,505,83,82,1510],"class_list":{"0":"post-130670","1":"post","2":"type-post","3":"status-publish","4":"format-standard","5":"has-post-thumbnail","7":"category-sport","8":"tag-art","9":"tag-fotball","10":"tag-manchester-united","11":"tag-no","12":"tag-norge","13":"tag-norway","14":"tag-ole-gunnar-solskjaer","15":"tag-sport","16":"tag-sports","17":"tag-story"},"share_on_mastodon":{"url":"https:\/\/pubeurope.com\/@no\/115850410892721169","error":""},"_links":{"self":[{"href":"https:\/\/www.europesays.com\/no\/wp-json\/wp\/v2\/posts\/130670","targetHints":{"allow":["GET"]}}],"collection":[{"href":"https:\/\/www.europesays.com\/no\/wp-json\/wp\/v2\/posts"}],"about":[{"href":"https:\/\/www.europesays.com\/no\/wp-json\/wp\/v2\/types\/post"}],"author":[{"embeddable":true,"href":"https:\/\/www.europesays.com\/no\/wp-json\/wp\/v2\/users\/2"}],"replies":[{"embeddable":true,"href":"https:\/\/www.europesays.com\/no\/wp-json\/wp\/v2\/comments?post=130670"}],"version-history":[{"count":0,"href":"https:\/\/www.europesays.com\/no\/wp-json\/wp\/v2\/posts\/130670\/revisions"}],"wp:featuredmedia":[{"embeddable":true,"href":"https:\/\/www.europesays.com\/no\/wp-json\/wp\/v2\/media\/130654"}],"wp:attachment":[{"href":"https:\/\/www.europesays.com\/no\/wp-json\/wp\/v2\/media?parent=130670"}],"wp:term":[{"taxonomy":"category","embeddable":true,"href":"https:\/\/www.europesays.com\/no\/wp-json\/wp\/v2\/categories?post=130670"},{"taxonomy":"post_tag","embeddable":true,"href":"https:\/\/www.europesays.com\/no\/wp-json\/wp\/v2\/tags?post=130670"}],"curies":[{"name":"wp","href":"https:\/\/api.w.org\/{rel}","templated":true}]}}