{"id":130688,"date":"2026-01-06T22:19:33","date_gmt":"2026-01-06T22:19:33","guid":{"rendered":"https:\/\/www.europesays.com\/no\/130688\/"},"modified":"2026-01-06T22:19:33","modified_gmt":"2026-01-06T22:19:33","slug":"israels-utenriksminister-pa-omstridt-besok-i-somaliland","status":"publish","type":"post","link":"https:\/\/www.europesays.com\/no\/130688\/","title":{"rendered":"Israels utenriksminister p\u00e5 omstridt bes\u00f8k i Somaliland"},"content":{"rendered":"\n<p class=\"_lead_o9xde_2 _lead_xtcu6_50 layout-component text-serif-m layout-normal text-serif-l layout-component layout-wide layout-padded _wide_17hqh_1 layout-padded\">Israels utenriksminister Gideon Saar bes\u00f8kte tirsdag den somaliske utbryterregionen Somaliland, som Israel nylig anerkjente som uavhengig stat.<\/p>\n<p><img alt=\"Israel har som f\u00f8rste land i verden anerkjent den somaliske utbryterregionen Somaliland som uavhengig stat, og tirsdag bes\u00f8kte utenriksminister Gideon Saar byen Hargeisa til protester fra Somalia.  Foto: AP \/ NTB\" class=\"_image_qp4xg_65 layout-component layout-wide\" data-fullscreen- data-track-element-type=\"Article image fullscreen\" data-track-name=\"ImageFullscreen\" fetchpriority=\"high\" decoding=\"sync\" loading=\"eager\" height=\"4834\" itemprop=\"image\"  src=\"https:\/\/www.europesays.com\/no\/wp-content\/uploads\/2026\/01\/3dbcff29-d525-4f6c-b3d6-53c50f38631c.jpeg\"  style=\"object-position:0% 0%\" width=\"7251\"\/>Israel har som f\u00f8rste land i verden anerkjent den somaliske utbryterregionen Somaliland som uavhengig stat, og tirsdag bes\u00f8kte utenriksminister Gideon Saar byen Hargeisa til protester fra Somalia.  Foto: AP \/ NTB<\/p>\n<ul aria-hidden=\"true\" class=\"_images_ntbth_112\">\n<li><a class=\"_link_ntbth_117\" href=\"https:\/\/www.vg.no\/forfatter\/harpreet-kaur-nijjer\" style=\"z-index:2\" title=\"Harpreet Kaur Nijjer\" rel=\"nofollow noopener\" target=\"_blank\"><img alt=\"Bilde av Harpreet Kaur Nijjer\" class=\"_image_ntbth_93\" fetchpriority=\"low\" loading=\"lazy\" decoding=\"async\" itemprop=\"image\"  src=\"https:\/\/www.europesays.com\/no\/wp-content\/uploads\/2026\/01\/1767737972_625_9915841b-33cb-470f-8ab4-1d1650cff10e.jpeg\"  width=\"480\"\/><\/a><\/li>\n<li><a class=\"_link_ntbth_117\" href=\"https:\/\/www.vg.no\/forfatter\/ntb\" style=\"z-index:1\" title=\"NTB\" rel=\"nofollow noopener\" target=\"_blank\"><img alt=\"Bilde av NTB\" class=\"_image_ntbth_93\" fetchpriority=\"low\" loading=\"lazy\" decoding=\"async\" itemprop=\"image\"  src=\"https:\/\/www.europesays.com\/no\/wp-content\/uploads\/2026\/01\/1767737973_691_c33980b0-5d07-4027-84a1-813f90a7c8d6.png\"  width=\"480\"\/><\/a><\/li>\n<\/ul>\n<p> Oppdatert tirsdag 6. januar kl. 16:43     <\/p>\n<p class=\"_paragraph_o9xde_4 _paragraph_xtcu6_10 layout-component text-serif-m layout-normal text-serif-m layout-padded\">Saar opplyser p\u00e5 X at han under bes\u00f8ket hadde samtaler med <a href=\"https:\/\/www.vg.no\/tag\/somaliland?utm_source=vg-article&amp;utm_medium=auto-tagger&amp;utm_campaign=M7RQp5\" class=\"_link_o9xde_39\" rel=\"nofollow noopener\" target=\"_blank\">Somalilands<\/a> president Abdirahman Mohamed Abdullahi i byen Hargeisa.<\/p>\n<p class=\"_paragraph_o9xde_4 _paragraph_xtcu6_10 layout-component text-serif-m layout-normal text-serif-m layout-padded\"><strong class=\"_strong_o9xde_25\"><a href=\"https:\/\/www.vg.no\/nyheter\/i\/gk7r4B\/varsler-hastemoete-om-somaliland-i-strid-med-folkeretten\" data-track-element-type=\"Link\" data-track-id=\"link:gk7r4B\" class=\"_link_o9xde_39\" rel=\"nofollow noopener\" target=\"_blank\">Israel er det f\u00f8rste land i verden som har anerkjent Somaliland<\/a> som uavhengig stat, noe Somalia har ford\u00f8mt i kraftige ordelag. <\/strong><\/p>\n<p class=\"_paragraph_o9xde_4 _paragraph_xtcu6_10 layout-component text-serif-m layout-normal text-serif-m layout-padded\">Somalias utenriksdepartement ford\u00f8mte tirsdag ogs\u00e5 Saars bes\u00f8k i Hargeisa og kaller det en krenkelse av landets suverenitet og territoriale integritet. <\/p>\n<p>Vurdert \u00e5 tvangsflytte palestinere til afrikanske land <\/p>\n<p class=\"_paragraph_o9xde_4 _paragraph_xtcu6_10 layout-component text-serif-m layout-normal text-serif-m layout-padded\">Nyhetsbyr\u00e5et AP meldte i mars i fjor at USA og Israel vurderte \u00e5 tvangsflytte palestinere fra Gaza til Somaliland og andre afrikanske land. <\/p>\n<p class=\"_paragraph_o9xde_4 _paragraph_xtcu6_10 layout-component text-serif-m layout-normal text-serif-m layout-padded\">If\u00f8lge flere medier har Israel ogs\u00e5 planer om \u00e5 bruke Somaliland som base for angrep mot de Iran-st\u00f8ttede houthiene i Jemen. <\/p>\n<p class=\"_paragraph_o9xde_4 _paragraph_xtcu6_10 layout-component text-serif-m layout-normal text-serif-m layout-padded\">Myndighetene i utbryterregionen avviser, if\u00f8lge israelske Haaretz, at det stemmer.<\/p>\n<p class=\"_paragraph_o9xde_4 _paragraph_xtcu6_10 layout-component text-serif-m layout-normal text-serif-m layout-padded\">Saar bekrefter imidlertid at Israel planlegger et strategisk samarbeid med Somaliland innenfor flere omr\u00e5der, ogs\u00e5 forsvar, skriver den israelske avisen. <\/p>\n<p>Sterke reaksjoner <\/p>\n<p class=\"_paragraph_o9xde_4 _paragraph_xtcu6_10 layout-component text-serif-m layout-normal text-serif-m layout-padded\">Somalia har bedt Israel trekke anerkjennelsen av Somaliland tilbake. <\/p>\n<p class=\"_paragraph_o9xde_4 _paragraph_xtcu6_10 layout-component text-serif-m layout-normal text-serif-m layout-padded\">Den somaliske presidenten, Hassan Sheikh Mohamud, mener at anerkjennelsen er ulovlig aggresjon mot Somalia og i strid med folkeretten. <\/p>\n<p class=\"_paragraph_o9xde_4 _paragraph_xtcu6_10 layout-component text-serif-m layout-normal text-serif-m layout-padded\">Eksperter har kalt anerkjennelsen for et geopolitisk spill, og ment at det b\u00e5de kan handle om en plan for plassering av palestinerne og en regional posisjonering. <\/p>\n<p class=\"_paragraph_o9xde_4 _paragraph_xtcu6_10 layout-component text-serif-m layout-normal layout-padded\"><strong class=\"_strong_o9xde_25\">Les ogs\u00e5:<\/strong> <a href=\"https:\/\/www.vg.no\/i\/gk7r4B\" data-track-element-type=\"Link\" data-track-id=\"link:gk7r4B\" class=\"_link_o9xde_39\" rel=\"nofollow noopener\" target=\"_blank\">Israels anerkjennelse av Somaliland: \u2013 Et geopolitisk spill<\/a><\/p>\n","protected":false},"excerpt":{"rendered":"Israels utenriksminister Gideon Saar bes\u00f8kte tirsdag den somaliske utbryterregionen Somaliland, som Israel nylig anerkjente som uavhengig stat. Israel&hellip;\n","protected":false},"author":2,"featured_media":130689,"comment_status":"","ping_status":"","sticky":false,"template":"","format":"standard","meta":{"footnotes":""},"categories":[12],"tags":[20,21,24,25,15,52,22,23,13,30,28,29,14,16,6270,14681,26,27,42,43,44,45],"class_list":{"0":"post-130688","1":"post","2":"type-post","3":"status-publish","4":"format-standard","5":"has-post-thumbnail","7":"category-verden","8":"tag-breaking-news","9":"tag-breakingnews","10":"tag-featured-news","11":"tag-featurednews","12":"tag-headlines","13":"tag-israel","14":"tag-latest-news","15":"tag-latestnews","16":"tag-news","17":"tag-no","18":"tag-norge","19":"tag-norway","20":"tag-nyheter","21":"tag-overskrifter","22":"tag-somalia","23":"tag-somaliland","24":"tag-top-stories","25":"tag-topstories","26":"tag-verden","27":"tag-world","28":"tag-world-news","29":"tag-worldnews"},"share_on_mastodon":{"url":"https:\/\/pubeurope.com\/@no\/115850481675050155","error":""},"_links":{"self":[{"href":"https:\/\/www.europesays.com\/no\/wp-json\/wp\/v2\/posts\/130688","targetHints":{"allow":["GET"]}}],"collection":[{"href":"https:\/\/www.europesays.com\/no\/wp-json\/wp\/v2\/posts"}],"about":[{"href":"https:\/\/www.europesays.com\/no\/wp-json\/wp\/v2\/types\/post"}],"author":[{"embeddable":true,"href":"https:\/\/www.europesays.com\/no\/wp-json\/wp\/v2\/users\/2"}],"replies":[{"embeddable":true,"href":"https:\/\/www.europesays.com\/no\/wp-json\/wp\/v2\/comments?post=130688"}],"version-history":[{"count":0,"href":"https:\/\/www.europesays.com\/no\/wp-json\/wp\/v2\/posts\/130688\/revisions"}],"wp:featuredmedia":[{"embeddable":true,"href":"https:\/\/www.europesays.com\/no\/wp-json\/wp\/v2\/media\/130689"}],"wp:attachment":[{"href":"https:\/\/www.europesays.com\/no\/wp-json\/wp\/v2\/media?parent=130688"}],"wp:term":[{"taxonomy":"category","embeddable":true,"href":"https:\/\/www.europesays.com\/no\/wp-json\/wp\/v2\/categories?post=130688"},{"taxonomy":"post_tag","embeddable":true,"href":"https:\/\/www.europesays.com\/no\/wp-json\/wp\/v2\/tags?post=130688"}],"curies":[{"name":"wp","href":"https:\/\/api.w.org\/{rel}","templated":true}]}}