{"id":130700,"date":"2026-01-06T22:35:16","date_gmt":"2026-01-06T22:35:16","guid":{"rendered":"https:\/\/www.europesays.com\/no\/130700\/"},"modified":"2026-01-06T22:35:16","modified_gmt":"2026-01-06T22:35:16","slug":"mistanke-om-ruskjoring-fraktet-bil-oppa-tilhenger","status":"publish","type":"post","link":"https:\/\/www.europesays.com\/no\/130700\/","title":{"rendered":"Mistanke om ruskj\u00f8ring: Fraktet bil opp\u00e5 tilhenger"},"content":{"rendered":"<p>Knut Laurits Slartmann opplyser at en Harstad-patrulje etter et tips fra publikum fikk stanset et kj\u00f8ret\u00f8y som fraktet en bil p\u00e5 en tilhenger i Kv\u00e6fjord.<\/p>\n<p>Det hele virket ikkke ikke var forsvarlig sikret.<\/p>\n<p>\u2013 Etter n\u00e6rmere unders\u00f8kelser s\u00e5 viste det seg at bilen var for tung for tilhengeren og bilen som trakk var ikke godkjent for den tyngden.<\/p>\n<p>Laurits Slartmann forteller at det ogs\u00e5 er mistanke om rusp\u00e5virket kj\u00f8ring.<\/p>\n<p>Politiet opprettet sak og det blir tatt midlertidig beslag av f\u00f8rerkortet til sj\u00e5f\u00f8ren.<\/p>\n","protected":false},"excerpt":{"rendered":"Knut Laurits Slartmann opplyser at en Harstad-patrulje etter et tips fra publikum fikk stanset et kj\u00f8ret\u00f8y som fraktet&hellip;\n","protected":false},"author":2,"featured_media":16542,"comment_status":"","ping_status":"","sticky":false,"template":"","format":"standard","meta":{"footnotes":""},"categories":[10],"tags":[222,20,21,24,25,15,22,23,13,30,28,29,14,16,468,26,27],"class_list":{"0":"post-130700","1":"post","2":"type-post","3":"status-publish","4":"format-standard","5":"has-post-thumbnail","7":"category-norge","8":"tag-bil","9":"tag-breaking-news","10":"tag-breakingnews","11":"tag-featured-news","12":"tag-featurednews","13":"tag-headlines","14":"tag-latest-news","15":"tag-latestnews","16":"tag-news","17":"tag-no","18":"tag-norge","19":"tag-norway","20":"tag-nyheter","21":"tag-overskrifter","22":"tag-politiet","23":"tag-top-stories","24":"tag-topstories"},"share_on_mastodon":{"url":"https:\/\/pubeurope.com\/@no\/115850544555734324","error":""},"_links":{"self":[{"href":"https:\/\/www.europesays.com\/no\/wp-json\/wp\/v2\/posts\/130700","targetHints":{"allow":["GET"]}}],"collection":[{"href":"https:\/\/www.europesays.com\/no\/wp-json\/wp\/v2\/posts"}],"about":[{"href":"https:\/\/www.europesays.com\/no\/wp-json\/wp\/v2\/types\/post"}],"author":[{"embeddable":true,"href":"https:\/\/www.europesays.com\/no\/wp-json\/wp\/v2\/users\/2"}],"replies":[{"embeddable":true,"href":"https:\/\/www.europesays.com\/no\/wp-json\/wp\/v2\/comments?post=130700"}],"version-history":[{"count":0,"href":"https:\/\/www.europesays.com\/no\/wp-json\/wp\/v2\/posts\/130700\/revisions"}],"wp:featuredmedia":[{"embeddable":true,"href":"https:\/\/www.europesays.com\/no\/wp-json\/wp\/v2\/media\/16542"}],"wp:attachment":[{"href":"https:\/\/www.europesays.com\/no\/wp-json\/wp\/v2\/media?parent=130700"}],"wp:term":[{"taxonomy":"category","embeddable":true,"href":"https:\/\/www.europesays.com\/no\/wp-json\/wp\/v2\/categories?post=130700"},{"taxonomy":"post_tag","embeddable":true,"href":"https:\/\/www.europesays.com\/no\/wp-json\/wp\/v2\/tags?post=130700"}],"curies":[{"name":"wp","href":"https:\/\/api.w.org\/{rel}","templated":true}]}}