{"id":130701,"date":"2026-01-06T22:43:12","date_gmt":"2026-01-06T22:43:12","guid":{"rendered":"https:\/\/www.europesays.com\/no\/130701\/"},"modified":"2026-01-06T22:43:12","modified_gmt":"2026-01-06T22:43:12","slug":"vi-tar-ansvar-for-a-lose-norges-store-saker","status":"publish","type":"post","link":"https:\/\/www.europesays.com\/no\/130701\/","title":{"rendered":"Vi tar ansvar for \u00e5 l\u00f8se Norges store saker"},"content":{"rendered":"\n<ul class=\"_list_o9xde_3 _list_64s2r_85 _unordered_o9xde_106 text-sans-m\">\n<li class=\"_item_o9xde_30\">LO-leder Kine Asper Vistnes og NHO-sjef Ole Erik Almlid lover tett samarbeid for \u00e5 finne langsiktige l\u00f8sninger for Norge.<\/li>\n<li class=\"_item_o9xde_30\">De vil styrke trepartssamarbeidet for \u00e5 m\u00f8te politiske og \u00f8konomiske utfordringer.<\/li>\n<li class=\"_item_o9xde_30\">B\u00e5de LO og NHO kritiserer regjeringen for manglende initiativer innen kraftforsyning.<\/li>\n<\/ul>\n<p>Vis mer <\/p>\n<p class=\"_paragraph_o9xde_4 _paragraph_xtcu6_10 layout-component text-serif-m layout-normal text-serif-m layout-padded\">\u2013 Verden er mer urolig, bare se p\u00e5 hva som har skjedd den siste tiden, sier NHONHONHO st\u00e5r for N\u00e6ringslivets Hovedorganisasjon, som er en interesseorganisasjon for bedrifter i Norge.-sjef Ole Erik Almlid og viser f\u00f8rst og fremst til Trumps nye eskapader \u2013 i Venezuela \u2013 og med trusler mot Danmark\/Gr\u00f8nland og andre land.<\/p>\n<p class=\"_paragraph_o9xde_4 _paragraph_xtcu6_10 layout-component text-serif-m layout-normal text-serif-m layout-padded\">Men ogs\u00e5 til den politiske uroen i Norge f\u00f8r jul.<\/p>\n<p class=\"_paragraph_o9xde_4 _paragraph_xtcu6_10 layout-component text-serif-m layout-normal text-serif-m layout-padded\">\u2013 I en slik tid vil LOLO LO st\u00e5r for Landsorganisasjonen i Norge, som representerer arbeidstakere i Norge. og NHO ta ansvar for \u00e5 bidra til \u00e5 finne overbyggende langsiktige l\u00f8sninger for landet. Politikken kan ikke overlates til politikere alene. Trepartssamarbeidet Trepartssamarbeidet Et samarbeid mellom arbeidstakerne, anf\u00f8rt av LO, arbeidsgiverne, anf\u00f8rt av NHO, og norske myndigheter, ved Storting og regjering, som er en viktig del av den s\u00e5kalte norske modellen, hvor de ulike maktbasene i landet v\u00e5rt i dialog fors\u00f8ker \u00e5 l\u00f8se viktige saker for utviklingen av Norge.blir fremover<br \/>enda mer avgj\u00f8rende for \u00e5 sikre tryggheten, sier <a href=\"https:\/\/www.vg.no\/tag\/lo?utm_source=vg-article&amp;utm_medium=auto-tagger&amp;utm_campaign=k0JomB\" class=\"_link_o9xde_39\" rel=\"nofollow noopener\" target=\"_blank\">LO<\/a>-sjef Kine Asper Vistnes:<\/p>\n<p><img alt=\"Foto: G\u00f8ran Bohlin \/ VG\" class=\"_image_qp4xg_65 layout-component layout-normal\" data-fullscreen- data-track-element-type=\"Article image fullscreen\" data-track-name=\"ImageFullscreen\" decoding=\"async\" loading=\"lazy\" height=\"5504\" itemprop=\"image\"  src=\"https:\/\/www.europesays.com\/no\/wp-content\/uploads\/2026\/01\/263bdc1a-b783-4db7-b321-2a64843064e9.jpeg\"  style=\"object-position:0% 0%\" width=\"8256\"\/>Foto: G\u00f8ran Bohlin \/ VG<\/p>\n<p class=\"_paragraph_o9xde_4 _paragraph_xtcu6_10 layout-component text-serif-m layout-normal text-serif-m layout-padded\">\u2013 N\u00e5r statsministeren i sin nytt\u00e5rstale 16 ganger viste til \u00abtrygghet\u00bb for landet, s\u00e5 er det vi \u2013 LO og NHO \u2013 som kan levere den tryggheten. Politikerne er helt avhengige av oss. Og vi lover \u00e5 ta ansvar, sier LO-lederen og fortsetter:<\/p>\n<p><img alt=\"Foto: G\u00f8ran Bohlin \/ VG\" class=\"_image_qp4xg_65 layout-component layout-normal\" data-fullscreen- data-track-element-type=\"Article image fullscreen\" data-track-name=\"ImageFullscreen\" decoding=\"async\" loading=\"lazy\" height=\"5504\" itemprop=\"image\"  src=\"https:\/\/www.europesays.com\/no\/wp-content\/uploads\/2026\/01\/73c57fa5-416b-4c32-adaa-963ed44c3b9f.jpeg\"  style=\"object-position:0% 0%\" width=\"8256\"\/>Foto: G\u00f8ran Bohlin \/ VG<\/p>\n<p class=\"_paragraph_o9xde_4 _paragraph_xtcu6_10 layout-component text-serif-m layout-normal text-serif-m layout-padded\">\u2013 Vi er gullet og limet i den norske modellen. Det er n\u00e5r partene i arbeidslivet, anf\u00f8rt av LO og NHO, kommer sammen med politikerne for \u00e5 finne svar p\u00e5 store samfunnsutfordringer, at vi utvikler Norge sammen. Det er trepartssamarbeidet i et n\u00f8tteskall. Og aldri har trepartssamarbeidet v\u00e6rt viktigere enn i den usikre tiden vi st\u00e5r foran, sier hun.<\/p>\n<p><img alt=\"Ingen isfront.  Foto: G\u00f8ran Bohlin \/ VG\" class=\"_image_qp4xg_65 layout-component layout-normal\" data-fullscreen- data-track-element-type=\"Article image fullscreen\" data-track-name=\"ImageFullscreen\" decoding=\"async\" loading=\"lazy\" height=\"5504\" itemprop=\"image\"  src=\"https:\/\/www.europesays.com\/no\/wp-content\/uploads\/2026\/01\/2987b557-76c9-4acf-afb2-59482ce7f38e.jpeg\"  style=\"object-position:0% 0%\" width=\"8256\"\/>Ingen isfront.  Foto: G\u00f8ran Bohlin \/ VG<\/p>\n<p class=\"_paragraph_o9xde_4 _paragraph_xtcu6_10 layout-component text-serif-m layout-normal text-serif-m layout-padded\">NHO-sjefen legger optimistisk til:<\/p>\n<p class=\"_paragraph_o9xde_4 _paragraph_xtcu6_10 layout-component text-serif-m layout-normal text-serif-m layout-padded\">\u2013 Og vi kommer til \u00e5 lykkes. Det er veldig fin tone mellom LO og NHO og det er et grunnleggende \u00f8nske om \u00e5 finne felles l\u00f8sninger p\u00e5 tunge saker, sier Almlid.<\/p>\n<p class=\"_paragraph_o9xde_4 _paragraph_xtcu6_10 layout-component text-serif-m layout-normal text-serif-m layout-padded\">De to varsler et sterkere samarbeid.<\/p>\n<p class=\"_paragraph_o9xde_4 _paragraph_xtcu6_10 layout-component text-serif-m layout-normal text-serif-m layout-padded\">\u2013 Fordi det er i landets interesse, sier NHO-sjef Almlid:<\/p>\n<p class=\"_paragraph_o9xde_4 _paragraph_xtcu6_10 layout-component text-serif-m layout-normal text-serif-m layout-padded\">\u2013 LO og NHO krangler tidvis s\u00e5 det holder, men slik skal det v\u00e6re. Men vi ser utover kortsiktige konflikter, som vi m\u00e5 ha, blant annet knyttet til l\u00f8nnsoppgj\u00f8r. Men vi finner alltid sammen igjen fordi det tjener Norge og norske bedrifter og arbeidsplasser. Norske politikere har mye \u00e5 l\u00e6re av det, sier han.<\/p>\n<p><img alt=\"Foto: G\u00f8ran Bohlin \/ VG\" class=\"_image_qp4xg_65 layout-component layout-normal\" data-fullscreen- data-track-element-type=\"Article image fullscreen\" data-track-name=\"ImageFullscreen\" decoding=\"async\" loading=\"lazy\" height=\"5504\" itemprop=\"image\"  src=\"https:\/\/www.europesays.com\/no\/wp-content\/uploads\/2026\/01\/feff9c21-efc4-4903-b073-8daa826ab964.jpeg\"  style=\"object-position:0% 0%\" width=\"8256\"\/>Foto: G\u00f8ran Bohlin \/ VG<\/p>\n<p class=\"_paragraph_o9xde_4 _paragraph_xtcu6_10 layout-component text-serif-m layout-normal text-serif-m layout-padded\">De peker p\u00e5 en rekke omr\u00e5der hvor de vil fors\u00f8ke \u00e5 ta ledelse for \u00e5 f\u00e5 de politiske partiene til \u00e5 v\u00e6re med p\u00e5 brede forlik.<\/p>\n<p class=\"_paragraph_o9xde_4 _paragraph_xtcu6_10 layout-component text-serif-m layout-normal text-serif-m layout-padded\">\u2013 Den <a href=\"https:\/\/www.regjeringen.no\/no\/aktuelt\/regjeringen-oppnevner-skattekommisjon\/id3143851\/\" class=\"_link_o9xde_39\" rel=\"nofollow noopener\" target=\"_blank\">nye skattekommisjonen<\/a>, behovet for mer kraft, mer vekt p\u00e5 sikkerhet og beredskap og arbeidet i <a href=\"https:\/\/www.dn.no\/innlegg\/omstillingskommisjonen\/olje-og-gass\/finans\/omstillingskommisjon-vi-har-ingenting-a-frykte\/2-1-1916556\" class=\"_link_o9xde_39\" rel=\"nofollow noopener\" target=\"_blank\">omstillingskommisjonen<\/a> er noen av de viktige sakene. LO og NHO har v\u00e6rt og skal v\u00e6re garantister for at det skapes rammer for at vi finner l\u00f8sninger sammen som nasjon i disse krevende sakene, hvor det trengs brede forlibrede forliHvor de fleste politiske partiene blir med i et kompromiss. k, sier Almlid. <\/p>\n<p class=\"_paragraph_o9xde_4 _paragraph_xtcu6_10 layout-component text-serif-m layout-normal text-serif-m layout-padded\">\u2013 Vi skal ikke mer enn ett \u00e5r tilbake i tid hvor dere var s\u00e5 rykende uenige om sykel\u00f8nnsordningen at <a href=\"https:\/\/frifagbevegelse.no\/nyheter\/lo-bryter-samarbeidet-med-nho--grovt-tillitsbrudd-6.158.1098492.b828ba9b27?utm_source=sdrn%3Avg%3Aarticle%3AjQbXoL\" class=\"_link_o9xde_39\" rel=\"nofollow noopener\" target=\"_blank\">LO br\u00f8t all kontakt <\/a>og boikottet NHOs \u00e5rlige konferanse?<\/p>\n<p><img alt=\"Dav\u00e6rende arbeidsminister Tonje Brenna (Ap) ledet forhandlingene sent i fjor h\u00f8st, som endte med fullt brudd mellom LO og NHO om IA-avtalen og sykel\u00f8nnsstrid. De ble enige etter hvert..  Foto: Heiko Junge \/ NTB\" class=\"_image_qp4xg_65 layout-component layout-normal\" data-fullscreen- data-track-element-type=\"Article image fullscreen\" data-track-name=\"ImageFullscreen\" decoding=\"async\" loading=\"lazy\" height=\"4589\" itemprop=\"image\"  src=\"https:\/\/www.europesays.com\/no\/wp-content\/uploads\/2026\/01\/6e33d5f7-8ab5-4f38-87f8-c75a1dea535b.jpeg\"  style=\"object-position:0% 0%\" width=\"6884\"\/>Dav\u00e6rende arbeidsminister Tonje Brenna (Ap) ledet forhandlingene sent i fjor h\u00f8st, som endte med fullt brudd mellom LO og NHO om IA-avtalen og sykel\u00f8nnsstrid. De ble enige etter hvert..  Foto: Heiko Junge \/ NTB<\/p>\n<p class=\"_paragraph_o9xde_4 _paragraph_xtcu6_10 layout-component text-serif-m layout-normal text-serif-m layout-padded\">\u2013 Det er slik at vi klarer \u00e5 v\u00e6re uenige og enige. Det er grunnlaget for den unike norske modellen, som trepartssamarbeidet er limet i. LO og NHO er vant til \u00e5 v\u00e6re uenige i vanskelige enkeltsaker, men klarer \u00e5 legge det bak oss og g\u00e5 videre, fordi Norge trenger det, sier Almlid.<\/p>\n<p class=\"_paragraph_o9xde_4 _paragraph_xtcu6_10 layout-component text-serif-m layout-normal text-serif-m layout-padded\">\u2013 Mens den forrige LO-lederen, Peggy Hessen F\u00f8lsvik, fly forbanna kj\u00f8rte full boikott av NHO for ett \u00e5r siden, er det samarbeid du predikerer?<\/p>\n<p class=\"_paragraph_o9xde_4 _paragraph_xtcu6_10 layout-component text-serif-m layout-normal text-serif-m layout-padded\">Vi kikker bort p\u00e5 den nye LO-lederen.<\/p>\n<p class=\"_paragraph_o9xde_4 _paragraph_xtcu6_10 layout-component text-serif-m layout-normal text-serif-m layout-padded\">\u2013 Jeg stilte meg 100 prosent bak Peggys forbannelse i fjor. Jeg var like forbanna som henne. La det v\u00e6re klart. Men vi klarer \u00e5 komme oss gjennom slikt med NHO. Det er v\u00e5r styrke. <\/p>\n<p><img alt=\"Foto: G\u00f8ran Bohlin \/ VG\" class=\"_image_qp4xg_65 layout-component layout-normal\" data-fullscreen- data-track-element-type=\"Article image fullscreen\" data-track-name=\"ImageFullscreen\" decoding=\"async\" loading=\"lazy\" height=\"5404\" itemprop=\"image\"  src=\"https:\/\/www.europesays.com\/no\/wp-content\/uploads\/2026\/01\/570fc537-2938-48d7-9e99-8eaf05f3af5f.jpeg\"  style=\"object-position:0% 0%\" width=\"7941\"\/>Foto: G\u00f8ran Bohlin \/ VG<\/p>\n<p class=\"_paragraph_o9xde_4 _paragraph_xtcu6_10 layout-component text-serif-m layout-normal text-serif-m layout-padded\">Vi m\u00f8ter LO-sjefen og NHO-sjefen sammen med presidenten i NHO, Svein Tore Holsether, som holder \u00e5pningstalen p\u00e5 NHOs \u00e5rskonferanse onsdag morgen.<\/p>\n<p class=\"_paragraph_o9xde_4 _paragraph_xtcu6_10 layout-component text-serif-m layout-normal text-serif-m layout-padded\">\u2013 Vi t\u00e5ler uenighet b\u00e5de mellom LO og NHO sentralt og ute p\u00e5 arbeidsplassene, mellom ledelse og tillitsvalgte. Men hele basen for v\u00e5r virksomhet er enighet \u2013 om at bedriftene m\u00e5 v\u00e6re konkurransedyktige konkurransedyktigeBetyr \u00e5 ha rammevilk\u00e5r, hvor l\u00f8nnsniv\u00e5et er viktig, som gj\u00f8r at de kan vinne i konkurransen med utenlandske selskap n\u00e5r de norske selskapene skal selge varene sine. , sier Holsether:<\/p>\n<p><img alt=\"Foto: G\u00f8ran Bohlin \/ VG\" class=\"_image_qp4xg_65 layout-component layout-normal\" data-fullscreen- data-track-element-type=\"Article image fullscreen\" data-track-name=\"ImageFullscreen\" decoding=\"async\" loading=\"lazy\" height=\"5504\" itemprop=\"image\"  src=\"https:\/\/www.europesays.com\/no\/wp-content\/uploads\/2026\/01\/1c6ce53e-887e-4720-8966-e64b69ea2034.jpeg\"  style=\"object-position:0% 0%\" width=\"8256\"\/>Foto: G\u00f8ran Bohlin \/ VG<\/p>\n<p class=\"_paragraph_o9xde_4 _paragraph_xtcu6_10 layout-component text-serif-m layout-normal text-serif-m layout-padded\">\u2013 Derfor er dialog og evne til \u00e5 bli enige, s\u00e5 innebygget i oss. Blir vi ikke det, er det bedriftene som rammes, og i verste fall g\u00e5r over ende. Det rammer alle.<\/p>\n<p class=\"_paragraph_o9xde_4 _paragraph_xtcu6_10 layout-component text-serif-m layout-normal text-serif-m layout-padded\">De fremst\u00e5r som enige om mye, men de gj\u00f8r som norske regjeringer med vanskelige E\u00d8S-saker; utsetter og utsetter vanskelige saker:<\/p>\n<p class=\"_paragraph_o9xde_4 _paragraph_xtcu6_10 layout-component text-serif-m layout-normal text-serif-m layout-padded\">\u2013 Den betente debatten om \u00e5 stramme inn p\u00e5 sykel\u00f8nnsordningen og Avtalefestet pensjon (AFP) er to eksempler?<\/p>\n<p class=\"_paragraph_o9xde_4 _paragraph_xtcu6_10 layout-component text-serif-m layout-normal text-serif-m layout-padded\">\u2013 Ja, det hender at det tar tid \u00e5 finne posisjoner, men i de aller fleste tilfeller klarer vi til slutt \u00e5 finne l\u00f8sninger, sier Almlid. <\/p>\n<p><img alt=\"Foto: G\u00f8ran Bohlin \/ VG\" class=\"_image_qp4xg_65 layout-component layout-normal\" data-fullscreen- data-track-element-type=\"Article image fullscreen\" data-track-name=\"ImageFullscreen\" decoding=\"async\" loading=\"lazy\" height=\"5504\" itemprop=\"image\"  src=\"https:\/\/www.europesays.com\/no\/wp-content\/uploads\/2026\/01\/fb1170a7-aee1-4045-98cb-956d3968cea0.png\"  style=\"object-position:0% 0%\" width=\"8256\"\/>Foto: G\u00f8ran Bohlin \/ VG<\/p>\n<p class=\"_paragraph_o9xde_4 _paragraph_xtcu6_10 layout-component text-serif-m layout-normal text-serif-m layout-padded\">\u2013 Dere nevner <a href=\"https:\/\/www.regjeringen.no\/no\/aktuelt\/regjeringen-oppnevner-skattekommisjon\/id3143851\/\" class=\"_link_o9xde_39\" rel=\"nofollow noopener\" target=\"_blank\">skattekommisjon<\/a>, men dere er veldig uenige om skatt: NHO vil helst ha bort formuesskattenformuesskatten Formuesskatten er en skatt p\u00e5 nettoformue, som er verdien av en persons eiendeler minus gjeld. og LO vil ikke ha lavere skatter, i hvert fall ikke lettelser som treffer de rikeste mest?<\/p>\n<p class=\"_paragraph_o9xde_4 _paragraph_xtcu6_10 layout-component text-serif-m layout-normal text-serif-m layout-padded\">\u2013 Vi er lite uenige om skapersporet \u2013 at vi m\u00e5 skape. S\u00e5 er vi litt uenige om hvordan vi s\u00e5 skal dele det som skapes. Vi trenger en skattekommisjon, som gj\u00f8r at vi kan finne en enighet som gj\u00f8r at vi slipper \u00e5 bale med enkeltskatter hele tiden, sier LO-leder Vistnes.<\/p>\n<p><img alt=\"Foto: G\u00f8ran Bohlin \/ VG\" class=\"_image_qp4xg_65 layout-component layout-normal\" data-fullscreen- data-track-element-type=\"Article image fullscreen\" data-track-name=\"ImageFullscreen\" decoding=\"async\" loading=\"lazy\" height=\"4197\" itemprop=\"image\"  src=\"https:\/\/www.europesays.com\/no\/wp-content\/uploads\/2026\/01\/39ad3a7f-f428-442d-81ad-6b3e5fe09753.png\"  style=\"object-position:0% 0%\" width=\"5750\"\/>Foto: G\u00f8ran Bohlin \/ VG<\/p>\n<p class=\"_paragraph_o9xde_4 _paragraph_xtcu6_10 layout-component text-serif-m layout-normal text-serif-m layout-padded\">Et av de tyngste ankepunktene deres mot regjeringen og politikerne generelt, er kraftsituasjonen.<\/p>\n<p class=\"_paragraph_o9xde_4 _paragraph_xtcu6_10 layout-component text-serif-m layout-normal text-serif-m layout-padded\">\u2013 Mangel p\u00e5 kraft er prek\u00e6r, men vi ser ikke store nye grep fra regjeringen som vil bidra til \u00e5 l\u00f8se det. <a href=\"https:\/\/www.nho.no\/tema\/energi-miljo-og-klima\/artikler\/2024\/om-kun-fa-ar-vil-norge-fa-et-kraftunderskudd\/\" class=\"_link_o9xde_39\" rel=\"nofollow noopener\" target=\"_blank\">Kraftunderskuddet <\/a>n\u00e6rmer seg. LO og NHO vil ta initiativ til at vi setter oss ned sammen med regjeringen. Alle gir positive signaler, men for lite skjer, sier Almlid.<\/p>\n<p class=\"_paragraph_o9xde_4 _paragraph_xtcu6_10 layout-component text-serif-m layout-normal text-serif-m layout-padded\">LO-sjefen er enig.<\/p>\n<p class=\"_paragraph_o9xde_4 _paragraph_xtcu6_10 layout-component text-serif-m layout-normal text-serif-m layout-padded\">\u2013 Det g\u00e5r for sakte.<\/p>\n<p><img alt=\"Foto: G\u00f8ran Bohlin \/ VG\" class=\"_image_qp4xg_65 layout-component layout-normal\" data-fullscreen- data-track-element-type=\"Article image fullscreen\" data-track-name=\"ImageFullscreen\" decoding=\"async\" loading=\"lazy\" height=\"5504\" itemprop=\"image\"  src=\"https:\/\/www.europesays.com\/no\/wp-content\/uploads\/2026\/01\/a6e6d2b5-c8c0-4886-b935-93747f746809.jpeg\"  style=\"object-position:0% 0%\" width=\"8256\"\/>Foto: G\u00f8ran Bohlin \/ VG<\/p>\n<p class=\"_paragraph_o9xde_4 _paragraph_xtcu6_10 layout-component text-serif-m layout-normal text-serif-m layout-padded\">\u2013 Det er en kritikk som rammer din Ap-regjering?<\/p>\n<p class=\"_paragraph_o9xde_4 _paragraph_xtcu6_10 layout-component text-serif-m layout-normal text-serif-m layout-padded\">\u2013 Ja, men jeg vet at regjeringen ogs\u00e5 er opptatt av det. Det begynner \u00e5 skje noe, som gj\u00f8r at jeg tror vi kan greie \u00e5 komme p\u00e5 et bedre spor.<\/p>\n<p class=\"_paragraph_o9xde_4 _paragraph_xtcu6_10 layout-component text-serif-m layout-normal text-serif-m layout-padded\">\u2013 Dere tok i et <a href=\"https:\/\/www.vg.no\/nyheter\/i\/zA2XE4\/nho-sjefen-og-lo-sjefen-det-er-slik-det-blir-noen-ganger\" data-track-element-type=\"Link\" data-track-id=\"link:zA2XE4\" class=\"_link_o9xde_39\" rel=\"nofollow noopener\" target=\"_blank\">felles utspill i mai<\/a> til orde for at kommunene m\u00e5 p\u00e5legges en utredningsplikt for vindkraft. Det kan jeg ikke se spor av at regjeringen har fulgt opp?<\/p>\n<p class=\"_paragraph_o9xde_4 _paragraph_xtcu6_10 layout-component text-serif-m layout-normal text-serif-m layout-padded\">\u2013 Nei, vi m\u00e5 pushe dem mer. Vi skal v\u00e6re ut\u00e5lmodige og mase, sier hun.<\/p>\n<p class=\"_paragraph_o9xde_4 _paragraph_xtcu6_10 layout-component text-serif-m layout-normal text-serif-m layout-padded\">Holsether har nikket lenge.<\/p>\n<p class=\"_paragraph_o9xde_4 _paragraph_xtcu6_10 layout-component text-serif-m layout-normal text-serif-m layout-padded\">\u2013 V\u00e5r fabrikk i PorsgrunnV\u00e5r fabrikk i PorsgrunnHan er konsernsjef i storselskapet Yara, som har en fabrikk i Porsgrunn.  har doblet str\u00f8mkostnadene de siste fem \u00e5rene, sammenlignet med 2015\u20132020. Nyetableringer innenfor kraftkrevende industri er ikke mulig med dagens situasjon.<\/p>\n<p class=\"_paragraph_o9xde_4 _paragraph_xtcu6_10 layout-component text-serif-m layout-normal text-serif-m layout-padded\">Han er konsernsjef i industrigiganten Yara, i tillegg til \u00e5 ha vervet som presidentpresidentI NHO (N\u00e6ringslivets Hovedorganisasjon) er administrerende direkt\u00f8r og president to ulike roller med klart forskjellig ansvar:<\/p>\n<p>Administrerende direkt\u00f8r (AD)<\/p>\n<p>Er \u00f8verste daglige leder i NHO.<\/p>\n<p>Har ansvar for daglig drift, strategioppf\u00f8lging, organisasjonen og de ansatte.<\/p>\n<p>Er ansatt i NHO.<\/p>\n<p>President<\/p>\n<p>Er \u00f8verste tillitsvalgte i NHO.<\/p>\n<p>Velges av NHOs \u00e5rsm\u00f8te og representerer medlemsbedriftene.<\/p>\n<p>Leder NHOs styre\/representantskap og har et overordnet, politisk og strategisk ansvar.<\/p>\n<p> i NHO.<\/p>\n<p class=\"_paragraph_o9xde_4 _paragraph_xtcu6_10 layout-component text-serif-m layout-normal text-serif-m layout-padded\">Og krever handling.<\/p>\n<p class=\"_paragraph_o9xde_4 _paragraph_xtcu6_10 layout-component text-serif-m layout-normal text-serif-m layout-padded\">\u2013 Det er krise. Det er snart fem \u00e5r siden, sommeren 2021, at energiprisene begynte \u00e5 g\u00e5 opp i Europa. N\u00e5 st\u00e5r vi i 2026 og det er knapt gitt konsesjonkonsesjonKonsesjon er en tillatelse fra myndighetene til \u00e5 drive en bestemt type virksomhet, for eksempel utbygging av vindkraft. til noe i det hele tatt; i hvert fall ikke noe som har bidratt til \u00e5 bedre situasjonen.<\/p>\n<p>\u2013 Jeg blir redd<\/p>\n<p class=\"_paragraph_o9xde_4 _paragraph_xtcu6_10 layout-component text-serif-m layout-normal text-serif-m layout-padded\">Trump kommer ikke utenom \u00e5 bli mannen det prates om p\u00e5 onsdagens konferanse.<\/p>\n<p class=\"_paragraph_o9xde_4 _paragraph_xtcu6_10 layout-component text-serif-m layout-normal text-serif-m layout-padded\">\u2013 Det er all grunn til bekymring for fremtiden, n\u00e5r ogs\u00e5 USA angriper land og ikke respekterer <a href=\"https:\/\/snl.no\/folkerett\" class=\"_link_o9xde_39\" rel=\"nofollow noopener\" target=\"_blank\">Folkeretten<\/a>, sier Vistnes og legger til:<\/p>\n<p class=\"_paragraph_o9xde_4 _paragraph_xtcu6_10 layout-component text-serif-m layout-normal text-serif-m layout-padded\">\u2013 PolariseringPolariseringEn prosess der meninger og holdninger i en befolkning blir mer ekstreme og motstridende, ofte med mindre rom for kompromiss. og populisme tar mer og mer rommet i politikken. Det har blitt mindre plass for \u00e5 finne sammen og diskutere seg frem til gode, samlende politiske l\u00f8sninger.<\/p>\n<p><img alt=\"Foto: G\u00f8ran Bohlin \/ VG\" class=\"_image_qp4xg_65 layout-component layout-normal\" data-fullscreen- data-track-element-type=\"Article image fullscreen\" data-track-name=\"ImageFullscreen\" decoding=\"async\" loading=\"lazy\" height=\"5298\" itemprop=\"image\"  src=\"https:\/\/www.europesays.com\/no\/wp-content\/uploads\/2026\/01\/de9f7f46-313e-4bfb-9d99-d4d3a95b5b6c.jpeg\"  style=\"object-position:0% 0%\" width=\"7706\"\/>Foto: G\u00f8ran Bohlin \/ VG<\/p>\n<p class=\"_paragraph_o9xde_4 _paragraph_xtcu6_10 layout-component text-serif-m layout-normal text-serif-m layout-padded\">\u2013 Jeg er opptatt av det vi kan gj\u00f8re noe med. Norge er et lite land, som har tjent enormt mye p\u00e5 regelbasert global handel. N\u00e5r de reglene begynner \u00e5 skrives om \u2013 eller ikke gjelder lenger \u2013 er det en trussel for Norge, sier Holsether.<\/p>\n<p>Litt mer her:<\/p>\n<p class=\"_paragraph_o9xde_4 _paragraph_xtcu6_10 _paragraph_16v91_10 layout-component text-serif-m layout-normal text-sans-m layout-padded\">\u2013 500.000 arbeidstagere i Norge jobber i eksportbedrifter og 60 prosent av v\u00e5r eksport \u2013 verdt 1500 milliarder kroner \u2013 g\u00e5r til EU. Da m\u00e5 vi knytte oss n\u00e6rmere til dem som er n\u00e6rmest oss \u2013 og ikke s\u00e5 tvil om E\u00d8S-avtalen.<\/p>\n<p>Vis mer    <\/p>\n","protected":false},"excerpt":{"rendered":"LO-leder Kine Asper Vistnes og NHO-sjef Ole Erik Almlid lover tett samarbeid for \u00e5 finne langsiktige l\u00f8sninger for&hellip;\n","protected":false},"author":2,"featured_media":130702,"comment_status":"","ping_status":"","sticky":false,"template":"","format":"standard","meta":{"footnotes":""},"categories":[10],"tags":[20,21,24,25,15,22,23,3369,13,1150,15177,30,28,29,14,16,41,26,27],"class_list":{"0":"post-130701","1":"post","2":"type-post","3":"status-publish","4":"format-standard","5":"has-post-thumbnail","7":"category-norge","8":"tag-breaking-news","9":"tag-breakingnews","10":"tag-featured-news","11":"tag-featurednews","12":"tag-headlines","13":"tag-latest-news","14":"tag-latestnews","15":"tag-lo","16":"tag-news","17":"tag-nho","18":"tag-nhos-arskonferanse","19":"tag-no","20":"tag-norge","21":"tag-norway","22":"tag-nyheter","23":"tag-overskrifter","24":"tag-politikk","25":"tag-top-stories","26":"tag-topstories"},"share_on_mastodon":{"url":"https:\/\/pubeurope.com\/@no\/115850576114111283","error":""},"_links":{"self":[{"href":"https:\/\/www.europesays.com\/no\/wp-json\/wp\/v2\/posts\/130701","targetHints":{"allow":["GET"]}}],"collection":[{"href":"https:\/\/www.europesays.com\/no\/wp-json\/wp\/v2\/posts"}],"about":[{"href":"https:\/\/www.europesays.com\/no\/wp-json\/wp\/v2\/types\/post"}],"author":[{"embeddable":true,"href":"https:\/\/www.europesays.com\/no\/wp-json\/wp\/v2\/users\/2"}],"replies":[{"embeddable":true,"href":"https:\/\/www.europesays.com\/no\/wp-json\/wp\/v2\/comments?post=130701"}],"version-history":[{"count":0,"href":"https:\/\/www.europesays.com\/no\/wp-json\/wp\/v2\/posts\/130701\/revisions"}],"wp:featuredmedia":[{"embeddable":true,"href":"https:\/\/www.europesays.com\/no\/wp-json\/wp\/v2\/media\/130702"}],"wp:attachment":[{"href":"https:\/\/www.europesays.com\/no\/wp-json\/wp\/v2\/media?parent=130701"}],"wp:term":[{"taxonomy":"category","embeddable":true,"href":"https:\/\/www.europesays.com\/no\/wp-json\/wp\/v2\/categories?post=130701"},{"taxonomy":"post_tag","embeddable":true,"href":"https:\/\/www.europesays.com\/no\/wp-json\/wp\/v2\/tags?post=130701"}],"curies":[{"name":"wp","href":"https:\/\/api.w.org\/{rel}","templated":true}]}}