{"id":130703,"date":"2026-01-06T22:50:27","date_gmt":"2026-01-06T22:50:27","guid":{"rendered":"https:\/\/www.europesays.com\/no\/130703\/"},"modified":"2026-01-06T22:50:27","modified_gmt":"2026-01-06T22:50:27","slug":"kommer-tilbake-til-vesteralen-dette-er-etappene","status":"publish","type":"post","link":"https:\/\/www.europesays.com\/no\/130703\/","title":{"rendered":"Kommer tilbake til Vester\u00e5len \u2013 dette er etappene"},"content":{"rendered":"<p>I 2026 kommer Arctic Race of Norway tilbake til Vester\u00e5len for f\u00f8rste gang siden 2019. Tirsdag formiddag ble \u00e5rets etapper presentert p\u00e5 konferansen Nord i S\u00f8r i Oslo.<\/p>\n<p><strong>I \u00e5r blir Evenes, \u00d8ksnes, B\u00f8 og And\u00f8y vertskommuner.<\/strong><\/p>\n<p>P\u00e5 tredje og fjerde etappe blir det to t\u00f8ffe klatrestigninger, skriver de i en pressemelding. Det blir ogs\u00e5 gjensyn med klatringen opp til Storheia i Hadsel.<\/p>\n<p>Den f\u00f8rste etappen starter i Evenes 13. august og avsluttes med en massespurt p\u00e5 Myre.<\/p>\n<p>\u2013 P\u00e5 den andre etappen g\u00e5r ferden inn p\u00e5 And\u00f8ya, der rytterne f\u00e5r en naturskj\u00f8nn tras\u00e9 med tre krevende gruspartier p\u00e5 til sammen 13,6 kilometer, skriver de.<\/p>\n<p>  Etappene: Vis mer \u2193 <\/p>\n<ul class=\"List\">\n<li>\n<p>Torsdag 13. august \u2013 Etappe 1: Evenes \u2013 Myre, 181,7 km<\/p>\n<\/li>\n<li>\n<p>Fredag 14. august \u2013 Etappe 2: B\u00f8 i Vester\u00e5len \u2013 Andenes, 179, 2 km<\/p>\n<\/li>\n<li>\n<p>L\u00f8rdag 15. august \u2013 Etappe 3: Stokmarknes \u2013 Storheia, 142, 5 km<\/p>\n<\/li>\n<li>\n<p>S\u00f8ndag 16. august \u2013 Etappe 4: Sortland \u2013 Narvik, 190, 8 km<\/p>\n<\/li>\n<\/ul>\n<p>Dag Otto Lauritzen sier det er en spennende l\u00f8ype, blant annet med gruspartier, som kan v\u00e6re fryktinngydende.<\/p>\n<p>\u2013 Ogs\u00e5 er det to fine etapper med harde bakker, sier han.<\/p>\n<p>\u2013 Endelig skal vi tilbake, og det blir t\u00f8ft, sier rytter Andreas Leknessund.<\/p>\n<p>Det er 13. gang sykkelrittet skal g\u00e5 av stabelen og det har siden oppstarten v\u00e6rt innom nesten halvparten av kommunene i Nord-Norge med start og stoppetapper.<\/p>\n<p>\u2013 Det handler om mye mer enn de sekundene n\u00e5r rittene passerer. Dette er noe vi f\u00e5r til ilag, sa fylkesr\u00e5d for samferdsel i Nordland, Marianne Dobak Kvensj\u00f8, under presentasjonen i Oslo.<\/p>\n<p>Sist sykkelrittet var i Vester\u00e5len var det en spektakul\u00e6r etappe som endte opp p\u00e5 toppen av Storheia i Hadsel i str\u00e5lende v\u00e6r, med en durabelig folkefest.<\/p>\n<p>Lauritzen sier at Arctic Race er noe helt unikt:<\/p>\n<p>\u2013 Jeg har v\u00e6rt med siden tidenes morgen, i alle \u00e5r, og det har v\u00e6rt en fantastisk reise.<\/p>\n<p><strong>Datoene for sykkel-eventyret er 13. &#8211; 16. august.<\/strong><\/p>\n<p><img decoding=\"async\" src=\"data:image\/gif;base64,R0lGODlhEAAJAIAAAP\/\/\/wAAACH5BAEAAAAALAAAAAAQAAkAAAIKhI+py+0Po5yUFQA7\" alt=\"\"\/><br \/>\n  F\u00f8rste etappe g\u00e5r fra Evenes til Myre<br \/>\n  <strong>Foto:<\/strong> ARN<img decoding=\"async\" src=\"data:image\/gif;base64,R0lGODlhEAAJAIAAAP\/\/\/wAAACH5BAEAAAAALAAAAAAQAAkAAAIKhI+py+0Po5yUFQA7\" alt=\"\"\/><br \/>\n  Andre etappe g\u00e5r fra B\u00f8 til Andenes<br \/>\n  <strong>Foto:<\/strong> ARN<img decoding=\"async\" src=\"data:image\/gif;base64,R0lGODlhEAAJAIAAAP\/\/\/wAAACH5BAEAAAAALAAAAAAQAAkAAAIKhI+py+0Po5yUFQA7\" alt=\"\"\/><br \/>\n  Tredje etappe g\u00e5r fra Stokmarknes til Storheia<br \/>\n  <strong>Foto:<\/strong> ARN<img decoding=\"async\" src=\"data:image\/gif;base64,R0lGODlhEAAJAIAAAP\/\/\/wAAACH5BAEAAAAALAAAAAAQAAkAAAIKhI+py+0Po5yUFQA7\" alt=\"\"\/><br \/>\n  Fjerde og siste etappe g\u00e5r fra Sortland til Narvik<br \/>\n  <strong>Foto:<\/strong> ARN<a href=\"https:\/\/www.vol.no\/nyheter\/i\/pPow1R\/kommer-tilbake-til-vesteraalen\" rel=\"nofollow noopener\" target=\"_blank\"> <img decoding=\"async\" src=\"data:image\/gif;base64,R0lGODlhEAAJAIAAAP\/\/\/wAAACH5BAEAAAAALAAAAAAQAAkAAAIKhI+py+0Po5yUFQA7\" alt=\"\"\/>   Arctic Race kommer tilbake til Vester\u00e5len  <\/a> <\/p>\n<p>\u00c5pen <\/p>\n","protected":false},"excerpt":{"rendered":"I 2026 kommer Arctic Race of Norway tilbake til Vester\u00e5len for f\u00f8rste gang siden 2019. Tirsdag formiddag ble&hellip;\n","protected":false},"author":2,"featured_media":130704,"comment_status":"","ping_status":"","sticky":false,"template":"","format":"standard","meta":{"footnotes":""},"categories":[10],"tags":[358,20,21,6537,24,25,15,22,23,13,30,28,29,14,16,3482,12202,26,27,1106],"class_list":{"0":"post-130703","1":"post","2":"type-post","3":"status-publish","4":"format-standard","5":"has-post-thumbnail","7":"category-norge","8":"tag-arctic-race-of-norway","9":"tag-breaking-news","10":"tag-breakingnews","11":"tag-dag-otto-lauritzen","12":"tag-featured-news","13":"tag-featurednews","14":"tag-headlines","15":"tag-latest-news","16":"tag-latestnews","17":"tag-news","18":"tag-no","19":"tag-norge","20":"tag-norway","21":"tag-nyheter","22":"tag-overskrifter","23":"tag-oksnes","24":"tag-stokmarknes","25":"tag-top-stories","26":"tag-topstories","27":"tag-vesteralen"},"share_on_mastodon":{"url":"https:\/\/pubeurope.com\/@no\/115850603724851764","error":""},"_links":{"self":[{"href":"https:\/\/www.europesays.com\/no\/wp-json\/wp\/v2\/posts\/130703","targetHints":{"allow":["GET"]}}],"collection":[{"href":"https:\/\/www.europesays.com\/no\/wp-json\/wp\/v2\/posts"}],"about":[{"href":"https:\/\/www.europesays.com\/no\/wp-json\/wp\/v2\/types\/post"}],"author":[{"embeddable":true,"href":"https:\/\/www.europesays.com\/no\/wp-json\/wp\/v2\/users\/2"}],"replies":[{"embeddable":true,"href":"https:\/\/www.europesays.com\/no\/wp-json\/wp\/v2\/comments?post=130703"}],"version-history":[{"count":0,"href":"https:\/\/www.europesays.com\/no\/wp-json\/wp\/v2\/posts\/130703\/revisions"}],"wp:featuredmedia":[{"embeddable":true,"href":"https:\/\/www.europesays.com\/no\/wp-json\/wp\/v2\/media\/130704"}],"wp:attachment":[{"href":"https:\/\/www.europesays.com\/no\/wp-json\/wp\/v2\/media?parent=130703"}],"wp:term":[{"taxonomy":"category","embeddable":true,"href":"https:\/\/www.europesays.com\/no\/wp-json\/wp\/v2\/categories?post=130703"},{"taxonomy":"post_tag","embeddable":true,"href":"https:\/\/www.europesays.com\/no\/wp-json\/wp\/v2\/tags?post=130703"}],"curies":[{"name":"wp","href":"https:\/\/api.w.org\/{rel}","templated":true}]}}