{"id":130719,"date":"2026-01-06T23:14:22","date_gmt":"2026-01-06T23:14:22","guid":{"rendered":"https:\/\/www.europesays.com\/no\/130719\/"},"modified":"2026-01-06T23:14:22","modified_gmt":"2026-01-06T23:14:22","slug":"emilie-voe-nereng-michael-hansson","status":"publish","type":"post","link":"https:\/\/www.europesays.com\/no\/130719\/","title":{"rendered":"Emilie Voe Nereng, Michael Hansson"},"content":{"rendered":"\n<p>(<a href=\"https:\/\/www.akersposten.no\/emilie-voe-nereng-misliker-bestum-ingen-egen-identitet\/s\/5-142-304220\" rel=\"Follow nofollow noopener\" target=\"_blank\">Akersposten<\/a>): Kj\u00e6rligheten har gnistret mellom Emilie Voe Nereng (30) og Michael Nereng Hansson (36) siden de m\u00f8ttes i 2022.<\/p>\n<p>\u00c5ret etter forlovet de seg, og i sommer giftet de seg i et <a rel=\"Follow nofollow noopener\" href=\"https:\/\/www.nettavisen.no\/kjendis\/emilie-nereng-er-gift\/s\/5-95-2512884\" target=\"_blank\">storslagent bryllup i Kroatia<\/a>.<\/p>\n<p>   <img decoding=\"async\" width=\"3204\" height=\"2403\" fetchpriority=\"low\"  loading=\"lazy\"  src=\"https:\/\/www.europesays.com\/no\/wp-content\/uploads\/2026\/01\/37ADB10E-B811-4321-945B-6E73A0286CFB_1_201_a.jpeg\" alt=\"Oslo 20231207. &#10;nfluenser Emilie \u00abVoe\u00bb Nereng og forloveden Michael Hansson.   R\u00f8de l\u00f8per f\u00f8r premieren av den aller siste episoden av \" the=\"\" crown=\"\" p=\"\" operahuset=\"\" i=\"\" oslo.=\"\" foto:=\"\" terje=\"\" bendiksby=\"\" ntb=\"\" class=\"brick-c-cFOWSL\" style=\"--brick-image-ratio: 3204 \/ 2403;\"\/><\/p>\n<p>      Emilie Voe Nereng (30) og Michael Nereng Hansson (36) p\u00e5 en premiere i 2023.<br \/>\n      Foto: Terje Bendiksby \/ NTB\n    <\/p>\n<p>Voe Nereng er en av Norges st\u00f8rste influensere, mens Nereng Hansson jobber med kommunikasjon i eget selskap. Gjennom sosiale medier og ulike TV-programmer har de gitt seerne innblikk i livene sine.<\/p>\n<p><b>Les ogs\u00e5: <a rel=\"Follow nofollow noopener\" href=\"https:\/\/www.nettavisen.no\/kjendis\/m-rtha-louise-og-durek-verrett-med-marius-borg-hoiby-og-mette-marit-krav\/s\/5-95-2809623\" target=\"_blank\">M\u00e4rtha Louise og Durek med H\u00f8iby-krav<\/a><\/b><\/p>\n<p><b>Ekteparet bor for tiden i en leilighet p\u00e5 Gr\u00fcnerl\u00f8kka. Men n\u00e5 vurderer de \u00e5 kj\u00f8pe en ny bolig.<\/b><\/p>\n<p>\u2013 Vi har kikket p\u00e5 mye forskjellig. Oslo passer meg perfekt, men jeg har ingen store favorittbydeler utenfor Oslo. N\u00e5r vi kikker p\u00e5 hus, m\u00e5 vi ut av sentrum, sier Voe Nereng i en oppdatering p\u00e5 Snapchat.<\/p>\n<p>    Vil du se neste video?<\/p>\n<p>    <a href=\"https:\/\/www.nettavisen.no\/nyheter\/ukrainsk-jagerfly-odelegger-for-vladimir-putin-i-pokrovsk\/v\/5-95-2807927\" class=\"recommend-poster\" data-adp-clicklabel=\"video-recommend\" data-adp-clickvalue=\"poster\" rel=\"nofollow noopener\" target=\"_blank\"><br \/>\n      <img decoding=\"async\" width=\"200\" height=\"200\" loading=\"lazy\" src=\"https:\/\/www.europesays.com\/no\/wp-content\/uploads\/2026\/01\/JAGERFLY+BREDDE.jpg\" alt=\"\" class=\"brick-c-cFOWSL\" style=\"--brick-image-ratio: 200 \/ 200;\"\/><\/p>\n<p>Nye bilder: Rammer Putin hardt0:41<\/p>\n<p>    <\/a><\/p>\n<p>Dr\u00f8mmer om felles sted<\/p>\n<p>30-\u00e5ringen forteller at de ikke har s\u00e5 mange bekjente som har flyttet enn\u00e5. Dermed vet hun ikke hvor de bosetter seg, noe som gj\u00f8r boligjakten mer krevende.<\/p>\n<p>\u2013 Jeg vil egentlig at alle skal bli enige om en gate der alle skal bo, og s\u00e5 kj\u00f8per alle seg rekkehus ved siden av hverandre. Det hadde v\u00e6rt dr\u00f8mmen, men det skjer jo ikke at alle har samme budsjett og tar samme hensyn, sier hun p\u00e5 Snapchat.<\/p>\n<p>   <img decoding=\"async\" width=\"4032\" height=\"3024\" fetchpriority=\"low\"  loading=\"lazy\"  src=\"https:\/\/www.europesays.com\/no\/wp-content\/uploads\/2026\/01\/Bestum.bin.jpeg\" alt=\"\" class=\"brick-c-cFOWSL\" style=\"--brick-image-ratio: 4032 \/ 3024;\"\/><\/p>\n<p>      Emilie Voe Nereng har sett p\u00e5 flere omr\u00e5der i Oslo vest. Her fra Bestum.<br \/>\n      Foto: Christian Fredrik Borg \/ Akersposten\/Ullern Avis\n    <\/p>\n<p><b>P\u00e5 samme sted har hun ogs\u00e5 delt at hun brukte nesten seks timer p\u00e5 Finn en av de siste ukene f\u00f8r jul. Der tok hun ogs\u00e5 med f\u00f8lgerne til ett av husene de vurderte \u00e5 kj\u00f8pe, som ligger p\u00e5 Bestum.<\/b><\/p>\n<p><b>Les ogs\u00e5:<a rel=\"Follow nofollow noopener\" href=\"https:\/\/www.nettavisen.no\/kjendis\/pilotfrue-freser-mot-rattent-miljo-i-oslo-vest-dobbeltliv\/s\/5-95-2804116\" target=\"_blank\"> Influenseren opps\u00f8kte Oslo vest: \u2013 R\u00e5ttent milj\u00f8<\/a><\/b><\/p>\n<p>\u2013 Det er sykt n\u00e6rme byen. Det tok oss fem til ti minutter \u00e5 kj\u00f8re. Men det var ikke n\u00f8dvendigvis s\u00e5 koselig. Det var ingen egen identitet i omr\u00e5det.<\/p>\n<p>    Vil du se neste video?<\/p>\n<p>    <a href=\"https:\/\/www.nettavisen.no\/kjendis\/bloggerne-influenserne-om-stortingsvalget-jens-stoltenberg-er-veldig-flott\/v\/5-95-2562141\" class=\"recommend-poster\" data-adp-clicklabel=\"video-recommend\" data-adp-clickvalue=\"poster\" rel=\"nofollow noopener\" target=\"_blank\"><br \/>\n      <img decoding=\"async\" width=\"200\" height=\"200\" loading=\"lazy\" src=\"https:\/\/www.europesays.com\/no\/wp-content\/uploads\/2025\/08\/Caroline+Nitter.jpg\" alt=\"\" class=\"brick-c-cFOWSL\" style=\"--brick-image-ratio: 200 \/ 200;\"\/><\/p>\n<p>\u2013 Han er veldig flott. Han er Norges Obama1:45<\/p>\n<p>    <\/a><\/p>\n<p>Vurderer flere steder<\/p>\n<p>Foruten Bestum har ekteparet ogs\u00e5 sett p\u00e5 hus p\u00e5 Slemdal, Kjels\u00e5s, Nordstrand og i B\u00e6rum, if\u00f8lge Voe Nereng.<\/p>\n<p>Hun \u00f8nsker ikke \u00e5 utdype kritikken eller boligjakten ellers overfor Akersposten\/Ullern Avis. Ekteparet er for tiden for tiden p\u00e5 bryllupsreise i S\u00f8r-Afrika.<\/p>\n<p><b>Les ogs\u00e5: <a rel=\"Follow nofollow noopener\" href=\"https:\/\/www.nettavisen.no\/kjendis\/flytrobbel-for-skal-vi-danse-profilene\/s\/5-95-2804822\" target=\"_blank\">Flykaos for Tale Torjussen: \u2013 Seri\u00f8st s\u00e5 sint<\/a><\/b><\/p>\n<p>Voe Nereng ble kjent allerede som ten\u00e5ring da hun drev en av Norges st\u00f8rste blogger. Siden la hun den ned og trakk seg tilbake fra offentligheten.<\/p>\n<p><b>De siste \u00e5rene har hun f\u00e5tt stor oppmerksomhet som influenser, og hun er spesielt opptatt av mat og ern\u00e6ring. Hun har nesten 350.000 f\u00f8lgere p\u00e5 Instagram.<\/b><\/p>\n<p><a class=\"simple-relation related-teaser article--c-eRUmMG article--c-eRUmMG-fZoQSp-design-nettavisen article--c-eRUmMG-gwthdJ-cv\" href=\"https:\/\/www.nettavisen.no\/toppolitiker-selger-huset-pa-roa-etter-26-ar\/s\/5-142-303876\" rel=\"nofollow noopener\" target=\"_blank\">Toppolitiker selger huset p\u00e5 R\u00f8a etter 26 \u00e5r<\/a><\/p>\n<p><a class=\"simple-relation related-teaser article--c-eRUmMG article--c-eRUmMG-fZoQSp-design-nettavisen article--c-eRUmMG-gwthdJ-cv\" href=\"https:\/\/www.nettavisen.no\/millardararving-og-kjaresten-punget-ut-22-millioner-kroner-for-ullern-bolig-her-tror-vi-at-vi-vil-trives-godt\/s\/5-142-276731\" rel=\"nofollow noopener\" target=\"_blank\">Millard\u00e6rarving og kj\u00e6resten punget ut 22 millioner kroner for Ullern-bolig: \u2013 Her tror vi at vi vil trives godt<\/a><\/p>\n<p><a class=\"simple-relation related-teaser article--c-eRUmMG article--c-eRUmMG-fZoQSp-design-nettavisen article--c-eRUmMG-gwthdJ-cv\" href=\"https:\/\/www.nettavisen.no\/nrk-profilens-nabolag-beskrives-som-bygda-i-byen-elg-og-rev-i-hagen-hver-dag\/s\/5-142-303643\" rel=\"nofollow noopener\" target=\"_blank\">NRK-profilens nabolag beskrives som \u00abbygda i byen\u00bb: \u2013 Elg og rev i hagen hver dag<\/a><\/p>\n","protected":false},"excerpt":{"rendered":"(Akersposten): Kj\u00e6rligheten har gnistret mellom Emilie Voe Nereng (30) og Michael Nereng Hansson (36) siden de m\u00f8ttes i&hellip;\n","protected":false},"author":2,"featured_media":130720,"comment_status":"","ping_status":"","sticky":false,"template":"","format":"standard","meta":{"footnotes":""},"categories":[58],"tags":[71,30,28,29,72],"class_list":{"0":"post-130719","1":"post","2":"type-post","3":"status-publish","4":"format-standard","5":"has-post-thumbnail","7":"category-underholdning","8":"tag-entertainment","9":"tag-no","10":"tag-norge","11":"tag-norway","12":"tag-underholdning"},"share_on_mastodon":{"url":"https:\/\/pubeurope.com\/@no\/115850697959415808","error":""},"_links":{"self":[{"href":"https:\/\/www.europesays.com\/no\/wp-json\/wp\/v2\/posts\/130719","targetHints":{"allow":["GET"]}}],"collection":[{"href":"https:\/\/www.europesays.com\/no\/wp-json\/wp\/v2\/posts"}],"about":[{"href":"https:\/\/www.europesays.com\/no\/wp-json\/wp\/v2\/types\/post"}],"author":[{"embeddable":true,"href":"https:\/\/www.europesays.com\/no\/wp-json\/wp\/v2\/users\/2"}],"replies":[{"embeddable":true,"href":"https:\/\/www.europesays.com\/no\/wp-json\/wp\/v2\/comments?post=130719"}],"version-history":[{"count":0,"href":"https:\/\/www.europesays.com\/no\/wp-json\/wp\/v2\/posts\/130719\/revisions"}],"wp:featuredmedia":[{"embeddable":true,"href":"https:\/\/www.europesays.com\/no\/wp-json\/wp\/v2\/media\/130720"}],"wp:attachment":[{"href":"https:\/\/www.europesays.com\/no\/wp-json\/wp\/v2\/media?parent=130719"}],"wp:term":[{"taxonomy":"category","embeddable":true,"href":"https:\/\/www.europesays.com\/no\/wp-json\/wp\/v2\/categories?post=130719"},{"taxonomy":"post_tag","embeddable":true,"href":"https:\/\/www.europesays.com\/no\/wp-json\/wp\/v2\/tags?post=130719"}],"curies":[{"name":"wp","href":"https:\/\/api.w.org\/{rel}","templated":true}]}}