{"id":130727,"date":"2026-01-06T23:35:08","date_gmt":"2026-01-06T23:35:08","guid":{"rendered":"https:\/\/www.europesays.com\/no\/130727\/"},"modified":"2026-01-06T23:35:08","modified_gmt":"2026-01-06T23:35:08","slug":"amy-schumer-soker-om-skilsmisse-fra-ektemannen","status":"publish","type":"post","link":"https:\/\/www.europesays.com\/no\/130727\/","title":{"rendered":"Amy Schumer s\u00f8ker om skilsmisse fra ektemannen"},"content":{"rendered":"\n<p class=\"_lead_o9xde_2 _lead_xtcu6_50 layout-component text-serif-m layout-normal text-serif-l layout-component layout-wide layout-padded _wide_17hqh_1 layout-padded\">Komikeren har levert papirene til retten i New York.<\/p>\n<p><img alt=\"Amy Schumer og mannen Chris Fischer Foto: Evan Agostini \/ AP \/ NTB\" class=\"_image_qp4xg_65 layout-component layout-wide\" data-fullscreen- data-track-element-type=\"Article image fullscreen\" data-track-name=\"ImageFullscreen\" fetchpriority=\"high\" decoding=\"sync\" loading=\"eager\" height=\"1954\" itemprop=\"image\"  src=\"https:\/\/www.europesays.com\/no\/wp-content\/uploads\/2026\/01\/d7ab1a39-ba12-49cf-9410-11c64cab73af.jpeg\"  style=\"object-position:0% 0%\" width=\"2930\"\/>Amy Schumer og mannen Chris Fischer Foto: Evan Agostini \/ AP \/ NTB<\/p>\n<ul aria-hidden=\"true\" class=\"_images_ntbth_112\">\n<li><a class=\"_link_ntbth_117\" href=\"https:\/\/www.vg.no\/forfatter\/kari-aarstad-aase\" style=\"z-index:1\" title=\"Kari Aarstad Aase\" rel=\"nofollow noopener\" target=\"_blank\"><img alt=\"Bilde av Kari Aarstad Aase\" class=\"_image_ntbth_93\" fetchpriority=\"low\" loading=\"lazy\" decoding=\"async\" itemprop=\"image\"  src=\"https:\/\/www.europesays.com\/no\/wp-content\/uploads\/2026\/01\/1767742507_297_0dbde33e-6d8e-4680-8e4f-e2a64281e2b8.jpeg\"  width=\"480\"\/><\/a><\/li>\n<\/ul>\n<p> Oppdatert tirsdag 6. januar kl. 23:54     <\/p>\n<p class=\"_paragraph_o9xde_4 _paragraph_xtcu6_10 layout-component text-serif-m layout-normal text-serif-m layout-padded\"><a href=\"https:\/\/www.vg.no\/tag\/amy-schumer?utm_source=vg-article&amp;utm_medium=auto-tagger&amp;utm_campaign=16nEoW\" class=\"_link_o9xde_39\" rel=\"nofollow noopener\" target=\"_blank\">Amy Schumer<\/a> har offisielt s\u00f8kt om skilsmisse fra ektemannen Chris Fischer etter syv \u00e5rs ekteskap, melder <a href=\"https:\/\/www.tmz.com\/2026\/01\/06\/amy-schumer-chris-fischer-divorce\/#continued\" class=\"_link_o9xde_39\" rel=\"nofollow noopener\" target=\"_blank\">TMZ<\/a>.<\/p>\n<p class=\"_paragraph_o9xde_4 _paragraph_xtcu6_10 layout-component text-serif-m layout-normal text-serif-m layout-padded\">Komikeren leverte skilsmissepapirene til retten i New York tirsdag, if\u00f8lge rettsdokumenter.<\/p>\n<p class=\"_paragraph_o9xde_4 _paragraph_xtcu6_10 layout-component text-serif-m layout-normal text-serif-m layout-padded\">Skilsmissen kommer ikke som noen overraskelse. Schumer kunngjorde i desember at hun og Fischer skulle skilles.<\/p>\n<p><img alt=\"Amy Schumer og mannen Chris Fischer  Foto: Chris Pizzello \/ AP \/ NTB\" class=\"_image_qp4xg_65 layout-component layout-normal\" data-fullscreen- data-track-element-type=\"Article image fullscreen\" data-track-name=\"ImageFullscreen\" decoding=\"async\" loading=\"lazy\" height=\"3898\" itemprop=\"image\"  src=\"https:\/\/www.europesays.com\/no\/wp-content\/uploads\/2026\/01\/a8da5ba0-60a1-4406-8c93-deee6dbebeec.jpeg\"  style=\"object-position:0% 0%\" width=\"5940\"\/>Amy Schumer og mannen Chris Fischer  Foto: Chris Pizzello \/ AP \/ NTB<\/p>\n<p class=\"_paragraph_o9xde_4 _paragraph_xtcu6_10 layout-component text-serif-m layout-normal text-serif-m layout-padded\">\u2013 Chris og jeg har tatt den vanskelige beslutningen om \u00e5 avslutte ekteskapet v\u00e5rt etter syv \u00e5r. Vi elsker hverandre h\u00f8yt og vil fortsette \u00e5 fokusere p\u00e5 \u00e5 oppdra s\u00f8nnen v\u00e5r, skrev hun p\u00e5 sosiale medier.<\/p>\n<p class=\"_paragraph_o9xde_4 _paragraph_xtcu6_10 layout-component text-serif-m layout-normal text-serif-m layout-padded\">Paret giftet seg i februar 2018 og sammen har de s\u00f8nnen Gene p\u00e5 seks \u00e5r.<\/p>\n<p class=\"_paragraph_o9xde_4 _paragraph_xtcu6_10 layout-component text-serif-m layout-normal text-serif-m layout-padded\">Skilsmissedokumentene er ikke tilgjengelige enn\u00e5, s\u00e5 detaljer om separasjonsdato, foreldrerett og \u00f8konomisk st\u00f8tte er ikke kjent.<\/p>\n<p class=\"_paragraph_o9xde_4 _paragraph_xtcu6_10 layout-component text-serif-m layout-normal text-serif-m layout-padded\">Schumer indikerte forrige m\u00e5ned at skilsmissen skulle g\u00e5 fredelig for seg.<\/p>\n<p class=\"_paragraph_o9xde_4 _paragraph_xtcu6_10 layout-component text-serif-m layout-normal text-serif-m layout-padded\">\u2013 Minnelig og bare kj\u00e6rlighet og respekt! Familie for alltid, skrev hun.<\/p>\n","protected":false},"excerpt":{"rendered":"Komikeren har levert papirene til retten i New York. Amy Schumer og mannen Chris Fischer Foto: Evan Agostini&hellip;\n","protected":false},"author":2,"featured_media":130728,"comment_status":"","ping_status":"","sticky":false,"template":"","format":"standard","meta":{"footnotes":"","_share_on_mastodon":"0"},"categories":[58],"tags":[8163,71,30,28,29,72,46],"class_list":["post-130727","post","type-post","status-publish","format-standard","has-post-thumbnail","category-underholdning","tag-amy-schumer","tag-entertainment","tag-no","tag-norge","tag-norway","tag-underholdning","tag-vgai"],"share_on_mastodon":{"url":"https:\/\/pubeurope.com\/@no\/115850780506128908","error":""},"_links":{"self":[{"href":"https:\/\/www.europesays.com\/no\/wp-json\/wp\/v2\/posts\/130727","targetHints":{"allow":["GET"]}}],"collection":[{"href":"https:\/\/www.europesays.com\/no\/wp-json\/wp\/v2\/posts"}],"about":[{"href":"https:\/\/www.europesays.com\/no\/wp-json\/wp\/v2\/types\/post"}],"author":[{"embeddable":true,"href":"https:\/\/www.europesays.com\/no\/wp-json\/wp\/v2\/users\/2"}],"replies":[{"embeddable":true,"href":"https:\/\/www.europesays.com\/no\/wp-json\/wp\/v2\/comments?post=130727"}],"version-history":[{"count":0,"href":"https:\/\/www.europesays.com\/no\/wp-json\/wp\/v2\/posts\/130727\/revisions"}],"wp:featuredmedia":[{"embeddable":true,"href":"https:\/\/www.europesays.com\/no\/wp-json\/wp\/v2\/media\/130728"}],"wp:attachment":[{"href":"https:\/\/www.europesays.com\/no\/wp-json\/wp\/v2\/media?parent=130727"}],"wp:term":[{"taxonomy":"category","embeddable":true,"href":"https:\/\/www.europesays.com\/no\/wp-json\/wp\/v2\/categories?post=130727"},{"taxonomy":"post_tag","embeddable":true,"href":"https:\/\/www.europesays.com\/no\/wp-json\/wp\/v2\/tags?post=130727"}],"curies":[{"name":"wp","href":"https:\/\/api.w.org\/{rel}","templated":true}]}}