{"id":130731,"date":"2026-01-06T23:42:10","date_gmt":"2026-01-06T23:42:10","guid":{"rendered":"https:\/\/www.europesays.com\/no\/130731\/"},"modified":"2026-01-06T23:42:10","modified_gmt":"2026-01-06T23:42:10","slug":"buckingham-palace-svarer-etter-avsloring","status":"publish","type":"post","link":"https:\/\/www.europesays.com\/no\/130731\/","title":{"rendered":"Buckingham Palace svarer etter avsl\u00f8ring"},"content":{"rendered":"<p>        Saken oppsummert<\/p>\n<ul lang=\"nb-NO\">\n<li>Buckingham Palace svarer etter avsl\u00f8ringen om den omfattende helikopterbruken til den britiske kongefamilien.<\/li>\n<li>Rapporten viser at de kongeliges helikoptre har flydd over 93 000 mil siden februar i fjor.<\/li>\n<li>Helikoptrene er viktige for \u00e5 n\u00e5 avsidesliggende omr\u00e5der og utf\u00f8re flere oppdrag p\u00e5 \u00e9n dag..<\/li>\n<\/ul>\n<p class=\"italic ai-disclaimer\" data-lab-italic=\"italic\">Oppsummeringen er laget med kunstig intelligens (KI) fra OpenAI. Innholdet er kvalitetssikret av TV 2s journalister. <a target=\"_blank\" href=\"https:\/\/hjelp.tv2.no\/info\/artikkel\/slik-jobber-vi-med-ki-i-tv-2\" title=\"Les om hvordan vi jobber med KI\" rel=\"nofollow noopener\">Les om hvordan vi jobber med KI<\/a><\/p>\n<p>En av de kongeliges mange oppgaver, inneb\u00e6rer \u00e5 reise rundt. Som kongelig mangler man ikke muligheter for \u00e5 komme seg rundt, og helikopter er et flittig brukt fremkomstmiddel.<\/p>\n<p>Forrige uke kunne <a href=\"https:\/\/www.telegraph.co.uk\/news\/2026\/01\/04\/eco-king-airmiles-to-fly-twice-round-world-helicopters\/\" rel=\"nofollow noopener\" target=\"_blank\">The Telegraph<\/a> vise til en rapport hvor det kom frem at den britiske kongefamiliens to nye helikopter allerede har flydd over 93.000 mil siden februar i fjor. Det tilsvarer to runder rundt kloden, if\u00f8lge mediet.\u00a0<\/p>\n<p>Et av helikoptrene fl\u00f8y i 420 timer mellom februar og november.<\/p>\n<p>Avsl\u00f8ringen f\u00e5r Buckingham Palace til \u00e5 ta bladet fra munnen.<\/p>\n<p>\u2013 Viktig<\/p>\n<p>Overfor The Telegraph forklarer en talsperson fra Buckingham Palace at helikoptrene gj\u00f8r at de kongelige blir mer fleksible og kommer seg lettere frem til flere kongelige oppdrag p\u00e5 \u00e9n dag.<\/p>\n<p>        <img class=\"image__img lazyload\" itemprop=\"image\" title=\"Foto: Toby Melville \/ Reuters \/ NTB\" alt=\"OVER SLOTTET: Kongehusets helikopter over Buckingham Palace i fjor. Foto: Toby Melville \/ Reuters \/ NTB\" width=\"675\" height=\"453\" bad-src=\"https:\/\/www.europesays.com\/no\/wp-content\/uploads\/2026\/01\/18437793.webp.jpeg\" fetchpriority=\"auto\" \/><\/p>\n<p>      OVER SLOTTET: Kongehusets helikopter over Buckingham Palace i fjor.<br \/>\n         Foto: Toby Melville \/ Reuters \/ NTB<\/p>\n<p>\u2013 Helikoptre er en viktig del av den kongelige reiseplanen p\u00e5 grunn av deres unike evne til \u00e5 n\u00e5 avsidesliggende omr\u00e5der i Storbritannia som ellers ikke er lett tilgjengelige med andre transportmidler.<\/p>\n<p>I The Telegraphs rapport kommer det frem at det er prinsesse Anne (75), etterfulgt av prins William (43) og prinsesse Kate (43), som oftest er passasjer. Kong Charles (77) benytter seg sjelden av helikopter.<\/p>\n<p>Fikk ikke fly sammen<\/p>\n<p>Selv om kongelige ofte bruker helikopter for \u00e5 komme seg fra et oppdrag til et annet, f\u00e5r de angivelig ikke kj\u00f8re sammen.<\/p>\n<p>I 2023 ble kong Charles&#8217; tidligere helikopterpilot Graham Laurie intervjuet i podkasten \u00abA Right Royal Podcast\u00bb at den dav\u00e6rende prins Charles, prinsesse Diana, prins William og prins Harry (41) m\u00e5tte f\u00e5 dronning Elizabeths skriftlige tillatelse til \u00e5 fly sammen frem til prins William fylte tolv \u00e5r.<\/p>\n<p>Etter dette, ble familien splittet i ulike fremkomstmiddel.<\/p>\n<p>\u2013 De fl\u00f8y sammen, prins Charles, prinsesse Diana, prins William og prins Harry frem til William fylte tolv \u00e5r. Etter det m\u00e5tte vi kj\u00f8re to separate helikopter, sa Laurie den gang, gjengitt av <a href=\"https:\/\/people.com\/buckingham-palace-defends-royal-family-helicopter-use-mileage-sparks-scrutiny-11879232\" rel=\"nofollow noopener\" target=\"_blank\">People<\/a>.<\/p>\n<p>\u00c5rsaken til dette skal v\u00e6re en protokoll om at tronarvinger ikke skal reise sammen, for \u00e5 sikre monarkiets fremtid dersom det skulle skje en ulykke.<\/p>\n","protected":false},"excerpt":{"rendered":"Saken oppsummert Buckingham Palace svarer etter avsl\u00f8ringen om den omfattende helikopterbruken til den britiske kongefamilien. Rapporten viser at&hellip;\n","protected":false},"author":2,"featured_media":130732,"comment_status":"","ping_status":"","sticky":false,"template":"","format":"standard","meta":{"footnotes":""},"categories":[58],"tags":[71,30,28,29,72],"class_list":{"0":"post-130731","1":"post","2":"type-post","3":"status-publish","4":"format-standard","5":"has-post-thumbnail","7":"category-underholdning","8":"tag-entertainment","9":"tag-no","10":"tag-norge","11":"tag-norway","12":"tag-underholdning"},"share_on_mastodon":{"url":"https:\/\/pubeurope.com\/@no\/115850808017137521","error":""},"_links":{"self":[{"href":"https:\/\/www.europesays.com\/no\/wp-json\/wp\/v2\/posts\/130731","targetHints":{"allow":["GET"]}}],"collection":[{"href":"https:\/\/www.europesays.com\/no\/wp-json\/wp\/v2\/posts"}],"about":[{"href":"https:\/\/www.europesays.com\/no\/wp-json\/wp\/v2\/types\/post"}],"author":[{"embeddable":true,"href":"https:\/\/www.europesays.com\/no\/wp-json\/wp\/v2\/users\/2"}],"replies":[{"embeddable":true,"href":"https:\/\/www.europesays.com\/no\/wp-json\/wp\/v2\/comments?post=130731"}],"version-history":[{"count":0,"href":"https:\/\/www.europesays.com\/no\/wp-json\/wp\/v2\/posts\/130731\/revisions"}],"wp:featuredmedia":[{"embeddable":true,"href":"https:\/\/www.europesays.com\/no\/wp-json\/wp\/v2\/media\/130732"}],"wp:attachment":[{"href":"https:\/\/www.europesays.com\/no\/wp-json\/wp\/v2\/media?parent=130731"}],"wp:term":[{"taxonomy":"category","embeddable":true,"href":"https:\/\/www.europesays.com\/no\/wp-json\/wp\/v2\/categories?post=130731"},{"taxonomy":"post_tag","embeddable":true,"href":"https:\/\/www.europesays.com\/no\/wp-json\/wp\/v2\/tags?post=130731"}],"curies":[{"name":"wp","href":"https:\/\/api.w.org\/{rel}","templated":true}]}}