{"id":130737,"date":"2026-01-07T00:22:07","date_gmt":"2026-01-07T00:22:07","guid":{"rendered":"https:\/\/www.europesays.com\/no\/130737\/"},"modified":"2026-01-07T00:22:07","modified_gmt":"2026-01-07T00:22:07","slug":"vest-politidistrikt-savnet-savnet-tenaringsgutt-er-funnet","status":"publish","type":"post","link":"https:\/\/www.europesays.com\/no\/130737\/","title":{"rendered":"Vest politidistrikt, Savnet | Savnet ten\u00e5ringsgutt er funnet"},"content":{"rendered":"\n<p>Operasjonsleder i Vest politidistrikt, Morten Rebnord, opplyste tirsdag kveld at en ten\u00e5ringsgutt var meldt savnet fra en institusjon ved Svartediket i \u00c5rstad.<\/p>\n<p>Politiet ble varslet av ansatte ved institusjonen like etter klokken 1800. <\/p>\n<p><b>Den savnede gutten er funnet, bekrefter politiet til BA klokken 2245.<\/b><\/p>\n<p>\u2013 Det var en bilist som gjenkjente ham etter \u00e5 ha sett bilde i avisen, sier Rebnord.<\/p>\n<p>\u2013 Han er litt kald, men uskadet, legger han til.<\/p>\n<p>Iverksatte redningsaksjon<\/p>\n<p>Politiet har gjennom kvelden gjort s\u00f8k med flere ressurser i Bergen og omegn. De lette i et stort omr\u00e5de, uttalte Rebnord.<\/p>\n<p>Klokken 2206 meldte politiet at de hadde iverksatt en redningsaksjon. <\/p>\n<p>\u2013 Politiet fikk for kort tid siden tips fra en bussj\u00e5f\u00f8r som mente at han hadde observert savnede p\u00e5 Loddefjord terminal i 1845-tiden, opplyste operasjonslederen.<\/p>\n<p>Personell fra R\u00f8de Kors, Norsk Folkehjelp, Norske redningshunder og politiressurser s\u00f8kte etter savnede i Loddefjord og omegn.<\/p>\n<p>Rundt klokken 2225 ble gutten funnet g\u00e5ende langs Straumeveien.<\/p>\n<p>\u2013 Det var store ressurser i sving. Vi hadde et godt h\u00e5p om \u00e5 finne ham i live, sier Rebnord til BA.<\/p>\n","protected":false},"excerpt":{"rendered":"Operasjonsleder i Vest politidistrikt, Morten Rebnord, opplyste tirsdag kveld at en ten\u00e5ringsgutt var meldt savnet fra en institusjon&hellip;\n","protected":false},"author":2,"featured_media":130738,"comment_status":"","ping_status":"","sticky":false,"template":"","format":"standard","meta":{"footnotes":""},"categories":[5],"tags":[36,20,21,24,25,15,19,22,23,17,18,13,30,28,29,14,16,48,1510,26,27,213],"class_list":{"0":"post-130737","1":"post","2":"type-post","3":"status-publish","4":"format-standard","5":"has-post-thumbnail","7":"category-overskrifter","8":"tag-art","9":"tag-breaking-news","10":"tag-breakingnews","11":"tag-featured-news","12":"tag-featurednews","13":"tag-headlines","14":"tag-hovedoppslag","15":"tag-latest-news","16":"tag-latestnews","17":"tag-main-news","18":"tag-mainnews","19":"tag-news","20":"tag-no","21":"tag-norge","22":"tag-norway","23":"tag-nyheter","24":"tag-overskrifter","25":"tag-savnet","26":"tag-story","27":"tag-top-stories","28":"tag-topstories","29":"tag-vest-politidistrikt"},"share_on_mastodon":{"url":"https:\/\/pubeurope.com\/@no\/115850965335310337","error":""},"_links":{"self":[{"href":"https:\/\/www.europesays.com\/no\/wp-json\/wp\/v2\/posts\/130737","targetHints":{"allow":["GET"]}}],"collection":[{"href":"https:\/\/www.europesays.com\/no\/wp-json\/wp\/v2\/posts"}],"about":[{"href":"https:\/\/www.europesays.com\/no\/wp-json\/wp\/v2\/types\/post"}],"author":[{"embeddable":true,"href":"https:\/\/www.europesays.com\/no\/wp-json\/wp\/v2\/users\/2"}],"replies":[{"embeddable":true,"href":"https:\/\/www.europesays.com\/no\/wp-json\/wp\/v2\/comments?post=130737"}],"version-history":[{"count":0,"href":"https:\/\/www.europesays.com\/no\/wp-json\/wp\/v2\/posts\/130737\/revisions"}],"wp:featuredmedia":[{"embeddable":true,"href":"https:\/\/www.europesays.com\/no\/wp-json\/wp\/v2\/media\/130738"}],"wp:attachment":[{"href":"https:\/\/www.europesays.com\/no\/wp-json\/wp\/v2\/media?parent=130737"}],"wp:term":[{"taxonomy":"category","embeddable":true,"href":"https:\/\/www.europesays.com\/no\/wp-json\/wp\/v2\/categories?post=130737"},{"taxonomy":"post_tag","embeddable":true,"href":"https:\/\/www.europesays.com\/no\/wp-json\/wp\/v2\/tags?post=130737"}],"curies":[{"name":"wp","href":"https:\/\/api.w.org\/{rel}","templated":true}]}}