{"id":130745,"date":"2026-01-07T00:48:09","date_gmt":"2026-01-07T00:48:09","guid":{"rendered":"https:\/\/www.europesays.com\/no\/130745\/"},"modified":"2026-01-07T00:48:09","modified_gmt":"2026-01-07T00:48:09","slug":"donald-trump-usa-det-hvite-hus-om-gronland-alltids-et-alternativ-a-bruke-militaeret","status":"publish","type":"post","link":"https:\/\/www.europesays.com\/no\/130745\/","title":{"rendered":"Donald Trump, USA | Det hvite hus om Gr\u00f8nland: \u2013 Alltids et alternativ \u00e5 bruke milit\u00e6ret"},"content":{"rendered":"\n<p>Trump og hans team diskuterer en rekke alternativer for tilegnelse av Gr\u00f8nland, og \u00abdet er alltid et alternativ \u00e5 ta i bruk det amerikanske milit\u00e6ret\u00bb, heter det i uttalelsen som gjengis av nyhetsbyr\u00e5et Reuters tirsdag kveld.<\/p>\n<p>Problemstillingen kommer \u00abikke til \u00e5 forsvinne\u00bb, og Trump skal v\u00e6re ivrig for \u00e5 f\u00e5 til en avtale p\u00e5 tross av protester fra Nato-ledere, sier en kilde til Reuters.<\/p>\n<p>Trump er ivrig for at overtakelsen skal skje i denne presidentperioden, opplyser kilden.<\/p>\n<p>Presidenten har gjort det klart at Gr\u00f8nland-anskaffelse er nasjonal sikkerhetsprioritering, if\u00f8lge uttalelsen.<\/p>\n<p>   <img decoding=\"async\" width=\"4176\" height=\"2784\" fetchpriority=\"low\"  loading=\"lazy\"  src=\"https:\/\/www.europesays.com\/no\/wp-content\/uploads\/2026\/01\/cueres_scp-mangler_navn_KvxrJ5-KNzc.jpg\" alt=\"FILE - A plane carrying Donald Trump Jr. lands in Nuuk, Greenland, Tuesday, Jan. 7, 2025. (Emil Stach\/Ritzau Scanpix via AP, file)\" class=\"brick-c-cFOWSL\" style=\"--brick-image-ratio: 4176 \/ 2784;\"\/><\/p>\n<p>      BES\u00d8KTE GR\u00d8NLAND: Trump-flyet da Donald Trump Jr. bes\u00f8kte hovedstaden Nuuk 7. januar 2025.<br \/>\n      Foto: Emil Stach (AP\/NTB)\n    <\/p>\n<p><b>Les ogs\u00e5: <\/b><a class=\"simple-relation related-teaser article--c-eRUmMG article--c-eRUmMG-fZoQSp-design-nettavisen article--c-eRUmMG-gwthdJ-cv\" href=\"https:\/\/www.nettavisen.no\/danmark-krisemote-i-rom-uten-vinduer-eller-kaffe\/s\/5-95-2810889\" rel=\"nofollow noopener\" target=\"_blank\">Danmark: Krisem\u00f8te i rom uten vinduer eller kaffe<\/a><\/p>\n<p>Uttalelsen kommer f\u00e5 timer etter at den danske utenrikskomiteen fullf\u00f8rte et lukket hastem\u00f8te om spenningen mellom USA og Danmark.<\/p>\n<p>\u2013 Vi stoler p\u00e5 Nato-medlemskapet v\u00e5rt, sa utenriksminister Lars L\u00f8kke Rasmussen etter m\u00f8tet.<\/p>\n<p>L\u00f8kke Rasmussen og Gr\u00f8nlands utenriksminister ber om et m\u00f8te med USAs utenriksminister, Marco Rubio.<\/p>\n<p>   <img decoding=\"async\" width=\"9198\" height=\"5174\" fetchpriority=\"low\"  loading=\"lazy\"  src=\"https:\/\/www.europesays.com\/no\/wp-content\/uploads\/2026\/01\/NTB_vgaEVkOmacs.jpg\" alt=\"K\u00f8benhavn, Danmark 20260106. Utenriksminister Lars L\u00f8kke Rasmussen (M) og forsvarsminister Troels Lund Poulsen (V) holder pressekonferanse etter m\u00f8tet i Det Udenrigspolitiske N\u00e6vn i K\u00f8benhavn i Danmark tirsdag. Det eneste punktet p\u00e5 dagsordenen er Danmarks forhold til USA.\" class=\"brick-c-cFOWSL\" style=\"--brick-image-ratio: 9198 \/ 5174;\"\/><\/p>\n<p>      KRISEM\u00d8TE: Utenriksminister Lars L\u00f8kke Rasmussen og forsvarsminister Troels Lund Poulsen etter hastem\u00f8tet i utenrikskomiteen tirsdag.<br \/>\n      Foto: Emil Helms (Ritzau\/NTB)\n    <\/p>\n<p>Tirsdag har en rekke europeiske Nato-land v\u00e6rt ute og st\u00f8ttet Danmark og Gr\u00f8nland.<\/p>\n<p>\u2013 Det er opp til Danmark og Gr\u00f8nland, og bare dem, \u00e5 ta avgj\u00f8relser som ang\u00e5r Danmark og Gr\u00f8nland, <a rel=\"Follow nofollow noopener\" href=\"https:\/\/www.nettavisen.no\/nyheter\/sju-europeiske-ledere-i-fellesuttalelse-gronland-tilhorer-det-gronlandske-folk\/s\/5-95-2810012\" target=\"_blank\">heter det i uttalelsen fra sju europeiske ledere<\/a>.<\/p>\n","protected":false},"excerpt":{"rendered":"Trump og hans team diskuterer en rekke alternativer for tilegnelse av Gr\u00f8nland, og \u00abdet er alltid et alternativ&hellip;\n","protected":false},"author":2,"featured_media":130746,"comment_status":"","ping_status":"","sticky":false,"template":"","format":"standard","meta":{"footnotes":""},"categories":[12],"tags":[20,21,24,25,15,22,23,13,30,28,29,14,16,26,27,42,43,44,45],"class_list":{"0":"post-130745","1":"post","2":"type-post","3":"status-publish","4":"format-standard","5":"has-post-thumbnail","7":"category-verden","8":"tag-breaking-news","9":"tag-breakingnews","10":"tag-featured-news","11":"tag-featurednews","12":"tag-headlines","13":"tag-latest-news","14":"tag-latestnews","15":"tag-news","16":"tag-no","17":"tag-norge","18":"tag-norway","19":"tag-nyheter","20":"tag-overskrifter","21":"tag-top-stories","22":"tag-topstories","23":"tag-verden","24":"tag-world","25":"tag-world-news","26":"tag-worldnews"},"share_on_mastodon":{"url":"https:\/\/pubeurope.com\/@no\/115851067586756598","error":""},"_links":{"self":[{"href":"https:\/\/www.europesays.com\/no\/wp-json\/wp\/v2\/posts\/130745","targetHints":{"allow":["GET"]}}],"collection":[{"href":"https:\/\/www.europesays.com\/no\/wp-json\/wp\/v2\/posts"}],"about":[{"href":"https:\/\/www.europesays.com\/no\/wp-json\/wp\/v2\/types\/post"}],"author":[{"embeddable":true,"href":"https:\/\/www.europesays.com\/no\/wp-json\/wp\/v2\/users\/2"}],"replies":[{"embeddable":true,"href":"https:\/\/www.europesays.com\/no\/wp-json\/wp\/v2\/comments?post=130745"}],"version-history":[{"count":0,"href":"https:\/\/www.europesays.com\/no\/wp-json\/wp\/v2\/posts\/130745\/revisions"}],"wp:featuredmedia":[{"embeddable":true,"href":"https:\/\/www.europesays.com\/no\/wp-json\/wp\/v2\/media\/130746"}],"wp:attachment":[{"href":"https:\/\/www.europesays.com\/no\/wp-json\/wp\/v2\/media?parent=130745"}],"wp:term":[{"taxonomy":"category","embeddable":true,"href":"https:\/\/www.europesays.com\/no\/wp-json\/wp\/v2\/categories?post=130745"},{"taxonomy":"post_tag","embeddable":true,"href":"https:\/\/www.europesays.com\/no\/wp-json\/wp\/v2\/tags?post=130745"}],"curies":[{"name":"wp","href":"https:\/\/api.w.org\/{rel}","templated":true}]}}