{"id":130747,"date":"2026-01-07T00:49:09","date_gmt":"2026-01-07T00:49:09","guid":{"rendered":"https:\/\/www.europesays.com\/no\/130747\/"},"modified":"2026-01-07T00:49:09","modified_gmt":"2026-01-07T00:49:09","slug":"en-stor-skam-fra-harstad-kommune","status":"publish","type":"post","link":"https:\/\/www.europesays.com\/no\/130747\/","title":{"rendered":"\u00abEn stor skam fra Harstad kommune\u00bb"},"content":{"rendered":"<p>Skrevet av: Oddgeir Klausen, bosatt p\u00e5 Bjark\u00f8y.<\/p>\n<p><strong>En stor skam<\/strong> fra Harstad kommune \u00e5 slukke gatelysene p\u00e5 Bjark\u00f8y kl. 01.00 i jule- og nytt\u00e5rsh\u00f8ytiden. Lurer p\u00e5 om gatelysene i byen og tilh\u00f8rende veier slukkes? Det skulle v\u00e6rt av interesse \u00e5 vite om dette er for \u00e5 spare, og hvilken konto disse penger g\u00e5r til?<\/p>\n<p><strong>Jeg var i<\/strong> Harstad fredag 3. januar og det var p\u00e5 alle stikkveier ikke br\u00f8ytet etter de siste sn\u00f8fallene, er dette ogs\u00e5 sparing? Veiene her er grenset til \u00e5 v\u00e6re trafikkfarlig.<\/p>\n<p><strong>Vi ser jo<\/strong> at alle avgifter i kommunen \u00f8ker kraftig, noe som er i tr\u00e5d med \u00e5 ta penger fra vanlige folk, b\u00e5de nasjonalt og regionalt. Kommunen burde v\u00e6rt opptatt av \u00e5 legge til rette for innbyggernes ve og vel, og st\u00f8tte lokalt n\u00e6ringsliv, samt nyetableringer, ikke legge kjepper i julene for verdiskapning i distriktet.<\/p>\n<p><strong>Vi ser jo<\/strong> stadig at det skusles bort penger p\u00e5 uviktige ting i Harstad kommune, noe som ogs\u00e5 skjer nasjonalt. Hadde det v\u00e6rt seri\u00f8sitet i Harstad kommune, kunne S\u00f8r-Senja-forbindelsen v\u00e6rt etablert, med de positive effekter dette ville ha v\u00e6rt for hele S\u00f8r-Troms-regionen.<\/p>\n","protected":false},"excerpt":{"rendered":"Skrevet av: Oddgeir Klausen, bosatt p\u00e5 Bjark\u00f8y. En stor skam fra Harstad kommune \u00e5 slukke gatelysene p\u00e5 Bjark\u00f8y&hellip;\n","protected":false},"author":2,"featured_media":130748,"comment_status":"","ping_status":"","sticky":false,"template":"","format":"standard","meta":{"footnotes":""},"categories":[10],"tags":[13942,20,21,24,25,370,13419,15,22,23,13,30,28,29,14,16,26,27],"class_list":{"0":"post-130747","1":"post","2":"type-post","3":"status-publish","4":"format-standard","5":"has-post-thumbnail","7":"category-norge","8":"tag-bjarkoy","9":"tag-breaking-news","10":"tag-breakingnews","11":"tag-featured-news","12":"tag-featurednews","13":"tag-harstad","14":"tag-harstad-kommune","15":"tag-headlines","16":"tag-latest-news","17":"tag-latestnews","18":"tag-news","19":"tag-no","20":"tag-norge","21":"tag-norway","22":"tag-nyheter","23":"tag-overskrifter","24":"tag-top-stories","25":"tag-topstories"},"share_on_mastodon":{"url":"https:\/\/pubeurope.com\/@no\/115851071506416030","error":""},"_links":{"self":[{"href":"https:\/\/www.europesays.com\/no\/wp-json\/wp\/v2\/posts\/130747","targetHints":{"allow":["GET"]}}],"collection":[{"href":"https:\/\/www.europesays.com\/no\/wp-json\/wp\/v2\/posts"}],"about":[{"href":"https:\/\/www.europesays.com\/no\/wp-json\/wp\/v2\/types\/post"}],"author":[{"embeddable":true,"href":"https:\/\/www.europesays.com\/no\/wp-json\/wp\/v2\/users\/2"}],"replies":[{"embeddable":true,"href":"https:\/\/www.europesays.com\/no\/wp-json\/wp\/v2\/comments?post=130747"}],"version-history":[{"count":0,"href":"https:\/\/www.europesays.com\/no\/wp-json\/wp\/v2\/posts\/130747\/revisions"}],"wp:featuredmedia":[{"embeddable":true,"href":"https:\/\/www.europesays.com\/no\/wp-json\/wp\/v2\/media\/130748"}],"wp:attachment":[{"href":"https:\/\/www.europesays.com\/no\/wp-json\/wp\/v2\/media?parent=130747"}],"wp:term":[{"taxonomy":"category","embeddable":true,"href":"https:\/\/www.europesays.com\/no\/wp-json\/wp\/v2\/categories?post=130747"},{"taxonomy":"post_tag","embeddable":true,"href":"https:\/\/www.europesays.com\/no\/wp-json\/wp\/v2\/tags?post=130747"}],"curies":[{"name":"wp","href":"https:\/\/api.w.org\/{rel}","templated":true}]}}