{"id":130750,"date":"2026-01-07T00:55:08","date_gmt":"2026-01-07T00:55:08","guid":{"rendered":"https:\/\/www.europesays.com\/no\/130750\/"},"modified":"2026-01-07T00:55:08","modified_gmt":"2026-01-07T00:55:08","slug":"det-hvite-hus-trump-vil-overta-gronland-i-denne-presidentperioden","status":"publish","type":"post","link":"https:\/\/www.europesays.com\/no\/130750\/","title":{"rendered":"Det hvite hus: Trump vil overta Gr\u00f8nland i denne presidentperioden"},"content":{"rendered":"<p data-testid=\"textWithMarkup-text\" data-v-81d7dc2b=\"\" data-v-62d58f52=\"\">Trump og hans team diskuterer en rekke alternativer for \u00e5 tilegne seg Gr\u00f8nland, og \u00abdet er alltid et alternativ \u00e5 ta i bruk det amerikanske milit\u00e6ret\u00bb, opplyser de i en uttalelse til nyhetsbyr\u00e5et Reuters tirsdag kveld.<\/p>\n<p data-testid=\"textWithMarkup-text\" data-v-81d7dc2b=\"\" data-v-62d58f52=\"\">Problemstillingen kommer \u00abikke til \u00e5 forsvinne\u00bb, og Trump skal v\u00e6re ivrig for \u00e5 f\u00e5 til en avtale p\u00e5 tross av protester fra Nato-ledere, sier en kilde til Reuters. <\/p>\n<p data-testid=\"textWithMarkup-text\" data-v-81d7dc2b=\"\" data-v-62d58f52=\"\">Den omfattende st\u00f8tten til Danmark fra en rekke europeiske land og Canada de siste dagene, preller av.<\/p>\n<p data-testid=\"textWithMarkup-text\" data-v-81d7dc2b=\"\" data-v-62d58f52=\"\">Trump er ivrig for at overtakelsen skal skje i denne presidentperioden, opplyser kilden, som sier at det diskuteres i Det ovale kontor om en rekke mulige m\u00e5ter.<\/p>\n<p data-testid=\"textWithMarkup-text\" data-v-81d7dc2b=\"\" data-v-62d58f52=\"\">Presidenten har gjort det klart at Gr\u00f8nland-anskaffelse er nasjonal sikkerhetsprioritering, if\u00f8lge uttalelsen.<\/p>\n<p data-testid=\"textWithMarkup-text\" data-v-81d7dc2b=\"\" data-v-62d58f52=\"\">\u2013 Diplomati er alltid presidentens f\u00f8rstevalg om alt, og \u00e5 lande en avtale. Han elsker avtaler. S\u00e5 hvis man kan inng\u00e5 en god avtale om \u00e5 overta Gr\u00f8nland, s\u00e5 er det definitivt hans f\u00f8rsteinstinkt, sier kilden.<\/p>\n<p data-testid=\"textWithMarkup-text\" data-v-81d7dc2b=\"\" data-v-62d58f52=\"\">Det er b\u00e5de den strategiske plasseringen og de verdifulle mineralene p\u00e5 \u00f8ya som gj\u00f8r den attraktiv for Trump.<\/p>\n<p data-testid=\"textWithMarkup-text\" data-v-81d7dc2b=\"\" data-v-62d58f52=\"\">Utenrikskomiteen i det danske Folketinget holdt krisem\u00f8te tidligere p\u00e5 tirsdagskvelden for \u00e5 diskutere situasjonen. De har bedt om et m\u00f8te med USAs utenriksminister Marco Rubio for \u00e5 oppklare det de omtaler som misforst\u00e5elser.<\/p>\n","protected":false},"excerpt":{"rendered":"Trump og hans team diskuterer en rekke alternativer for \u00e5 tilegne seg Gr\u00f8nland, og \u00abdet er alltid et&hellip;\n","protected":false},"author":2,"featured_media":130751,"comment_status":"","ping_status":"","sticky":false,"template":"","format":"standard","meta":{"footnotes":""},"categories":[12],"tags":[20,21,24,25,15,22,23,13,30,28,29,14,16,26,27,42,43,44,45],"class_list":{"0":"post-130750","1":"post","2":"type-post","3":"status-publish","4":"format-standard","5":"has-post-thumbnail","7":"category-verden","8":"tag-breaking-news","9":"tag-breakingnews","10":"tag-featured-news","11":"tag-featurednews","12":"tag-headlines","13":"tag-latest-news","14":"tag-latestnews","15":"tag-news","16":"tag-no","17":"tag-norge","18":"tag-norway","19":"tag-nyheter","20":"tag-overskrifter","21":"tag-top-stories","22":"tag-topstories","23":"tag-verden","24":"tag-world","25":"tag-world-news","26":"tag-worldnews"},"share_on_mastodon":{"url":"https:\/\/pubeurope.com\/@no\/115851095297483150","error":""},"_links":{"self":[{"href":"https:\/\/www.europesays.com\/no\/wp-json\/wp\/v2\/posts\/130750","targetHints":{"allow":["GET"]}}],"collection":[{"href":"https:\/\/www.europesays.com\/no\/wp-json\/wp\/v2\/posts"}],"about":[{"href":"https:\/\/www.europesays.com\/no\/wp-json\/wp\/v2\/types\/post"}],"author":[{"embeddable":true,"href":"https:\/\/www.europesays.com\/no\/wp-json\/wp\/v2\/users\/2"}],"replies":[{"embeddable":true,"href":"https:\/\/www.europesays.com\/no\/wp-json\/wp\/v2\/comments?post=130750"}],"version-history":[{"count":0,"href":"https:\/\/www.europesays.com\/no\/wp-json\/wp\/v2\/posts\/130750\/revisions"}],"wp:featuredmedia":[{"embeddable":true,"href":"https:\/\/www.europesays.com\/no\/wp-json\/wp\/v2\/media\/130751"}],"wp:attachment":[{"href":"https:\/\/www.europesays.com\/no\/wp-json\/wp\/v2\/media?parent=130750"}],"wp:term":[{"taxonomy":"category","embeddable":true,"href":"https:\/\/www.europesays.com\/no\/wp-json\/wp\/v2\/categories?post=130750"},{"taxonomy":"post_tag","embeddable":true,"href":"https:\/\/www.europesays.com\/no\/wp-json\/wp\/v2\/tags?post=130750"}],"curies":[{"name":"wp","href":"https:\/\/api.w.org\/{rel}","templated":true}]}}