{"id":130763,"date":"2026-01-07T02:44:09","date_gmt":"2026-01-07T02:44:09","guid":{"rendered":"https:\/\/www.europesays.com\/no\/130763\/"},"modified":"2026-01-07T02:44:09","modified_gmt":"2026-01-07T02:44:09","slug":"amy-schumer-vil-skilles-fra-mannen","status":"publish","type":"post","link":"https:\/\/www.europesays.com\/no\/130763\/","title":{"rendered":"Amy Schumer vil skilles fra mannen"},"content":{"rendered":"<p>Det var i desember at Amy Schumer delte nyheten om at hun og ektemannen ville g\u00e5 hver til sitt.\u00a0<\/p>\n<p>\u2013 Chris og jeg har tatt et vanskelig valg om \u00e5 g\u00e5 fra hverandre etter et sju \u00e5rs ekteskap. Vi elsker hverandre veldig h\u00f8yt og skal prioritere \u00e5 oppdra s\u00f8nnen v\u00e5r. Vi ber om privatliv, skrev skuespilleren p\u00e5 sin instagramprofil den 12. desember 2025. <\/p>\n<p>Hun uttalte samtidig at hun og ektemannen fortsatt har mye omsorg for hverandre og at de for alltid vil v\u00e6re en familie.\u00a0<\/p>\n<p>\u00c5rsaken til bruddet er ukjent, men if\u00f8lge kilder til People skal det ha v\u00e6rt gjensidig.<\/p>\n<p>        <img class=\"image__img lazyload\" itemprop=\"image\" title=\"Foto: Evan Agostini \/ AP \/ NTB\" alt=\"STJERNEPAR: Amy Schumer og Chris Fischer p\u00e5 den r\u00f8de l\u00f8peren til Tony Awards i juni 2018. Foto: Evan Agostini \/ AP \/ NTB\" width=\"675\" height=\"439\" bad-src=\"https:\/\/www.europesays.com\/no\/wp-content\/uploads\/2026\/01\/11377728.webp.jpeg\" fetchpriority=\"auto\" \/><\/p>\n<p>      STJERNEPAR: Amy Schumer og Chris Fischer p\u00e5 den r\u00f8de l\u00f8peren til Tony Awards i juni 2018.<br \/>\n         Foto: Evan Agostini \/ AP \/ NTB<\/p>\n<p>N\u00e5 har paret offisielt s\u00f8kt om skilsmisse, skriver magasinet <a href=\"https:\/\/people.com\/amy-schumer-files-divorce-husband-chris-fischer-11880411\" target=\"_blank\" rel=\"nofollow noopener\">People<\/a>.\u00a0<\/p>\n<p>Spekulasjonene om et mulig brudd mellom Schumer og Fischer begynte \u00e5 versere allerede i november og tidlig desember, men Schumer gikk ut p\u00e5 Instagram og avviste ryktene.\u00a0<\/p>\n<p>Men hun var \u00e6rlig om at forholdet tilsynelatende gikk gjennom en pr\u00f8ve:<\/p>\n<p>\u2013 Vi krysser fingrene for at vi f\u00e5r oss gjennom det. Han er den beste, skrev hun i en oppdatering gjennom sin historiefunksjon p\u00e5 plattformen.\u00a0<\/p>\n","protected":false},"excerpt":{"rendered":"Det var i desember at Amy Schumer delte nyheten om at hun og ektemannen ville g\u00e5 hver til&hellip;\n","protected":false},"author":2,"featured_media":130764,"comment_status":"","ping_status":"","sticky":false,"template":"","format":"standard","meta":{"footnotes":""},"categories":[58],"tags":[71,30,28,29,72],"class_list":{"0":"post-130763","1":"post","2":"type-post","3":"status-publish","4":"format-standard","5":"has-post-thumbnail","7":"category-underholdning","8":"tag-entertainment","9":"tag-no","10":"tag-norge","11":"tag-norway","12":"tag-underholdning"},"share_on_mastodon":{"url":"https:\/\/pubeurope.com\/@no\/115851523717854618","error":""},"_links":{"self":[{"href":"https:\/\/www.europesays.com\/no\/wp-json\/wp\/v2\/posts\/130763","targetHints":{"allow":["GET"]}}],"collection":[{"href":"https:\/\/www.europesays.com\/no\/wp-json\/wp\/v2\/posts"}],"about":[{"href":"https:\/\/www.europesays.com\/no\/wp-json\/wp\/v2\/types\/post"}],"author":[{"embeddable":true,"href":"https:\/\/www.europesays.com\/no\/wp-json\/wp\/v2\/users\/2"}],"replies":[{"embeddable":true,"href":"https:\/\/www.europesays.com\/no\/wp-json\/wp\/v2\/comments?post=130763"}],"version-history":[{"count":0,"href":"https:\/\/www.europesays.com\/no\/wp-json\/wp\/v2\/posts\/130763\/revisions"}],"wp:featuredmedia":[{"embeddable":true,"href":"https:\/\/www.europesays.com\/no\/wp-json\/wp\/v2\/media\/130764"}],"wp:attachment":[{"href":"https:\/\/www.europesays.com\/no\/wp-json\/wp\/v2\/media?parent=130763"}],"wp:term":[{"taxonomy":"category","embeddable":true,"href":"https:\/\/www.europesays.com\/no\/wp-json\/wp\/v2\/categories?post=130763"},{"taxonomy":"post_tag","embeddable":true,"href":"https:\/\/www.europesays.com\/no\/wp-json\/wp\/v2\/tags?post=130763"}],"curies":[{"name":"wp","href":"https:\/\/api.w.org\/{rel}","templated":true}]}}