{"id":130785,"date":"2026-01-07T05:06:09","date_gmt":"2026-01-07T05:06:09","guid":{"rendered":"https:\/\/www.europesays.com\/no\/130785\/"},"modified":"2026-01-07T05:06:09","modified_gmt":"2026-01-07T05:06:09","slug":"simen-velle-frp-og-elevorganisasjonen-mot-fravaersgrensen","status":"publish","type":"post","link":"https:\/\/www.europesays.com\/no\/130785\/","title":{"rendered":"Simen Velle (Frp) og Elevorganisasjonen mot frav\u00e6rsgrensen"},"content":{"rendered":"\n<ul class=\"_list_o9xde_3 _list_64s2r_85 _unordered_o9xde_106 text-sans-m\">\n<li class=\"_item_o9xde_30\">Simen Velle (Frp) og Martine Svendsen i Elevorganisasjonen vil fjerne dagens frav\u00e6rsregler i vgs.<\/li>\n<li class=\"_item_o9xde_30\">De mener regler som gj\u00f8r helsehjelp til ugyldig frav\u00e6r skader elevenes helse.<\/li>\n<li class=\"_item_o9xde_30\">Ogs\u00e5 leder Geir R\u00f8svoll i Utdanningsforbundet mener reglene er for byr\u00e5kratiske og arbeidskrevende for l\u00e6rerne.<\/li>\n<li class=\"_item_o9xde_30\">Kunnskapsdepartementet st\u00e5r fast ved de nye reglene, til tross for kritikk fra b\u00e5de elever og l\u00e6rere.<\/li>\n<\/ul>\n<p>Vis mer <\/p>\n<p class=\"_paragraph_o9xde_4 _paragraph_xtcu6_10 layout-component text-serif-m layout-normal text-serif-m layout-padded\">Denne duoen har du neppe sett sammen f\u00f8r. Simen Velle (Frp) og Martine Svendsen i <a href=\"https:\/\/www.vg.no\/tag\/elevorganisasjonen?utm_source=vg-article&amp;utm_medium=auto-tagger&amp;utm_campaign=lnA0qG\" class=\"_link_o9xde_39\" rel=\"nofollow noopener\" target=\"_blank\">Elevorganisasjonen<\/a> vil begge fjerne dagens frav\u00e6rsregler i videreg\u00e5ende skole (vgs).<\/p>\n<p class=\"_paragraph_o9xde_4 _paragraph_xtcu6_10 layout-component text-serif-m layout-normal text-serif-m layout-padded\">Begge synes det er fryktelig ugreit at helsehjelp fra helsesykepleier og i noen tilfeller sykdom er ugyldig frav\u00e6r, slik <a href=\"https:\/\/www.udir.no\/regelverk-og-tilsyn\/skole-og-opplaring\/rundskriv-om-fravarsgrensen\/1.-innledning---fravarsgrensen-i-korte-trekk\" class=\"_link_o9xde_39\" rel=\"nofollow noopener\" target=\"_blank\">frav\u00e6rsreglene<\/a> tolkes n\u00e5.<\/p>\n<p>\u2013 Avlyser hos helsesykepleier<\/p>\n<p class=\"_paragraph_o9xde_4 _paragraph_xtcu6_10 layout-component text-serif-m layout-normal text-serif-m layout-padded\">\u2013 Tidligere har skolehelsetjenesten v\u00e6rt unntatt fra frav\u00e6rsgrensen, men slik er det ikke lenger. N\u00e5 er alt frav\u00e6r \u00ablikestilt\u00bb. Elever rapporterer at de avlyser timer hos skolehelsetjenesten for \u00e5 unng\u00e5 \u00e5 n\u00e6rme seg frav\u00e6rsgrensen, noe som rammer psykisk og fysisk helse hardt, sier Simen Velle til VG.<\/p>\n<p class=\"_paragraph_o9xde_4 _paragraph_xtcu6_10 layout-component text-serif-m layout-normal text-serif-m layout-padded\">Han sitter i Stortingets utdanningskomit\u00e9 og har inne <a href=\"https:\/\/www.stortinget.no\/no\/Saker-og-publikasjoner\/Publikasjoner\/Representantforslag\/2025-2026\/dok8-202526-032s\/\" class=\"_link_o9xde_39\" rel=\"nofollow noopener\" target=\"_blank\">et forslag<\/a> der for \u00e5 endre frav\u00e6rsreglene. <\/p>\n<p class=\"_paragraph_o9xde_4 _paragraph_xtcu6_10 layout-component text-serif-m layout-normal text-serif-m layout-padded\">I oktober i fjor kom det ogs\u00e5 tall som viser <a href=\"https:\/\/www.vg.no\/nyheter\/i\/rPB10R\/fravaeret-oeker-paa-videregaaende-behov-for-nye-grep-sier-kunnskapsministeren\" data-track-element-type=\"Link\" data-track-id=\"link:rPB10R\" class=\"_link_o9xde_39\" rel=\"nofollow noopener\" target=\"_blank\">\u00f8kende frav\u00e6r <\/a>i videreg\u00e5ende.<\/p>\n<p>Bakgrunn om frav\u00e6rsgrensen<\/p>\n<ul class=\"_list_o9xde_3 _list_xtcu6_9 _list_16v91_9 _unordered_o9xde_106 layout-component text-serif-m layout-normal text-sans-m layout-padded\">\n<li class=\"_item_o9xde_30\">Da frav\u00e6rsgrensen ble innf\u00f8rt i 2016, var bakgrunnen et h\u00f8yt og \u00f8kende frav\u00e6r blant elevene i videreg\u00e5ende skole.<\/li>\n<li class=\"_item_o9xde_30\">Det var bred enighet om at det var behov for regler p\u00e5 omr\u00e5det. Reglene &#8211; ble initiert av Solberg-regjeringen og H\u00f8yre, og fikk etter hvert stor oppslutning i skolesektoren.<\/li>\n<li class=\"_item_o9xde_30\">Elevorganisasjonen kjempet hele veien imot en egen frav\u00e6rsgrense.<\/li>\n<li class=\"_item_o9xde_30\">Innf\u00f8ringen av frav\u00e6rsgrensen ga resultater: En sluttevaluering som kom i 2019, viste 20 prosent nedgang i frav\u00e6r.<\/li>\n<li class=\"_item_o9xde_30\">Det opprinnelige reglementet hadde behov for justering &#8211; blant annet fordi belastningen p\u00e5 fastlegene ble for stor.<\/li>\n<li class=\"_item_o9xde_30\">I tillegg begynte frav\u00e6ret \u00e5 \u00f8ke igjen under- og etter pandemien. <\/li>\n<li class=\"_item_o9xde_30\">Derfor fant den nye St\u00f8re-regjeringen det n\u00f8dvendig \u00e5 innf\u00f8re nye regler for frav\u00e6r fra og med skole\u00e5ret 2025\u20132026.<\/li>\n<li class=\"_item_o9xde_30\">Regjeringens endringer i reglementet har imidlertid m\u00f8tt mye kritikk, forvirring rundt reglene og ekstraarbeid for l\u00e6rere og skoleledere.<\/li>\n<li class=\"_item_o9xde_30\">De nye frav\u00e6rsreglene i videreg\u00e5ende skole, som tr\u00e5dte i kraft 1. august 2025, tillater elever \u00e5 bruke egenmelding for sykefrav\u00e6r opp til 10 prosent per fag, f\u00f8r legeerkl\u00e6ring kreves for unntak.<\/li>\n<li class=\"_item_o9xde_30\">Dette har f\u00f8rt til en rekke negative reaksjoner fra elever, helsesykepleiere, l\u00e6rere, fagforbund og politikere, som peker p\u00e5 \u00f8kt frav\u00e6r, forvirring og urettferdige konsekvenser for s\u00e5rbare grupper.<\/li>\n<li class=\"_item_o9xde_30\">Tidligere har skolehelsetjenesten v\u00e6rt unntatt fra frav\u00e6rsgrensen, men slik er det ikke lenger. N\u00e5 er alt frav\u00e6r \u00ablikestilt\u00bb.<\/li>\n<\/ul>\n<p class=\"_paragraph_o9xde_4 _paragraph_xtcu6_10 _paragraph_16v91_10 layout-component text-serif-m layout-normal text-sans-m layout-padded\">(Kilder: Stortinget, Fremskrittspartiet, Utdanningsforbundet, Utdanningsdirekoratet.)<\/p>\n<p>Vis mer<\/p>\n<p class=\"_paragraph_o9xde_4 _paragraph_xtcu6_10 layout-component text-serif-m layout-normal text-serif-m layout-padded\">Martine Svendsen er leder for 180.000 elever i Elevorganisasjonen. Hun bekrefter det Velle sier om de nye frav\u00e6rsreglene.<\/p>\n<p class=\"_paragraph_o9xde_4 _paragraph_xtcu6_10 layout-component text-serif-m layout-normal text-serif-m layout-padded\">\u2013 Elever dropper \u00e5 g\u00e5 til helsesykepleier. Mange opps\u00f8ker ikke den hjelpen de trenger. Det er ogs\u00e5 prinsipielt ugreit at sykdom, helsehjelp og helsetjenester skal v\u00e6re ugyldig frav\u00e6r. Det blir sett p\u00e5 som straff fra elevenes side, sier Svendsen til VG.<\/p>\n<p class=\"_paragraph_o9xde_4 _paragraph_xtcu6_10 layout-component text-serif-m layout-normal text-serif-m layout-padded\"><strong class=\"_strong_o9xde_25\">\u2013 Skal vi gidde \u00e5 ha en s\u00e5 komplisert og urettferdig frav\u00e6rsgrense som gj\u00f8r at flere stryker, &#8211; at flere drar p\u00e5 skolen, &#8211; at flere er syke uten \u00e5 opps\u00f8ke helsehjelp? sp\u00f8r hun.<\/strong><\/p>\n<p class=\"_paragraph_o9xde_4 _paragraph_xtcu6_10 layout-component text-serif-m layout-normal text-serif-m layout-padded\">\u2013 Selv om Elevorganisasjonen egentlig er mot hele frav\u00e6rsgrensen, s\u00e5 st\u00f8tter dere forslaget fra Frp?<\/p>\n<p class=\"_paragraph_o9xde_4 _paragraph_xtcu6_10 layout-component text-serif-m layout-normal text-serif-m layout-padded\">\u2013 Ja. Vi mener stryksanksjonen i frav\u00e6rsreglene ikke er greit, men vi st\u00f8tter forslaget til Frp om \u00e5 justere dagens regler, svarer Martine Svendsen.<\/p>\n<p><img alt=\"Foto: Frank Ertesv\u00e5g \/ VG\" class=\"_image_qp4xg_65 layout-component layout-normal\" data-fullscreen- data-track-element-type=\"Article image fullscreen\" data-track-name=\"ImageFullscreen\" decoding=\"async\" loading=\"lazy\" height=\"4284\" itemprop=\"image\"  src=\"https:\/\/www.europesays.com\/no\/wp-content\/uploads\/2026\/01\/633a1dd4-162b-4fe8-a110-ca9536a4fff5.jpeg\"  style=\"object-position:0% 0%\" width=\"5712\"\/>Foto: Frank Ertesv\u00e5g \/ VG<\/p>\n<p class=\"_paragraph_o9xde_4 _paragraph_xtcu6_10 layout-component text-serif-m layout-normal text-serif-m layout-padded\">Simen Velle i Frp er glad for st\u00f8tten. Han l\u00f8fter paraplyen sin galant over Svendsen for \u00e5 beskytte henne mot nedb\u00f8r p\u00e5 L\u00f8vebakken utenfor Stortinget.<\/p>\n<p class=\"_paragraph_o9xde_4 _paragraph_xtcu6_10 layout-component text-serif-m layout-normal text-serif-m layout-padded\">\u2013 Prinsippet rundt at ugyldig frav\u00e6r ikke skal l\u00f8nne seg, er et viktig prinsipp i norsk skole som har tjent oss godt. Men Ap-regjeringen og kunnskapsminister Nordtun har g\u00e5tt for langt med de endringene som har kommet, sier Velle. <\/p>\n<p class=\"_paragraph_o9xde_4 _paragraph_xtcu6_10 layout-component text-serif-m layout-normal text-serif-m layout-padded\">Han sikter spesielt til at styresmaktene de siste \u00e5rene har brukt store ressurser p\u00e5 \u00e5 finansiere en mer solid og utbredt skolehelsetjeneste.<\/p>\n<p>\u2013 Paradoks<\/p>\n<p class=\"_paragraph_o9xde_4 _paragraph_xtcu6_10 layout-component text-serif-m layout-normal text-serif-m layout-padded\"><strong class=\"_strong_o9xde_25\">\u2013 At de samtidig gir elevene ugyldig frav\u00e6r for \u00e5 opps\u00f8ke skolehelsetjenesten, er et ganske fascinerende paradoks, sier Velle til VG.<\/strong><\/p>\n<p class=\"_paragraph_o9xde_4 _paragraph_xtcu6_10 layout-component text-serif-m layout-normal text-serif-m layout-padded\">I forslaget fra Frp likestilles alle former for sykefrav\u00e6r &#8211; slik at det blir gyldig frav\u00e6r i vgs.<\/p>\n<p class=\"_paragraph_o9xde_4 _paragraph_xtcu6_10 layout-component text-serif-m layout-normal text-serif-m layout-padded\">\u2013 Slik vil vi gj\u00f8re tiprosent-grensen til en reell grense for egenmelding og for ugyldig frav\u00e6r.<\/p>\n<p class=\"_paragraph_o9xde_4 _paragraph_xtcu6_10 layout-component text-serif-m layout-normal text-serif-m layout-padded\">Simen Velle og Frp foresl\u00e5r i samme slengen at kj\u00f8reoppl\u00e6ring p\u00e5 moped og p\u00e5 lett motorsykkel gir gyldig frav\u00e6r p\u00e5 samme m\u00e5te som \u00e5 ta kj\u00f8roppl\u00e6ring p\u00e5 bil.<\/p>\n<p class=\"_paragraph_o9xde_4 _paragraph_xtcu6_10 layout-component text-serif-m layout-normal text-serif-m layout-padded\">VG er kjent med at ogs\u00e5 en rekke skoleledere og l\u00e6rere synes den nye frav\u00e6rsgrensen er b\u00e5de byr\u00e5kratisk og vanskelig \u00e5 praktisere.<\/p>\n<p class=\"_paragraph_o9xde_4 _paragraph_xtcu6_10 layout-component text-serif-m layout-normal text-serif-m layout-padded\">Det siste <a href=\"https:\/\/www.udir.no\/regelverk-og-tilsyn\/skole-og-opplaring\/rundskriv-om-fravarsgrensen\/?depth=0&amp;print=1\" class=\"_link_o9xde_39\" rel=\"nofollow noopener\" target=\"_blank\">rundskrivet<\/a> fra Utdanningsdirektoratet om frav\u00e6rsgrensen er p\u00e5 16 sider. <\/p>\n<p class=\"_paragraph_o9xde_4 _paragraph_xtcu6_10 layout-component text-serif-m layout-normal text-serif-m layout-padded\">Her heter det blant mye annet at. \u00abDersom en elev har overskrevet frav\u00e6rsgrensen i et fag skal ikke l\u00e6reren gi halv\u00e5rsvurdering med karakter ved skole\u00e5rets slutt i gjennomg\u00e5ende fag eller standpunktkarakter, selv om l\u00e6reren har vurderingsgrunnlag i faget.\u00bb<\/p>\n<p>Kronglete koding av frav\u00e6r<\/p>\n<p class=\"_paragraph_o9xde_4 _paragraph_xtcu6_10 layout-component text-serif-m layout-normal text-serif-m layout-padded\">Flere har klaget p\u00e5 at de nye reglene er kronglete, byr\u00e5kratiske og krevende \u00e5 etterleve for skolene.<\/p>\n<p class=\"_paragraph_o9xde_4 _paragraph_xtcu6_10 layout-component text-serif-m layout-normal text-serif-m layout-padded\"><strong class=\"_strong_o9xde_25\">L\u00e6rere m\u00e5 blant annet kode frav\u00e6r ulikt per fag basert p\u00e5 elevens akkumulerteakkumulerteAkkumulert refererer til noe som har blitt samlet sammen eller bygget opp over tid, ofte i form av en mengde eller et bel\u00f8p som har \u00f8kt gradvis. Brukes ogs\u00e5 som synonym for beregning basert p\u00e5 tidligere relevante tall. frav\u00e6rsprosent, noe som tar tid fra andre l\u00e6reroppgaver.<\/strong><\/p>\n<p><img alt=\"L\u00c6RERSJEF: Geir R\u00f8svoll er leder i Utdanningsforbundet.  Foto: Frank Ertesv\u00e5g \/ VG\" class=\"_image_qp4xg_65 layout-component layout-normal\" data-fullscreen- data-track-element-type=\"Article image fullscreen\" data-track-name=\"ImageFullscreen\" decoding=\"async\" loading=\"lazy\" height=\"2623\" itemprop=\"image\"  src=\"https:\/\/www.europesays.com\/no\/wp-content\/uploads\/2026\/01\/da157b5d-0823-46ad-976c-376535b272ab.jpeg\"  style=\"object-position:0% 0%\" width=\"3481\"\/>L\u00c6RERSJEF: Geir R\u00f8svoll er leder i Utdanningsforbundet.  Foto: Frank Ertesv\u00e5g \/ VG<\/p>\n<p class=\"_paragraph_o9xde_4 _paragraph_xtcu6_10 layout-component text-serif-m layout-normal text-serif-m layout-padded\">Blant andre har leder Geir R\u00f8svoll i l\u00e6rernes store organisasjon, Utdanningsforbundet tatt til orde for endring.<\/p>\n<p class=\"_paragraph_o9xde_4 _paragraph_xtcu6_10 layout-component text-serif-m layout-normal text-serif-m layout-padded\">\u2013 Dessverre har ikke innf\u00f8ringen v\u00e6rt grundig nok, og det har medf\u00f8rt et langt st\u00f8rre trykk p\u00e5 l\u00e6rerne, forvirring blant elevene og ulik praktisering mellom skoler og fylker. N\u00e5 m\u00e5 noe gj\u00f8res, og det fort krevde Utdanningsforbundets leder p\u00e5 forbundets egne nettsider i oktober.<\/p>\n<p class=\"_paragraph_o9xde_4 _paragraph_xtcu6_10 layout-component text-serif-m layout-normal text-serif-m layout-padded\">R\u00f8svoll mener at Utdanningsdirektoratet og fylkeskommunene m\u00e5 ta tak i situasjonen og sikre felles retningslinjer og enklere rutiner som skaper mindre byr\u00e5krati.<\/p>\n<p>KD: Ingen planer om endring<\/p>\n<p class=\"_paragraph_o9xde_4 _paragraph_xtcu6_10 layout-component text-serif-m layout-normal text-serif-m layout-padded\">Statssekret\u00e6r \u00d8yvind Jacobsen (Ap) i Kunnskapsdepartementet (KD) ser ingen grunn til \u00e5 justere de nye frav\u00e6rsreglene til tross for kritikken.<\/p>\n<p class=\"_paragraph_o9xde_4 _paragraph_xtcu6_10 layout-component text-serif-m layout-normal text-serif-m layout-padded\">\u2013 Regjeringen har ingen planer om \u00e5 endre frav\u00e6rsreglene enda en gang. N\u00e5 er det viktig \u00e5 f\u00e5 erfaringer fra de nye reglene. V\u00e5rt m\u00e5l er at frav\u00e6ret skal g\u00e5 ned. Videreg\u00e5ende oppl\u00e6ring er ikke obligatorisk, men vi m\u00e5 stille krav til de som f\u00e5r finansiert utdanningen at de faktisk m\u00f8ter opp til undervisningen n\u00e5r de ikke er syke, skriver han til VG.<\/p>\n<p><img alt=\"TEAM KARI: Kari Nessa Nordtun avbildet hjemme i Stavanger sammen med sitt \u00abTeam Kari\u00bb under valgkampen 2023. Helt til h\u00f8yre: N\u00e5v\u00e6rende statssekret\u00e6r for Nordtun i KD, \u00d8yvind Jacobsen.  Foto: Frode Hansen \/ VG\" class=\"_image_qp4xg_65 layout-component layout-normal\" data-fullscreen- data-track-element-type=\"Article image fullscreen\" data-track-name=\"ImageFullscreen\" decoding=\"async\" loading=\"lazy\" height=\"3648\" itemprop=\"image\"  src=\"https:\/\/www.europesays.com\/no\/wp-content\/uploads\/2026\/01\/fe3a4694-e194-4e89-b4c4-3318facf54d2.png\"  style=\"object-position:0% 0%\" width=\"5472\"\/>TEAM KARI: Kari Nessa Nordtun avbildet hjemme i Stavanger sammen med sitt \u00abTeam Kari\u00bb under valgkampen 2023. Helt til h\u00f8yre: N\u00e5v\u00e6rende statssekret\u00e6r for Nordtun i KD, \u00d8yvind Jacobsen.  Foto: Frode Hansen \/ VG<\/p>\n<p class=\"_paragraph_o9xde_4 _paragraph_xtcu6_10 layout-component text-serif-m layout-normal text-serif-m layout-padded\">Han minner om at det siste \u00e5ret med de tidligere frav\u00e6rsreglene i skole\u00e5ret 2024\/2025 &#8211; ga de h\u00f8yeste frav\u00e6rstallene <a href=\"https:\/\/www.regjeringen.no\/no\/aktuelt\/skolefravaret-fortsetter-a-oke\/id3124122\/\" class=\"_link_o9xde_39\" rel=\"nofollow noopener\" target=\"_blank\">siden f\u00f8r frav\u00e6rsregelen ble innf\u00f8rt i vgs.<\/a><\/p>\n<p class=\"_paragraph_o9xde_4 _paragraph_xtcu6_10 layout-component text-serif-m layout-normal text-serif-m layout-padded\">\u2013 Den utviklingen vil Arbeiderpartiet snu med nye regler. Skattebetalerne bruker n\u00e6rmere 50 milliarder kroner \u00e5rlig p\u00e5 elevene som tar videreg\u00e5ende utdanning. Da er det viktig at elevene m\u00f8ter opp n\u00e5r de er friske. Det mener Arbeiderpartiet at ungdommen har godt av \u00e5 l\u00e6re seg, selv om Frp \u00e5penbart har en annen tiln\u00e6rming, skriver Jacobsen i en e-post.<\/p>\n<p>Nordtuns h\u00f8yre h\u00e5nd<\/p>\n<p class=\"_paragraph_o9xde_4 _paragraph_xtcu6_10 layout-component text-serif-m layout-normal text-serif-m layout-padded\">Statssekret\u00e6ren fra Stavanger &#8211; som ses p\u00e5 som statsr\u00e5d Kari Nessa Nordtuns h\u00f8yre h\u00e5nd,  mener de nye frav\u00e6rsreglene stiller klare forventninger til oppm\u00f8te for elevene i videreg\u00e5ende skole.<\/p>\n<p class=\"_paragraph_o9xde_4 _paragraph_xtcu6_10 layout-component text-serif-m layout-normal text-serif-m layout-padded\">Og samtidig ikke belaster fastlegene like mye som f\u00f8r. <\/p>\n<p><img decoding=\"async\" alt=\"Bilde av \u00d8yvind Jacobsen (Ap)\" class=\"_image_ygndg_42\" height=\"40\" itemprop=\"image\" loading=\"lazy\"  src=\"https:\/\/www.europesays.com\/no\/wp-content\/uploads\/2026\/01\/b267abcf-0360-416f-9f48-ba83c81e8ca1.jpeg\"  width=\"40\"\/><strong class=\"_name_ygndg_51 title-serif-xs\">\u00d8yvind Jacobsen (Ap)<\/strong><\/p>\n<p class=\"_paragraph_o9xde_4 text-sans-m _description_ygndg_56\">Statssekret\u00e6r i Kunnskapsdepartementet under kunnskapsminister Kari Nessa Nordtun (Ap)<\/p>\n<p class=\"_paragraph_o9xde_4 _paragraph_xtcu6_10 layout-component text-serif-m layout-normal text-serif-m layout-padded\">\u2013 S\u00e5 har vi respekt for at endringer i regler kan ha noen innkj\u00f8ringsutfordringer. Utdanningsdirektoratet har derfor en veileder til bruk for skolene n\u00e5r utfordringer dukker opp, minner han om.<\/p>\n<p class=\"_paragraph_o9xde_4 _paragraph_xtcu6_10 layout-component text-serif-m layout-normal text-serif-m layout-padded\">\u2013 Hva synes politisk ledelse i KD om at et 16 siders rundskriv skal \u00abklargj\u00f8re\u00bb bruken av frav\u00e6rsreglene?<\/p>\n<p class=\"_paragraph_o9xde_4 _paragraph_xtcu6_10 layout-component text-serif-m layout-normal text-serif-m layout-padded\">\u2013 Veiledningen fra Utdanningsdirektoratet til reglene har en enkel og klar oppsummering i starten. S\u00e5 beskriver den ogs\u00e5 grundig ulike spesielle tilfeller og situasjoner. Blant annet er det egne regler for ungdom med kroniske sykdommer, svarer Jacobsen.<\/p>\n<p class=\"_paragraph_o9xde_4 _paragraph_xtcu6_10 layout-component text-serif-m layout-normal text-serif-m layout-padded\"><strong class=\"_strong_o9xde_25\">Les ogs\u00e5:<\/strong> <a href=\"https:\/\/www.vg.no\/nyheter\/i\/K83xjy\/flere-drar-til-legen-for-utmattelse\" data-track-element-type=\"Link\" data-track-id=\"link:K83xjy\" class=\"_link_o9xde_39\" rel=\"nofollow noopener\" target=\"_blank\"><strong class=\"_strong_o9xde_25\">Flere drar til legen for utmattelse<\/strong><\/a><\/p>\n<p class=\"_paragraph_o9xde_4 _paragraph_xtcu6_10 layout-component text-serif-m layout-normal text-serif-m layout-padded\">Han mener ogs\u00e5 at det er viktig \u00e5 presisere at de nye reglene ikke hindrer elevene i \u00e5 g\u00e5 til helsesykepleiere eller andre tjenester n\u00e5r de trenger det. <\/p>\n<p class=\"_paragraph_o9xde_4 _paragraph_xtcu6_10 layout-component text-serif-m layout-normal text-serif-m layout-padded\">\u2013 Det er f\u00f8rst n\u00e5r det egenmeldte frav\u00e6ret n\u00e5r ti prosent at elevene m\u00e5 begynne \u00e5 dokumentere frav\u00e6r hos disse tjenestene. Andelen som f\u00e5r \u00abikke vurdert\u00bb har v\u00e6rt stabil p\u00e5 rundt 2,6 prosent de siste \u00e5rene, s\u00e5 det er sv\u00e6rt f\u00e5 som mister karakterer, og de fleste som gj\u00f8r det har et s\u00e6rdeles h\u00f8yt frav\u00e6r fra undervisningen, poengterer Ap-statssekret\u00e6ren.<\/p>\n","protected":false},"excerpt":{"rendered":"Simen Velle (Frp) og Martine Svendsen i Elevorganisasjonen vil fjerne dagens frav\u00e6rsregler i vgs. De mener regler som&hellip;\n","protected":false},"author":2,"featured_media":130786,"comment_status":"","ping_status":"","sticky":false,"template":"","format":"standard","meta":{"footnotes":""},"categories":[10],"tags":[20,21,2654,24,25,6323,577,15,1688,22,23,13,30,28,29,14,2208,16,4360,805,15179,26,27,1995,2209],"class_list":{"0":"post-130785","1":"post","2":"type-post","3":"status-publish","4":"format-standard","5":"has-post-thumbnail","7":"category-norge","8":"tag-breaking-news","9":"tag-breakingnews","10":"tag-elevorganisasjonen","11":"tag-featured-news","12":"tag-featurednews","13":"tag-fravaersgrense","14":"tag-fremskrittspartiet-frp","15":"tag-headlines","16":"tag-kari-nessa-nordtun","17":"tag-latest-news","18":"tag-latestnews","19":"tag-news","20":"tag-no","21":"tag-norge","22":"tag-norway","23":"tag-nyheter","24":"tag-oppvekst","25":"tag-overskrifter","26":"tag-simen-velle","27":"tag-skole-og-utdanning","28":"tag-skolehelsetjenesten","29":"tag-top-stories","30":"tag-topstories","31":"tag-vghelseoglivet","32":"tag-videregaende-skole"},"share_on_mastodon":{"url":"https:\/\/pubeurope.com\/@no\/115852082111971542","error":""},"_links":{"self":[{"href":"https:\/\/www.europesays.com\/no\/wp-json\/wp\/v2\/posts\/130785","targetHints":{"allow":["GET"]}}],"collection":[{"href":"https:\/\/www.europesays.com\/no\/wp-json\/wp\/v2\/posts"}],"about":[{"href":"https:\/\/www.europesays.com\/no\/wp-json\/wp\/v2\/types\/post"}],"author":[{"embeddable":true,"href":"https:\/\/www.europesays.com\/no\/wp-json\/wp\/v2\/users\/2"}],"replies":[{"embeddable":true,"href":"https:\/\/www.europesays.com\/no\/wp-json\/wp\/v2\/comments?post=130785"}],"version-history":[{"count":0,"href":"https:\/\/www.europesays.com\/no\/wp-json\/wp\/v2\/posts\/130785\/revisions"}],"wp:featuredmedia":[{"embeddable":true,"href":"https:\/\/www.europesays.com\/no\/wp-json\/wp\/v2\/media\/130786"}],"wp:attachment":[{"href":"https:\/\/www.europesays.com\/no\/wp-json\/wp\/v2\/media?parent=130785"}],"wp:term":[{"taxonomy":"category","embeddable":true,"href":"https:\/\/www.europesays.com\/no\/wp-json\/wp\/v2\/categories?post=130785"},{"taxonomy":"post_tag","embeddable":true,"href":"https:\/\/www.europesays.com\/no\/wp-json\/wp\/v2\/tags?post=130785"}],"curies":[{"name":"wp","href":"https:\/\/api.w.org\/{rel}","templated":true}]}}