{"id":130799,"date":"2026-01-07T05:44:18","date_gmt":"2026-01-07T05:44:18","guid":{"rendered":"https:\/\/www.europesays.com\/no\/130799\/"},"modified":"2026-01-07T05:44:18","modified_gmt":"2026-01-07T05:44:18","slug":"raser-mot-endringene-i-farmen-kjendis","status":"publish","type":"post","link":"https:\/\/www.europesays.com\/no\/130799\/","title":{"rendered":"Raser mot endringene i \u00abFarmen kjendis\u00bb:"},"content":{"rendered":"<p>\u00c5rets sesong av\u00a0\u00abFarmen kjendis\u00bb er i gang for fullt. Igjen har en rekke kjendiser inntatt Fredheim g\u00e5rd, etter at de takket ja til \u00e5 leve livet slik det var for 100 \u00e5r siden.<\/p>\n<p>De 13 kjendisene var innstilt p\u00e5 t\u00f8ffe ukesoppdrag, bes\u00f8k p\u00e5 markedet, melking av kuer og g\u00e5rdsidyll, men mange av deltakerne fikk sjokk da programleder Dorthe Skappel (63) kom inn med en rekke overraskende nyheter.<\/p>\n<p>        <img class=\"image__img lazyload\" itemprop=\"image\" title=\"Foto: Skjermbilde \/ TV 2\" alt=\"OVERRASKET: Her f\u00e5r \u00e5rets kjendiser vite at de er med p\u00e5 et sosialt spill. Foto: Skjermbilde \/ TV 2\" width=\"607\" height=\"359\" bad-src=\"https:\/\/www.europesays.com\/no\/wp-content\/uploads\/2026\/01\/18436897.webp.jpeg\" fetchpriority=\"auto\" \/><\/p>\n<p>      OVERRASKET: Her f\u00e5r \u00e5rets kjendiser vite at de er med p\u00e5 et sosialt spill.<br \/>\n         Foto: Skjermbilde \/ TV 2<\/p>\n<p>\u2013 Jeg ble kvalm, sa tidligere \u00abJakten\u00bb-bonde Peder Braastad (30) da hun skulle til \u00e5 slippe bomben.<\/p>\n<p> \u2013 N\u00e5r vi var i l\u00e5ven og fikk beskjeden av Dorthe, tenkte jeg bare: \u00abAh, skal de holde p\u00e5 s\u00e5nn\u00bb. Jeg ble skuffet egentlig, forteller Stinius Maurstad (31). <\/p>\n<p>Flere endringer<\/p>\n<p>I \u00e5rets \u00abFarmen kjendis\u00bb er det ikke lenger en mentor, men tre eksperter som kommer inn og gir bed\u00f8mming. Markedet utg\u00e5r ogs\u00e5, og forpakterne har isteden muligheten til \u00e5 velge mat blant flere alternativer.<\/p>\n<p>Tvekampene blir ogs\u00e5 annerledes. Hvis en tvekamp er valgt, s\u00e5 kan den aldri velges igjen. Andrekjempen kan velge hvilken som helst gren, uansett kj\u00f8nn \u2013 hvis deltakerne blir enige.\u00a0<\/p>\n<p>Men den aller st\u00f8rste endringen er at \u00abFarmen kjendis\u00bb er infiltrert av en informant fra \u00abTorpet kjendis\u00bb.<\/p>\n<p>Personen har som m\u00e5l \u00e5 sabotere oppdrag og lekke informasjon slik at \u00abTorpet\u00bb-gjengen skal kunne ta over Fredheim g\u00e5rd.<\/p>\n<p>Programmet blir dermed et sosialt spill der det er duket for enda mer intriger og drama enn tidligere.<\/p>\n<p>\u2013 Noe ordentlig herk<\/p>\n<p>Det har satt sinnene i kok blant enkelte deltakere.<\/p>\n<p>\u2013 Jeg synes dette er helt forferdelig ubehagelig. Jeg trodde dette skulle v\u00e6re superkos p\u00e5 \u00abFarmen\u00bb, sier skuespiller Henriette Lien (56) i dagens episode.<\/p>\n<p>        <img class=\"image__img lazyload\" itemprop=\"image\" title=\"Foto: Ditlev Eidsmo \/ TV 2\" alt=\"KLAR TALE: Henriette Lien er blant de som ikke er forn\u00f8yd med endringen. Foto: Ditlev Eidsmo \/ TV 2\" width=\"675\" height=\"534\" bad-src=\"https:\/\/www.europesays.com\/no\/wp-content\/uploads\/2026\/01\/18437110.webp.jpeg\" fetchpriority=\"auto\" \/><\/p>\n<p>      KLAR TALE: Henriette Lien er blant de som ikke er forn\u00f8yd med endringen.<br \/>\n         Foto: Ditlev Eidsmo \/ TV 2<\/p>\n<p>Overfor TV 2, i forbindelse med seriens pressetreff, forteller Lien at hun ble overrasket over endringen.\u00a0<\/p>\n<p>\u2013 Jeg synes alt rundt informanten var noe ordentlig herk, om jeg<br \/>\nskal v\u00e6re \u00e6rlig. Jeg har ikke sett s\u00e5 mye p\u00e5 \u00abFarmen\u00bb tidligere, s\u00e5 jeg hadde<br \/>\nikke helt oversikt, men jeg visste at det ikke var et<br \/>\nsosialt spill.<\/p>\n<p>Selv er hun ikke noe glad i slike sosiale spill.<\/p>\n<p>\u2013\u00a0Det minner meg om<br \/>\nskoleg\u00e5rden, hvor man g\u00e5r rundt og tenker stygt om hverandre eller snakker<br \/>\nsammen om andre. Nei, jeg er ikke fan.<\/p>\n<p>Lien innr\u00f8mmer at det ble en krevende del av konkurransen.<\/p>\n<p>\u2013\u00a0Jeg ble lei av det, og lei av \u00e5 bli spurt om den informanten<br \/>\nhele tiden. Jeg driter i den informanten. Jeg lot det ikke p\u00e5virke oppholdet,<br \/>\nselv om det skjedde ting iblant, sier hun med glimt i \u00f8yet.<\/p>\n<p>    <a class=\"article__link\" data-ga-active-label=\"\" data-ga-active-label-animation=\"\" href=\"https:\/\/www.tv2.no\/underholdning\/hadde-angstanfall-i-40-minutter-jeg-var-langt-langt-nede\/18435649\/\" rel=\"nofollow noopener\" target=\"_blank\"><\/p>\n<p>    <img class=\"image__img lazyload\" itemprop=\"image\" title=\"\" alt=\"\" width=\"587\" height=\"247\" bad-src=\"https:\/\/www.europesays.com\/no\/wp-content\/uploads\/2026\/01\/1767764650_222_18435664.webp.jpeg\" fetchpriority=\"auto\" \/><\/p>\n<p>\n            Hadde angstanfall i 40 minutter: \u2013 Jeg var langt, langt nede\n        <\/p>\n<p>    <\/a><\/p>\n<p>Feil retning<\/p>\n<p>Den nye tvisten tar\u00a0\u00abFarmen kjendis\u00bb n\u00e6rmere programmer som\u00a0\u00abForr\u00e6der\u00bb og\u00a0\u00abSpillet\u00bb, mener Braastad.<\/p>\n<p>\u2013 Det var flere som sa at de hadde blitt med p\u00e5 \u00abFarmen\u00bb, ikke et sosialt spill. Plutselig ble det litt som i \u00abSpillet\u00bb eller \u00abForr\u00e6der\u00bb inne p\u00e5 \u00abFarmen\u00bb. Da tror jeg noen ble s\u00e5nn: \u00abDet er ikke dette jeg takket ja til\u00bb, sier han.<\/p>\n<p>        <img class=\"image__img lazyload\" itemprop=\"image\" title=\"Foto: Thomas Evensen \/ TV 2\" alt=\"ENDRING: Braastad sier endringene gj\u00f8r \u00abFarmen\u00bb likere andre sosiale spill-drevne program. Foto: Thomas Evensen \/ TV 2\" width=\"675\" height=\"453\" bad-src=\"https:\/\/www.europesays.com\/no\/wp-content\/uploads\/2026\/01\/18437125.webp.jpeg\" fetchpriority=\"auto\" \/><\/p>\n<p>      ENDRING: Braastad sier endringene gj\u00f8r \u00abFarmen\u00bb likere andre sosiale spill-drevne program.<br \/>\n         Foto: Thomas Evensen \/ TV 2<\/p>\n<p>Maurstad forteller at ting ikke ble som han hadde sett for seg.<\/p>\n<p> \u2013\u00a0Informant-delen av konkurransen ble jeg veldig skuffet over. At de ville ta det i en slik retning.\u00a0<\/p>\n<p>\u2013 Det lager jo s\u00e5 klart mer drama og spenning, alt som er g\u00f8y \u00e5 se p\u00e5. Men det var litt i veien for det som var m\u00e5let mitt med \u00abFarmen kjendis\u00bb,\u00a0som var felles prosjekter, f\u00e5 til ting sammen og samarbeid. <\/p>\n<p>        <img class=\"image__img lazyload\" itemprop=\"image\" title=\"Foto: Ditlev Eidsmo \/ TV 2\" alt=\"KRITISK: Stinius Maurstad ble skuffet over endringen. Foto: Ditlev Eidsmo \/ TV 2\" width=\"675\" height=\"480\" bad-src=\"https:\/\/www.europesays.com\/no\/wp-content\/uploads\/2026\/01\/18437146.webp.jpeg\" fetchpriority=\"auto\" \/><\/p>\n<p>      KRITISK: Stinius Maurstad ble skuffet over endringen.<br \/>\n         Foto: Ditlev Eidsmo \/ TV 2<\/p>\n<p>Forst\u00e5r ikke n\u00f8dvendigheten<\/p>\n<p> En av dem som reagerte mest p\u00e5 endringen av konseptet, er l\u00e6rer og TV-personlighet Trude Vasstrand (61). <\/p>\n<p>Overfor TV 2 forteller profilen at hun er dypt uenig i endringen.<\/p>\n<p>\u2013\u00a0For programmet sin del s\u00e5 tenker jeg det er trist. Jeg h\u00f8rer<br \/>\nfolk sier at man m\u00e5 fornye seg og i det hele tatt, men \u00abFarmen\u00bb har jo hatt s\u00e5 god<br \/>\noppslutning hos seerne.\u00a0<\/p>\n<p>\u2013 Jeg tenker det er fint med et program som ikke har som<br \/>\nm\u00e5l \u00e5 skape intriger og drama, der den sleipeste vinner. Det er fint med et<br \/>\n\u00e6rlig og redelig program. Jeg forst\u00e5r ikke n\u00f8dvendigheten av at alle program<br \/>\nskal bli like. For det er jo det det blir.<\/p>\n<p>        <img class=\"image__img lazyload\" itemprop=\"image\" title=\"Foto: Thomas Evensen \/ TV 2\" alt=\"IKKE FORN\u00d8YD: Trude Vasstrand. Foto: Thomas Evensen \/ TV 2\" width=\"675\" height=\"682\" bad-src=\"https:\/\/www.europesays.com\/no\/wp-content\/uploads\/2026\/01\/18436484.webp.jpeg\" fetchpriority=\"auto\" \/><\/p>\n<p>      IKKE FORN\u00d8YD: Trude Vasstrand.<br \/>\n         Foto: Thomas Evensen \/ TV 2<\/p>\n<p>Hadde ikke deltatt om hun visste<\/p>\n<p>Hun trekker frem b\u00e5de\u00a0\u00abHotellet\u00bb og\u00a0\u00abBoksen\u00bb, som n\u00e5 ogs\u00e5 f\u00e5r et innslag av sosialt spill i sesong to.\u00a0<\/p>\n<p>\u2013 Jeg syns det er trist. Jeg tror ikke at alle folk trenger drama og intriger,<br \/>\neller at ingen ville sett p\u00e5 TV hvis det ikke var et sosialt spill. Jeg<br \/>\ntror at \u00e6rlighet og redelighet, samarbeid og \u00e5 \u00f8nske hverandre godt kommer<br \/>\nlangt med. Og at ogs\u00e5 seerne synes det er OK. <\/p>\n<p>Vasstrand er tydelig p\u00e5 at hun ikke hadde deltatt om hun visste om endringene i forkant.<\/p>\n<p>\u2013 Det har jeg sagt tydelig ifra om. N\u00e5r det er sagt, s\u00e5 er jeg jo veldig glad for at jeg var med. For det var en fantastisk opplevelse. Men jeg hadde ikke blitt med om jeg hadde<br \/>\nvisst at det var dette som var opplegget. <\/p>\n<p>        <img class=\"image__img lazyload\" itemprop=\"image\" title=\"Foto: Anton Soggiu \/ TV 2\" alt=\"INFORMANT: Karsten Blomvik (i midten) er informant i \u00e5rets \u00abFarmen kjendis\u00bb. Foto: Anton Soggiu \/ TV 2\" width=\"978\" height=\"656\" bad-src=\"https:\/\/www.europesays.com\/no\/wp-content\/uploads\/2026\/01\/18436366.webp.jpeg\" fetchpriority=\"auto\" \/><\/p>\n<p>      INFORMANT: Karsten Blomvik (i midten) er informant i \u00e5rets \u00abFarmen kjendis\u00bb.<br \/>\n         Foto: Anton Soggiu \/ TV 2<\/p>\n<p>Hun reagerer likevel p\u00e5 at de ikke\u00a0ble informert p\u00e5 forh\u00e5nd.<\/p>\n<p>\u2013 Jeg var forberedt p\u00e5 at det skulle v\u00e6re annerledes. Det<br \/>\nbetyr ikke at man\u00a0n\u00e5 skal v\u00e6re med p\u00e5 et sosialt spill, der du f\u00e5r en informant,<br \/>\nhvor det legges opp til mistro mot hverandre, der man skal angi hverandre, og et<br \/>\nspill som baserer seg p\u00e5 helt andre verdier enn det som \u00abFarmen\u00bb en gang var. Jeg f\u00f8ler meg lurt.\u00a0<\/p>\n<p>        <img class=\"image__img lazyload\" itemprop=\"image\" title=\"Foto: Anton Soggiu \/ TV 2\" alt=\" Foto: Anton Soggiu \/ TV 2\" width=\"675\" height=\"540\" bad-src=\"https:\/\/www.europesays.com\/no\/wp-content\/uploads\/2026\/01\/18436363.webp.jpeg\" fetchpriority=\"auto\" \/><\/p>\n<p>         Foto: Anton Soggiu \/ TV 2<\/p>\n<p>\u2013 En verdiendring<\/p>\n<p>Vasstrand mener endringen er st\u00f8rre enn en bare \u00aben ny vri\u00bb.<\/p>\n<p>\u2013 Dette er en verdiendring. Hele fundamentet til<br \/>\n\u00abFarmen\u00bb er endret, og vi som deltakere var ikke forberedt.<\/p>\n<p class=\"italic m-italic\" data-lab-italic=\"italic\">\u2013 Vurderte du \u00e5 trekke deg?<\/p>\n<p>\u2013 Ja, jeg vurderte \u00e5 trekke meg. Samtidig s\u00e5 har man jo lyst til \u00e5 v\u00e6re der. Det er veldig selvmotsigende.<\/p>\n<p>Avslutningsvis sier Vasstrand at hun var klar for at det blir litt spill i\u00a0\u00abFarmen kjendis\u00bb, men:<\/p>\n<p>\u2013 S\u00e5 kommer man dit og f\u00e5r det man fikk. Det \u00f8dela for noe av dynamikken. Det var ikke dette jeg meldte meg p\u00e5.<\/p>\n<p>        <img class=\"image__img lazyload\" itemprop=\"image\" title=\"Foto: Thomas Evensen \/ TV 2\" alt=\"KRITISK: Trude Vasstrand er blant de som ikke liker den nye vrien. Foto: Thomas Evensen \/ TV 2\" width=\"675\" height=\"513\" bad-src=\"https:\/\/www.europesays.com\/no\/wp-content\/uploads\/2026\/01\/18437155.webp.jpeg\" fetchpriority=\"auto\" \/><\/p>\n<p>      KRITISK: Trude Vasstrand er blant de som ikke liker den nye vrien.<br \/>\n         Foto: Thomas Evensen \/ TV 2<\/p>\n<p>Dette sier TV 2<\/p>\n<p>Informant-kritikken har blitt forelagt TV 2. Pressesjef Jan-Petter Dahl svarer f\u00f8lgende:\u00a0<\/p>\n<p>\u2013 Kjente programkonsepter som<br \/>\n\u00abFarmen kjendis\u00bb fornyes l\u00f8pende. At den nye informant-rollen i<br \/>\n\u00abFarmen kjendis\u00bb\u00a0ville skape reaksjoner blant deltakerne skulle nesten<br \/>\nbare mangle. Deres reaksjoner p\u00e5 dette, er selvsagt noe vi lytter til og tar med oss videre i utviklingen av\u00a0\u00abFarmen\u00bb-universet.<\/p>\n<p>Forn\u00f8yd:\u00a0\u2013 Elsket det<\/p>\n<p>Victoria Skau (26) er blant forpakterne som tok informant-tvisten med fatning.<\/p>\n<p>\u2013 Jeg elsket det! Jeg var<br \/>\ns\u00e5nn: \u00abF\u00e5 p\u00e5 mer sosialt spill, taktikk og allianser\u00bb. Det er s\u00e5nt jeg elsker.<br \/>\nJeg ble litt redd f\u00f8rst, men aller mest supergira. Jeg tenkte at \u00abdet blir action i<br \/>\n\u00e5rets sesong\u00bb!<\/p>\n<p>Kristine Arntzen (29) mener det ikke er noe nytt at det ogs\u00e5 i\u00a0\u00abFarmen kjendis\u00bb er en form for spill.<\/p>\n<p>\u2013 Jeg er jo vant til \u00e5 se \u00abFarmen\u00bb som noe koselig, selv om<br \/>\ndet har v\u00e6rt krangler og intriger tidligere. At noen kommer i en klinsj og krasjer<br \/>\nlitt er jo ikke nytt, men her er det skapt av produksjonen i tillegg.\u00a0<\/p>\n<p>\u2013 Det<br \/>\ner lagt opp til mer spill. Jeg synes det var g\u00f8y, selv om det var ubehagelig<br \/>\nfra tid til annen. Det blir morsomt \u00e5 se hvordan det utspiller seg p\u00e5 TV.<\/p>\n<p>    <a class=\"article__link\" data-ga-active-label=\"\" data-ga-active-label-animation=\"\" href=\"https:\/\/www.tv2.no\/underholdning\/disse-deltar-i-spillet\/18354750\/\" rel=\"nofollow noopener\" target=\"_blank\"><\/p>\n<p>    <img class=\"image__img lazyload\" itemprop=\"image\" title=\"\" alt=\"\" width=\"978\" height=\"411\" bad-src=\"https:\/\/www.europesays.com\/no\/wp-content\/uploads\/2026\/01\/18362815.webp.jpeg\" fetchpriority=\"auto\" \/><\/p>\n<p>\n            Disse deltar i \u00abSpillet\u00bb\n        <\/p>\n<p>    <\/a><\/p>\n<p>I motsetning til flere av de andre deltagere, synes Sondre Sundby at endringen gjorde\u00a0\u00abFarmen kjendis\u00bb bedre.<\/p>\n<p>\u2013 Jeg synes det var g\u00f8y at det var et nytt element. At vi ikke<br \/>\nbare skulle surre rundt uke til uke der inne med ukesoppdrag og harmoni. Det<br \/>\nvar kult at vi hadde noe annet \u00e5 tenke p\u00e5. Det gjorde \u00abFarmen\u00bb-oppholdet<br \/>\nkulere.<\/p>\n<p>Skapte utfordringer<\/p>\n<p>Ikke overraskende var sjakkekspert og tidligere \u00abForr\u00e6der\u00bb-deltaker Heidi R\u00f8neid (43) blant dem som syntes det var gode nyheter med mer spill i det godt etablerte \u00abFarmen\u00bb-konseptet.<\/p>\n<p>\u2013 Det ble en utfordring fordi det var\u00a0veldig vanskelig \u00e5 v\u00e6re en som elsker \u00e5 spille, men s\u00e5 skal du spille mot noen som ikke har lyst til \u00e5 spille. Det ble en litt vanskelig dynamikk.\u00a0<\/p>\n<p>        <img class=\"image__img lazyload\" itemprop=\"image\" title=\"Foto: Thomas Evensen \/ TV 2\" alt=\"LIKER SPILL: Heidi R\u00f8neid likte at \u00abFarmen kjendis\u00bb fikk inn sterkere elementer av spill. Foto: Thomas Evensen \/ TV 2\" width=\"607\" height=\"504\" bad-src=\"https:\/\/www.europesays.com\/no\/wp-content\/uploads\/2026\/01\/18436501.webp.jpeg\" fetchpriority=\"auto\" \/><\/p>\n<p>      LIKER SPILL: Heidi R\u00f8neid likte at \u00abFarmen kjendis\u00bb fikk inn sterkere elementer av spill.<br \/>\n         Foto: Thomas Evensen \/ TV 2<\/p>\n<p>R\u00f8neid sier at hun hadde f\u00e5tt noen hint om endringer fra produksjonen i forkant av innspillingen, men at ingen var informert om hva endringene faktisk innebar.<\/p>\n<p>\u2013 Det ble ganske mange sterke reaksjoner. Ingen visste omfanget av det sosiale spillet. Ingen visste hvor mye det skulle endre \u00abFarmen\u00bb. Hvis du ville sagt nei til \u00e5 v\u00e6re med p\u00e5 \u00abForr\u00e6der\u00bb eller \u00abSpillet\u00bb, og s\u00e5 plutselig f\u00e5r du h\u00f8re at \u00abFarmen\u00bb ogs\u00e5 har elementer av sosialt spill \u2026 Jeg skj\u00f8nner at folk reagerer p\u00e5 det, sier sjakkkommentatoren.\u00a0<\/p>\n","protected":false},"excerpt":{"rendered":"\u00c5rets sesong av\u00a0\u00abFarmen kjendis\u00bb er i gang for fullt. Igjen har en rekke kjendiser inntatt Fredheim g\u00e5rd, etter&hellip;\n","protected":false},"author":2,"featured_media":130800,"comment_status":"","ping_status":"","sticky":false,"template":"","format":"standard","meta":{"footnotes":""},"categories":[58],"tags":[71,30,28,29,72],"class_list":{"0":"post-130799","1":"post","2":"type-post","3":"status-publish","4":"format-standard","5":"has-post-thumbnail","7":"category-underholdning","8":"tag-entertainment","9":"tag-no","10":"tag-norge","11":"tag-norway","12":"tag-underholdning"},"share_on_mastodon":{"url":"https:\/\/pubeurope.com\/@no\/115852231514481266","error":""},"_links":{"self":[{"href":"https:\/\/www.europesays.com\/no\/wp-json\/wp\/v2\/posts\/130799","targetHints":{"allow":["GET"]}}],"collection":[{"href":"https:\/\/www.europesays.com\/no\/wp-json\/wp\/v2\/posts"}],"about":[{"href":"https:\/\/www.europesays.com\/no\/wp-json\/wp\/v2\/types\/post"}],"author":[{"embeddable":true,"href":"https:\/\/www.europesays.com\/no\/wp-json\/wp\/v2\/users\/2"}],"replies":[{"embeddable":true,"href":"https:\/\/www.europesays.com\/no\/wp-json\/wp\/v2\/comments?post=130799"}],"version-history":[{"count":0,"href":"https:\/\/www.europesays.com\/no\/wp-json\/wp\/v2\/posts\/130799\/revisions"}],"wp:featuredmedia":[{"embeddable":true,"href":"https:\/\/www.europesays.com\/no\/wp-json\/wp\/v2\/media\/130800"}],"wp:attachment":[{"href":"https:\/\/www.europesays.com\/no\/wp-json\/wp\/v2\/media?parent=130799"}],"wp:term":[{"taxonomy":"category","embeddable":true,"href":"https:\/\/www.europesays.com\/no\/wp-json\/wp\/v2\/categories?post=130799"},{"taxonomy":"post_tag","embeddable":true,"href":"https:\/\/www.europesays.com\/no\/wp-json\/wp\/v2\/tags?post=130799"}],"curies":[{"name":"wp","href":"https:\/\/api.w.org\/{rel}","templated":true}]}}