{"id":130801,"date":"2026-01-07T05:51:36","date_gmt":"2026-01-07T05:51:36","guid":{"rendered":"https:\/\/www.europesays.com\/no\/130801\/"},"modified":"2026-01-07T05:51:36","modified_gmt":"2026-01-07T05:51:36","slug":"quiz-i-dagbladet-2026-uke-1","status":"publish","type":"post","link":"https:\/\/www.europesays.com\/no\/130801\/","title":{"rendered":"Quiz i Dagbladet 2026, uke 1"},"content":{"rendered":"<p class=\"kicker \" style=\"\">Legenden rammet:\u00a0<\/p>\n<p>  Legen ga Roger Ruud (67) to \u00e5r igjen \u00e5 leve. N\u00e5 har det g\u00e5tt fem. Kreftbehandlingen har f\u00f8rt til nye problemer.<\/p>\n<p>\n    HOPPLEGENDE: Roger Ruud herjet i hoppbakken p\u00e5 80-tallet. De siste \u00e5ra har v\u00e6rt atskillig t\u00f8ffere. Foto: Kristian Ridder-Nielsen\n  <\/p>\n<p>GARMISCH-PARTENKIRCHEN (Dagbladet): Nytt\u00e5rshopprennet for seks dager siden: N\u00e5r TV-kameraet sveiper over trenertribunen, dukker det opp en kjent skikkelse i TV-ruta.<\/p>\n<p>Det kan vel ikke v\u00e6re ..? Jo, det kan det v\u00e6re!<\/p>\n<p>    Roger Ruud<\/p>\n<p>F\u00f8dt: 1. oktober 1958.<\/p>\n<p>Karriere: Ruud er f\u00f8rst og fremst kjent som skihopper fra 1980-tallet. Han vant ni verdenscuprenn.<\/p>\n<p>P\u00e5 TV: De siste \u00e5ra har han v\u00e6rt med i\u00a0 \u00abSkal vi danse\u00bb og \u00abMesternes mester\u00bb.<\/p>\n<p class=\"font-weight-normal m-font-weight-normal\" data-lab-font_weight=\"font-weight-normal\">I dag: Hopplegenden lever med\u00a0uhelbredelig lymfekreft.\u00a0<\/p>\n<p>      Vis mer<br \/>\n      Vis mindre<\/p>\n<p>Trenertribunen er en hellig plass i hoppbakken. Men i Garmisch-Partenkirchen i Tyskland har hopplegenden Roger Ruud alle tilganger.\u00a0<\/p>\n<p>Han vant Nytt\u00e5rshopprennet her i 1982. Siden har han v\u00e6rt hedergjest i bakken og behandles som en konge hvert \u00e5r.<\/p>\n<p>        <img loading=\"lazy\" decoding=\"async\" src=\"https:\/\/www.europesays.com\/no\/wp-content\/uploads\/2026\/01\/1767765094_837_84053378.webp.webp\" width=\"667\" height=\"841\" title=\"TRIUMF: Det er slik mange husker Roger Ruud - en hopper med glimt i \u00f8yet. Da han vant Nytt\u00e5rshopprennet i 1982, fikk han med seg en stor pokal og TV. Foto: NTB\" alt=\"\" class=\"\" style=\"--aspect-ratio-image: 0.79; \"\/><\/p>\n<p>\n        TRIUMF: Det er slik mange husker Roger Ruud &#8211; en hopper med glimt i \u00f8yet. Da han vant Nytt\u00e5rshopprennet i 1982, fikk han med seg en stor pokal og TV. Foto: NTB\n    <\/p>\n<p>I 2022 var det et stort intervju med Ruud i Garmisch-Partenkirchner Tagblatt. Anledningen var 40-\u00e5rsjubileet for seieren. Han ble omtalt som \u00abDer Norweger\u00bb, en mann tyskerne har dyp respekt for.<\/p>\n<p>I dag sier han til Dagbladet:<\/p>\n<p>&#8211; Turene til Garmisch-Partenkirchen er noe av det som enn\u00e5 holder meg oppe. Det er det som holder liv i livet. Jeg er inne til behandling for kreft et par ganger i \u00e5ret. Seks eller sju uker hver gang. Som regel er det v\u00e5r og h\u00f8st.<\/p>\n<p>Han fortsetter:<\/p>\n<p>&#8211; Etter at jeg er ferdig p\u00e5 h\u00f8sten, har jeg Hoppuka \u00e5 se fram til. Det handler ikke bare om at det er koselig \u00e5 komme hit. Det er litt terapi ogs\u00e5. Litt egenbehandling.<\/p>\n<p>        <img loading=\"lazy\" decoding=\"async\" src=\"https:\/\/www.europesays.com\/no\/wp-content\/uploads\/2026\/01\/1767765095_524_84053390.webp.webp\" width=\"667\" height=\"447\" title=\"STORTRIVES: Roger Ruud er tilbake i byen som gj\u00f8r ham varm om hjertet: Garmisch-Partenkirchen. Her er han utenfor hotell Mercure. Foto: Tore Ulrik Bratland\" alt=\"\" class=\"\" style=\"--aspect-ratio-image: 1.49; \"\/><\/p>\n<p>\n        STORTRIVES: Roger Ruud er tilbake i byen som gj\u00f8r ham varm om hjertet: Garmisch-Partenkirchen. Her er han utenfor hotell Mercure. Foto: Tore Ulrik Bratland\n    <\/p>\n<p>Det var i 2021 at han fikk den brutale meldingen: \u00abDu har uhelbredelig lymfekreft.\u00bb Lymfesystemet er en del av kroppens immunforsvar. Ruud ville ha svar med en gang. \u00abHvor lenge har jeg igjen \u00e5 leve?\u00bb P\u00e5 Radiumshospitalet svarte legen: \u00abTo \u00e5r.\u00bb<\/p>\n<p>&#8211; N\u00e5 har det g\u00e5tt atskillig lenger tid. De finner behandling, forteller han.<\/p>\n<p>&#8211; Du vet aldri om sykdommen vil blomstre opp igjen. Jeg lever med kreften, men legene har klart \u00e5 stoppe utviklingen. S\u00e5 har du den s\u00e5kalte fatiguen. For meg har det utviklet seg til en kronisk sykdom som er mye verre enn selve kreftbeskjeden, forteller han.<\/p>\n<p>        <img loading=\"lazy\" decoding=\"async\" src=\"https:\/\/www.europesays.com\/no\/wp-content\/uploads\/2026\/01\/1767765095_345_84054823.webp.webp\" width=\"667\" height=\"421\" title=\"T\u00d8FT: - Jeg har kronisk fatigue, forteller Roger Ruud. Foto: Tore Ulrik Bratland\" alt=\"\" class=\"\" style=\"--aspect-ratio-image: 1.58; \"\/><\/p>\n<p>\n        T\u00d8FT: &#8211; Jeg har kronisk fatigue, forteller Roger Ruud. Foto: Tore Ulrik Bratland\n    <\/p>\n<p>Definisjonen p\u00e5 fatigue er ekstrem tretthet eller slitenhet &#8211; enten fysisk, mentalt eller emosjonelt. Du har redusert energi, lav motivasjon, konsentrasjonsvansker, muskelsvakhet og irritabilitet.<\/p>\n<p>&#8211; Veldig mange av dem som f\u00e5r kreft, eller har hatt kreft, f\u00e5r fatigue. Du har forskjellige grader av det. Men jeg har kronisk fatigue, s\u00e5 den blir der. For \u00e5 komme gjennom en dag m\u00e5 jeg fordele krefter. Dette l\u00e6rer vi p\u00e5 behandlinger og kurs.<\/p>\n<p>        Arne Scheie reagerer p\u00e5 hoppet til Thomas Morgenstern. Det gjorde at han havnet i koma. Video: Helseth, S\u00f8r\u00f8 Olsen\/Dagbladet TV-sporten<\/p>\n<p>Nettopp her er et av poengene Roger Ruud \u00f8nsker \u00e5 f\u00e5 fram. Han har f\u00e5tt kreftbehandling ved Unicare R\u00f8ros. Men i begynnelsen av desember meldte <a href=\"https:\/\/www.adressa.no\/nyheter\/trondelag\/i\/L4p2dq\/helsetilbud-legges-ned-jeg-har-vanskelig-for-aa-tro-paa-dette\" rel=\"nofollow noopener\" target=\"_blank\">Adresseavisen<\/a>:<\/p>\n<p>&#8211; N\u00e5 kan det bli slutt: Helse Midt-Norge er i ferd med \u00e5 inng\u00e5 nye avtaler for spesialisert rehabilitering. Unicare R\u00f8ros f\u00e5r ikke lenger drive med kreftrehabilitering.<\/p>\n<p>        <img loading=\"lazy\" decoding=\"async\" src=\"https:\/\/www.europesays.com\/no\/wp-content\/uploads\/2026\/01\/1767765095_951_84054827.webp.webp\" width=\"667\" height=\"381\" title=\"F\u00c5R ROS: Roger Ruud skryter av kreftbehandlingen ved Unicare R\u00f8ros.\" alt=\"\" class=\"\" style=\"--aspect-ratio-image: 1.75; \"\/><\/p>\n<p>\n        F\u00c5R ROS: Roger Ruud skryter av kreftbehandlingen ved Unicare R\u00f8ros.\n    <\/p>\n<p>Unicare R\u00f8ros har ikke n\u00e5dd opp i anbudskonkurransen. I en e-post til Adressavisen skriver fagdirekt\u00f8r Trude Basso i Helse Midt-Norge:<\/p>\n<p>&#8211; Alle leverand\u00f8rer som har f\u00e5tt tilbud om avtale i ny avtaleperiode har dokumentert god kvalitet. Dessverre er det ikke slik at alle tilbydere som leverer god kvalitet n\u00e5r opp i en konkurranse.<\/p>\n<p>Ruud mener dette ikke er det eneste eksempelet.<\/p>\n<p>&#8211; Mange kreftbehandlinger legges ned. Ringen Rehabiliteringssenter p\u00e5 Moelv er et meget bra behandlingssenter for oss kreftpasienter. Jeg har vekslet mellom dem og R\u00f8r\u00f8s. De utfyller hverandre veldig bra, men skal legge ned kreftbehandlingen. Det samme gjelder blant annet Unicare Steffensrud, forteller Ruud.<\/p>\n<p>        <img loading=\"lazy\" decoding=\"async\" src=\"https:\/\/www.europesays.com\/no\/wp-content\/uploads\/2026\/01\/1767765095_907_84054837.webp.webp\" width=\"667\" height=\"407\" title=\"INNR\u00d8MMER: - Jeg har v\u00e6rt nede i veldig m\u00f8rke kjellere, sier Roger Ruud. Foto: Geir Olsen \/ NTB\" alt=\"\" class=\"\" style=\"--aspect-ratio-image: 1.64; \"\/><\/p>\n<p>\n        INNR\u00d8MMER: &#8211; Jeg har v\u00e6rt nede i veldig m\u00f8rke kjellere, sier Roger Ruud. Foto: Geir Olsen \/ NTB\n    <\/p>\n<p>Han raser mot politiske beslutninger og legger ikke skjul p\u00e5 en t\u00f8ff tid.<\/p>\n<p>&#8211; Av og til stokker det seg helt. Jeg har v\u00e6rt nede i veldig m\u00f8rke kjellere. Du tenker alle merkelige utveier.<\/p>\n<p>    <a itemprop=\"url\" href=\"https:\/\/www.dagbladet.no\/sport\/tusenvis-av-drapstrusler\/84064017\" rel=\"nofollow noopener\" target=\"_blank\"><\/p>\n<p>        <img loading=\"lazy\" decoding=\"async\" src=\"https:\/\/www.europesays.com\/no\/wp-content\/uploads\/2026\/01\/1767765096_712_84064043.webp.webp\" width=\"147\" height=\"98\" title=\"- Tusenvis av drapstrusler\" alt=\"\" class=\"lazyload\" style=\"--aspect-ratio-image: 1.50; \"\/><\/p>\n<p>        &#8211; Tusenvis av drapstrusler<\/p>\n<p>    <\/a><\/p>\n<p>Dagbladet m\u00f8ter Ruud p\u00e5 hotell Mercure i Garmisch-Partenkichen. Hvert \u00e5r har han med seg en gjeng med hoppentusiaster. Denne gangen har Hoppuka hatt ekstra flott v\u00e6r. Flere har allerede bedt om \u00e5 f\u00e5 v\u00e6re med hopplegenden neste \u00e5r ogs\u00e5.<\/p>\n<p>Alle er forn\u00f8yde. Men \u00e9n ting er Ruud klinkende klar p\u00e5: \u00abDresskontroll\u00f8rene kan ikke fortsette med \u00e5 diske folk p\u00e5 grunnlag av en millimeter eller to p\u00e5 dressen.\u00bb<\/p>\n<p>        <img loading=\"lazy\" decoding=\"async\" src=\"https:\/\/www.europesays.com\/no\/wp-content\/uploads\/2026\/01\/1767765096_954_84054846.webp.webp\" width=\"667\" height=\"554\" title=\"STILRENT: Roger Ruud med et elegant svev p\u00e5 80-tallet. Foto: NTB\" alt=\"\" class=\"\" style=\"--aspect-ratio-image: 1.20; \"\/><\/p>\n<p>\n        STILRENT: Roger Ruud med et elegant svev p\u00e5 80-tallet. Foto: NTB\n    <\/p>\n<p>&#8211; Vi glemmer moroa med hoppsporten. Hoppinga har kommet i skyggen av alt som skjer rundt. Det er ikke dette folk skal prate om. De skal snakke om lange hopp, stilkarakterer og nedslag. Vi trenger ikke det som skjer n\u00e5, sier Ruud.<\/p>\n<p>Neste dag ser vi at han st\u00e5r og diskuterer hopp med Viaplay-ekspert Anders Jacobsen. Han har ogs\u00e5 sagt et par sannhetsord til Sandro Pertile, renndirekt\u00f8ren i FIS. Da han viste fram et gammelt stilhopp av seg selv, fikk han tommelen opp fra Pertile.<\/p>\n<p>&#8211; Sandro er lyttende og mottakelig. Han lover \u00e5 se over en del forslag som jeg har kommet med. Hoppsporten m\u00e5 bli enklere for hoppere og publikum. S\u00e5 f\u00e5r vi se om det skjer noe rundt dette.<\/p>\n<p>        <img loading=\"lazy\" decoding=\"async\" src=\"https:\/\/www.europesays.com\/no\/wp-content\/uploads\/2026\/01\/1767765096_144_84059779.webp.webp\" width=\"667\" height=\"414\" title=\"FAGPRAT: Viaplay-ekspert Anders Jacobsen (t.v.) og Roger Ruud diskuterer ivrig p\u00e5 sletta i Garmisch-Partenkirchen. Foto: Tore Ulrik Bratland\" alt=\"\" class=\"\" style=\"--aspect-ratio-image: 1.61; \"\/><\/p>\n<p>\n        FAGPRAT: Viaplay-ekspert Anders Jacobsen (t.v.) og Roger Ruud diskuterer ivrig p\u00e5 sletta i Garmisch-Partenkirchen. Foto: Tore Ulrik Bratland\n    <\/p>\n<p>Ruud rusler tilbake til forsamlingen av hoppentusiaster. Han er i sitt ess. Garmisch-Partenkirchen gir ham f\u00f8lelsen av \u00ab\u00e5 komme hjem\u00bb.<\/p>\n<p>&#8211; Jeg vet at etter en tur til Hoppuka kommer jeg til \u00e5 ligge rett ut i en uke etterp\u00e5.\u00a0<\/p>\n<p>Men:<\/p>\n<p>&#8211; Det er verdt det, sier hopplegenden.<\/p>\n<p>        <img loading=\"lazy\" decoding=\"async\" src=\"https:\/\/www.europesays.com\/no\/wp-content\/uploads\/2026\/01\/1767765096_232_84059795.webp.webp\" width=\"667\" height=\"381\" title=\"ENTUSIASTER: Roger Ruud (t.v.) har v\u00e6rt i Hoppuka med denne gjengen. Her er de samlet p\u00e5 hotell Mercure i Garmisch-Partenkirchen. Foto: Tore Ulrik Bratland\" alt=\"\" class=\"\" style=\"--aspect-ratio-image: 1.75; \"\/><\/p>\n<p>\n        ENTUSIASTER: Roger Ruud (t.v.) har v\u00e6rt i Hoppuka med denne gjengen. Her er de samlet p\u00e5 hotell Mercure i Garmisch-Partenkirchen. Foto: Tore Ulrik Bratland\n    <\/p>\n<p>    Roger Ruud: &#8211; Enkel sak<\/p>\n<p> Roger Ruud har flere synspunkter p\u00e5 hvordan hoppsporten kan utvikle seg til det bedre.\u00a0<\/p>\n<p>I Hoppuka har det v\u00e6rt millimeterm\u00e5linger p\u00e5 hoppdressene. Sportssjef Jan-Erik Aalbu mener l\u00f8sningen er \u00e5 godkjenne hoppdressene p\u00e5 torsdag eller fredag og l\u00e5se dem inn i en container. S\u00e5 tas de fram igjen f\u00f8r rennet.\u00a0<\/p>\n<p>&#8211; Dette med \u00e5 l\u00e5se dresser inn i en container er enkel sak for FIS og hopparrang\u00f8rene. Du burde ogs\u00e5 nekte noen \u00e5 bruke skredder f\u00f8r et renn. Det er ingen behov for dette hvis du har regelmessige kontroller, sier Ruud.<\/p>\n<p>\u00a0&#8211; Jeg synes tanken til Johan Remen Evensen &#8211; om \u00e5 dele ut dressene p\u00e5 toppen av hoppet &#8211; er litt for ekstrem. Som Aalbu sier: Det er begrenset hvor mye en skihopper kan g\u00e5 ned i kilo i l\u00f8pet av et d\u00f8gn. Dette er ikke boksere.<\/p>\n<p>Ruud deler disse tankene:\u00a0<\/p>\n<p>&#8211; Vi vet at noen ikke knyter skoene i det hele tatt, eller bare bruker en sl\u00f8yfe, n\u00e5r skrittlengden skal m\u00e5les. De kan st\u00e5 p\u00e5 t\u00e5 inne i skoene og plutselig f\u00e5 noen millimeter ekstra. Dette blir gjort av flere. B\u00e5de kropp og dress er elastiske. Hvordan du sitter p\u00e5 benken p\u00e5 toppen, kan bidra til millimeter.<\/p>\n<p>\u00a0&#8211; For mange tekniske feil kan sl\u00e5 negativt ut i stedet for at du f\u00e5r fordeler. Lange, flate ski bremser hvis ikke den tekniske bevegelsen blir gjort riktig og du b\u00f8yer skikkelig over skiene. Da blir det en vegg som bremser. Dette har jeg sett mye av. <\/p>\n<p>      Vis mer<br \/>\n      Vis mindre<\/p>\n","protected":false},"excerpt":{"rendered":"Legenden rammet:\u00a0 Legen ga Roger Ruud (67) to \u00e5r igjen \u00e5 leve. N\u00e5 har det g\u00e5tt fem. Kreftbehandlingen&hellip;\n","protected":false},"author":2,"featured_media":130802,"comment_status":"","ping_status":"","sticky":false,"template":"","format":"standard","meta":{"footnotes":""},"categories":[58],"tags":[71,30,28,29,14,218,4410,4407,4409,4408,4406,72],"class_list":{"0":"post-130801","1":"post","2":"type-post","3":"status-publish","4":"format-standard","5":"has-post-thumbnail","7":"category-underholdning","8":"tag-entertainment","9":"tag-no","10":"tag-norge","11":"tag-norway","12":"tag-nyheter","13":"tag-pluss","14":"tag-quiz","15":"tag-quiz-sporsmal","16":"tag-simenstikjappe","17":"tag-tema","18":"tag-test-deg-selv","19":"tag-underholdning"},"share_on_mastodon":{"url":"https:\/\/pubeurope.com\/@no\/115852259077078792","error":""},"_links":{"self":[{"href":"https:\/\/www.europesays.com\/no\/wp-json\/wp\/v2\/posts\/130801","targetHints":{"allow":["GET"]}}],"collection":[{"href":"https:\/\/www.europesays.com\/no\/wp-json\/wp\/v2\/posts"}],"about":[{"href":"https:\/\/www.europesays.com\/no\/wp-json\/wp\/v2\/types\/post"}],"author":[{"embeddable":true,"href":"https:\/\/www.europesays.com\/no\/wp-json\/wp\/v2\/users\/2"}],"replies":[{"embeddable":true,"href":"https:\/\/www.europesays.com\/no\/wp-json\/wp\/v2\/comments?post=130801"}],"version-history":[{"count":0,"href":"https:\/\/www.europesays.com\/no\/wp-json\/wp\/v2\/posts\/130801\/revisions"}],"wp:featuredmedia":[{"embeddable":true,"href":"https:\/\/www.europesays.com\/no\/wp-json\/wp\/v2\/media\/130802"}],"wp:attachment":[{"href":"https:\/\/www.europesays.com\/no\/wp-json\/wp\/v2\/media?parent=130801"}],"wp:term":[{"taxonomy":"category","embeddable":true,"href":"https:\/\/www.europesays.com\/no\/wp-json\/wp\/v2\/categories?post=130801"},{"taxonomy":"post_tag","embeddable":true,"href":"https:\/\/www.europesays.com\/no\/wp-json\/wp\/v2\/tags?post=130801"}],"curies":[{"name":"wp","href":"https:\/\/api.w.org\/{rel}","templated":true}]}}