{"id":130803,"date":"2026-01-07T05:59:09","date_gmt":"2026-01-07T05:59:09","guid":{"rendered":"https:\/\/www.europesays.com\/no\/130803\/"},"modified":"2026-01-07T05:59:09","modified_gmt":"2026-01-07T05:59:09","slug":"motorola-razr-fold-er-stort-sett-et-mysterium-men-den-overgar-allerede-samsung-galaxy-fold-7-pa-en-viktig-mate","status":"publish","type":"post","link":"https:\/\/www.europesays.com\/no\/130803\/","title":{"rendered":"Motorola Razr Fold er stort sett et mysterium, men den overg\u00e5r allerede Samsung Galaxy Fold 7 p\u00e5 \u00e9n viktig m\u00e5te"},"content":{"rendered":"<ul id=\"4c50148c-5b5c-483e-9c58-718eaef5de25\">\n<li><strong>Motorola avsl\u00f8rer Razr Fold<\/strong><\/li>\n<li><strong>8,1-tommers innvendig skjerm og en 6,6-tommers dekselskjerm<\/strong><\/li>\n<li><strong>5 kameraer, inkludert et 20 MP innvendig frontkamera<\/strong><\/li>\n<\/ul>\n<p id=\"fdf872cd-4685-48b7-8d05-b0e79b732b54\">Motorola ble kanskje oppmuntret av den varme mottakelsen av <a data-analytics-id=\"inline-link\" href=\"https:\/\/www.techradar.com\/phones\/google-pixel-phones\/motorola-razr-ultra-2025-review\" target=\"_blank\" data-mrf-recirculation=\"inline-link\" rel=\"nofollow noopener\">Razr Ultra<\/a>, og utvider serien sin (b\u00e5de i antall og fysisk) med en helt ny Motorola Razr Fold.<\/p>\n<p>Razr Fold, som ble annonsert p\u00e5 <a data-analytics-id=\"inline-link\" href=\"https:\/\/www.techradar.com\/tag\/ces\" target=\"_blank\" data-mrf-recirculation=\"inline-link\" rel=\"nofollow noopener\">CES 2026<\/a> i Las Vegas, bringer Motorola inn i territoriet for sammenleggbare nettbrett, men med sin signaturstil og noen fotografiske triks de l\u00e6rte fra den imponerende Razr Ultra. Den er ogs\u00e5 en av de st\u00f8rre brettbare mobiltelefonene, med en 8,1-tommers skjerm utfoldet og en 6,6-tommers dekselskjerm.<\/p>\n<p><a id=\"elk-seasonal\" class=\"paywall\" aria-hidden=\"true\" data-url=\"\" href=\"\" target=\"_blank\" referrerpolicy=\"no-referrer-when-downgrade\" data-hl-processed=\"none\"\/><\/p>\n<p id=\"db223529-4655-42e0-bc72-243a23d49865-0\">Det er ikke mange detaljer om disse skjermene utover st\u00f8rrelsen, selv om Motorola lister opp den store, fleksible skjermen som LPTO, noe som burde bety at den vil tilby en variabel oppdateringsfrekvens som kan variere fra 1 Hz til 120 Hz, og i s\u00e5 fall vil gi den et solid konkurransefortrinn sammenlignet med hovedskjermen til <a data-analytics-id=\"inline-link\" href=\"https:\/\/global.techradar.com\/no-no\/phones\/samsung-galaxy-phones\/test-samsung-galaxy-z-fold-7\" target=\"_blank\" data-url=\"https:\/\/global.techradar.com\/no-no\/phones\/samsung-galaxy-phones\/test-samsung-galaxy-z-fold-7\" data-hl-processed=\"none\" data-mrf-recirculation=\"inline-link\" data-before-rewrite-localise=\"https:\/\/global.techradar.com\/no-no\/phones\/samsung-galaxy-phones\/test-samsung-galaxy-z-fold-7\" rel=\"nofollow noopener\">Samsung Galaxy Z Fold 7<\/a>.<\/p>\n<p>Du liker kanskje<\/p>\n<p>Et omr\u00e5de der Motorola Razr Fold allerede er klar til \u00e5 overg\u00e5 hovedkonkurrentene, er innen kreativitet. Den nye enheten vil st\u00f8tte Moto Pen Ultra-inngang og h\u00e5ndflateavvisning. Selv om Motorola ikke har bekreftet dette, vil det indikere et digitaliseringslag, noe <a data-analytics-id=\"inline-link\" href=\"https:\/\/global.techradar.com\/no-no\/tag\/samsung\" data-auto-tag-linker=\"true\" data-url=\"https:\/\/global.techradar.com\/no-no\/tag\/samsung\" data-hl-processed=\"none\" data-mrf-recirculation=\"inline-link\" data-before-rewrite-localise=\"https:\/\/global.techradar.com\/no-no\/tag\/samsung\" rel=\"nofollow noopener\" target=\"_blank\">Samsung<\/a> mistet p\u00e5 sin n\u00e5 ultratynne Z Fold 7.<\/p>\n<p>Kameraene h\u00f8res ogs\u00e5 ganske imponerende ut. Det er fem totalt, inkludert et 50 MP ultravidvinkelkamera som ogs\u00e5 st\u00f8tter makrofotografering, et 3x optisk zoom p\u00e5 50 MP og et 50 MP hovedvidvinkelkamera.<\/p>\n<p>Image 1 of 6<\/p>\n<p><img decoding=\"async\" src=\"https:\/\/www.europesays.com\/no\/wp-content\/uploads\/2026\/01\/NmfwYuXesJEkwhNp54qF35.jpg\" alt=\"Motorola Razr Fold\"   class=\"image-wrapped__image image__image\" loading=\"lazy\" data-normal=\"https:\/\/www.europesays.com\/no\/wp-content\/uploads\/2026\/01\/NmfwYuXesJEkwhNp54qF35.jpg\" data-original-mos=\"https:\/\/www.europesays.com\/no\/wp-content\/uploads\/2026\/01\/NmfwYuXesJEkwhNp54qF35.jpg\" data-pin-media=\"https:\/\/www.europesays.com\/no\/wp-content\/uploads\/2026\/01\/NmfwYuXesJEkwhNp54qF35.jpg\" data-pin-nopin=\"true\" data-slice-image=\"true\"\/>(Image credit: Motorola)<img decoding=\"async\" src=\"https:\/\/www.europesays.com\/no\/wp-content\/uploads\/2026\/01\/E5BZynbzHNPfxTzYdoh8v4.jpg\" alt=\"Motorola Razr Fold\"   class=\"image-wrapped__image image__image\" loading=\"lazy\" data-normal=\"https:\/\/www.europesays.com\/no\/wp-content\/uploads\/2026\/01\/E5BZynbzHNPfxTzYdoh8v4.jpg\" data-original-mos=\"https:\/\/www.europesays.com\/no\/wp-content\/uploads\/2026\/01\/E5BZynbzHNPfxTzYdoh8v4.jpg\" data-pin-media=\"https:\/\/www.europesays.com\/no\/wp-content\/uploads\/2026\/01\/E5BZynbzHNPfxTzYdoh8v4.jpg\" data-pin-nopin=\"true\" data-slice-image=\"true\"\/>(Image credit: Motorola)<img decoding=\"async\" src=\"https:\/\/www.europesays.com\/no\/wp-content\/uploads\/2026\/01\/wtgzmqMhYxeaAbDhyeqii4.jpg\" alt=\"Motorola Razr Fold\"   class=\"image-wrapped__image image__image\" loading=\"lazy\" data-normal=\"https:\/\/www.europesays.com\/no\/wp-content\/uploads\/2026\/01\/wtgzmqMhYxeaAbDhyeqii4.jpg\" data-original-mos=\"https:\/\/www.europesays.com\/no\/wp-content\/uploads\/2026\/01\/wtgzmqMhYxeaAbDhyeqii4.jpg\" data-pin-media=\"https:\/\/www.europesays.com\/no\/wp-content\/uploads\/2026\/01\/wtgzmqMhYxeaAbDhyeqii4.jpg\" data-pin-nopin=\"true\" data-slice-image=\"true\"\/>(Image credit: Motorola)<img decoding=\"async\" src=\"https:\/\/www.europesays.com\/no\/wp-content\/uploads\/2026\/01\/wjMLDZZiD4p6dG8Y6oAH25.jpg\" alt=\"Motorola Razr Fold\"   class=\"image-wrapped__image image__image\" loading=\"lazy\" data-normal=\"https:\/\/www.europesays.com\/no\/wp-content\/uploads\/2026\/01\/wjMLDZZiD4p6dG8Y6oAH25.jpg\" data-original-mos=\"https:\/\/www.europesays.com\/no\/wp-content\/uploads\/2026\/01\/wjMLDZZiD4p6dG8Y6oAH25.jpg\" data-pin-media=\"https:\/\/www.europesays.com\/no\/wp-content\/uploads\/2026\/01\/wjMLDZZiD4p6dG8Y6oAH25.jpg\" data-pin-nopin=\"true\" data-slice-image=\"true\"\/>(Image credit: Motorola)<img decoding=\"async\" src=\"https:\/\/www.europesays.com\/no\/wp-content\/uploads\/2026\/01\/LxQMQkjeKAUHmTXSzcz6P4.jpg\" alt=\"Motorola Razr Fold\"   class=\"image-wrapped__image image__image\" loading=\"lazy\" data-normal=\"https:\/\/www.europesays.com\/no\/wp-content\/uploads\/2026\/01\/LxQMQkjeKAUHmTXSzcz6P4.jpg\" data-original-mos=\"https:\/\/www.europesays.com\/no\/wp-content\/uploads\/2026\/01\/LxQMQkjeKAUHmTXSzcz6P4.jpg\" data-pin-media=\"https:\/\/www.europesays.com\/no\/wp-content\/uploads\/2026\/01\/LxQMQkjeKAUHmTXSzcz6P4.jpg\" data-pin-nopin=\"true\" data-slice-image=\"true\"\/>(Image credit: Motorola)<img decoding=\"async\" src=\"https:\/\/www.europesays.com\/no\/wp-content\/uploads\/2026\/01\/jDiwcVLJAaV3qeQWFd35H4.jpg\" alt=\"Motorola Razr Fold\"   class=\"image-wrapped__image image__image\" loading=\"lazy\" data-normal=\"https:\/\/www.europesays.com\/no\/wp-content\/uploads\/2026\/01\/jDiwcVLJAaV3qeQWFd35H4.jpg\" data-original-mos=\"https:\/\/www.europesays.com\/no\/wp-content\/uploads\/2026\/01\/jDiwcVLJAaV3qeQWFd35H4.jpg\" data-pin-media=\"https:\/\/www.europesays.com\/no\/wp-content\/uploads\/2026\/01\/jDiwcVLJAaV3qeQWFd35H4.jpg\" data-pin-nopin=\"true\" data-slice-image=\"true\"\/>(Image credit: Motorola)<\/p>\n<p id=\"c1e511e5-2cab-4aa4-bd42-5882be8861be\">Motorola t\u00f8yer ogs\u00e5 grensene litt for de resterende kameraene. Det er et internt 20 MP-kamera p\u00e5 hovedskjermen (dobbelt s\u00e5 mye som Samsung tilbyr p\u00e5 Z Fold 7) og et kraftig 32 MP-selfiekamera p\u00e5 forsiden.<\/p>\n<p>Vi var imponert over Razr Ultras fotografiske muligheter, s\u00e5 vi forventer gode ting fra disse objektivene. Vi vet at kameraene vil st\u00f8tte Dolby Vision-videoopptak.<\/p>\n<p class=\"newsletter-form__strapline\">Registrer deg for siste nytt, anmeldelser, meninger, toppteknologiske tilbud og mer.<\/p>\n<p>Detaljer om ting som prosessor, RAM, faktisk st\u00f8rrelse og vekt er knappe etter det (forutsatt at bildene viser en relativt tynn enhet). Motorola lover \u00e5 levere flere detaljer, som pris, i de kommende m\u00e5nedene.<\/p>\n<p>Det er noen lovende nyheter p\u00e5 programvarefronten, som AI p\u00e5 enheten, multitasking, adaptive grensesnitt og nyttige funksjoner som \u00abCatch me up\u00bb.<\/p>\n<p>Det vil v\u00e6re et par Pantone-inspirerte fargevalg: Blackened Blue og Lily White.<\/p>\n<p>Likevel vil vi ha sp\u00f8rsm\u00e5l, som hvorfor er kameraforst\u00f8rrelsen s\u00e5 stor (selv om vi antar at den er for \u00e5 st\u00f8tte alle disse kameraene med h\u00f8y megapiksel)? Og vil Razr Fold ogs\u00e5 ha den kraftige Qualcomm Snapdragon 8 Elite?<\/p>\n<p><a id=\"elk-videre-lesning\" class=\"paywall\" aria-hidden=\"true\" data-url=\"\" href=\"\" target=\"_blank\" referrerpolicy=\"no-referrer-when-downgrade\" data-hl-processed=\"none\"\/>Videre lesning<a id=\"elk-d6d2ccee-03f3-4b55-a540-cc28e0a4394c\" class=\"paywall\" aria-hidden=\"true\" data-url=\"\" href=\"\" target=\"_blank\" referrerpolicy=\"no-referrer-when-downgrade\" data-hl-processed=\"none\"\/><\/p>\n<p>Tilbud p\u00e5 tilbeh\u00f8r og mobiler<\/p>\n","protected":false},"excerpt":{"rendered":"Motorola avsl\u00f8rer Razr Fold 8,1-tommers innvendig skjerm og en 6,6-tommers dekselskjerm 5 kameraer, inkludert et 20 MP innvendig&hellip;\n","protected":false},"author":2,"featured_media":130804,"comment_status":"","ping_status":"","sticky":false,"template":"","format":"standard","meta":{"footnotes":""},"categories":[57],"tags":[30,28,29,65,63,64,66,70,69,67,68],"class_list":{"0":"post-130803","1":"post","2":"type-post","3":"status-publish","4":"format-standard","5":"has-post-thumbnail","7":"category-vitenskap-og-teknologi","8":"tag-no","9":"tag-norge","10":"tag-norway","11":"tag-science","12":"tag-science-and-technology","13":"tag-scienceandtechnology","14":"tag-technology","15":"tag-teknologi","16":"tag-vitenskap","17":"tag-vitenskap-og-teknologi","18":"tag-vitenskapteknologi"},"share_on_mastodon":{"url":"https:\/\/pubeurope.com\/@no\/115852290473785353","error":""},"_links":{"self":[{"href":"https:\/\/www.europesays.com\/no\/wp-json\/wp\/v2\/posts\/130803","targetHints":{"allow":["GET"]}}],"collection":[{"href":"https:\/\/www.europesays.com\/no\/wp-json\/wp\/v2\/posts"}],"about":[{"href":"https:\/\/www.europesays.com\/no\/wp-json\/wp\/v2\/types\/post"}],"author":[{"embeddable":true,"href":"https:\/\/www.europesays.com\/no\/wp-json\/wp\/v2\/users\/2"}],"replies":[{"embeddable":true,"href":"https:\/\/www.europesays.com\/no\/wp-json\/wp\/v2\/comments?post=130803"}],"version-history":[{"count":0,"href":"https:\/\/www.europesays.com\/no\/wp-json\/wp\/v2\/posts\/130803\/revisions"}],"wp:featuredmedia":[{"embeddable":true,"href":"https:\/\/www.europesays.com\/no\/wp-json\/wp\/v2\/media\/130804"}],"wp:attachment":[{"href":"https:\/\/www.europesays.com\/no\/wp-json\/wp\/v2\/media?parent=130803"}],"wp:term":[{"taxonomy":"category","embeddable":true,"href":"https:\/\/www.europesays.com\/no\/wp-json\/wp\/v2\/categories?post=130803"},{"taxonomy":"post_tag","embeddable":true,"href":"https:\/\/www.europesays.com\/no\/wp-json\/wp\/v2\/tags?post=130803"}],"curies":[{"name":"wp","href":"https:\/\/api.w.org\/{rel}","templated":true}]}}