{"id":130811,"date":"2026-01-07T06:08:12","date_gmt":"2026-01-07T06:08:12","guid":{"rendered":"https:\/\/www.europesays.com\/no\/130811\/"},"modified":"2026-01-07T06:08:12","modified_gmt":"2026-01-07T06:08:12","slug":"ulykke-spikersuppa-en-person-kritisk-skadet-etter-arbeidsulykke-skulle-rigge-ned-julemarked","status":"publish","type":"post","link":"https:\/\/www.europesays.com\/no\/130811\/","title":{"rendered":"Ulykke, Spikersuppa | En person kritisk skadet etter arbeidsulykke \u2013 skulle rigge ned julemarked"},"content":{"rendered":"\n<p>\u2013 Vi er i Spikersuppa p\u00e5 melding om en person som har falt fra en h\u00f8yde, meldte politiets operasjonsleder Gabriel Langfeldt klokken 19.44, tirsdag kveld. <\/p>\n<p><b>Innsatsleder fra politiet p\u00e5 stedet, Kristian Digranes, forteller til pressen at fallulykken har skjedd i forbindelse med nedrigging av Jul i Vinterland.<\/b><\/p>\n<p>\u2013 En person har s\u00e5 falt ned fra en h\u00f8yde vi per n\u00e5 ikke kjenner i detalj, forteller han. <\/p>\n<p>   <img decoding=\"async\" width=\"4032\" height=\"3024\" fetchpriority=\"low\"  loading=\"lazy\"  src=\"https:\/\/www.europesays.com\/no\/wp-content\/uploads\/2026\/01\/87b3b4d9-30aa-44d4-a11c-14753b029cee.jpeg\" alt=\"\" class=\"brick-c-cFOWSL\" style=\"--brick-image-ratio: 4032 \/ 3024;\"\/><\/p>\n<p>      Flere politipatruljer er tilstede.<br \/>\n      Foto: Sevda Barazesh \/ Avisa Oslo\n    <\/p>\n<p>Det skal ha v\u00e6rt flere vitner som har sett og h\u00f8rt hendelsen. Mange av dem var kolleger til mannen i 50-\u00e5rene med filippinsk statsborgerskap. <\/p>\n<p>\u2013 Naturligvis ber\u00f8rt<\/p>\n<p>Daglig leder i Lund Gruppen Arrangement, som arrangerer Jul i Vinterland, Magnus Lund, bekrefter i en tekstmelding til Avisa Oslo at det er snakk om en arbeidsulykke. <\/p>\n<p><b>\u2013 De ansatte tok seg av han til ambulansen kom, og han har blitt kj\u00f8rt til sykehuset. V\u00e5rt fokus er n\u00e5 \u00e5 ta vare p\u00e5 alle v\u00e5re kolleger.<\/b> <\/p>\n<p>   <img decoding=\"async\" width=\"4032\" height=\"3024\" fetchpriority=\"low\"  loading=\"lazy\"  src=\"https:\/\/www.europesays.com\/no\/wp-content\/uploads\/2026\/01\/6fe3cdf8-a0c4-490f-9d1d-23487031248c.jpeg\" alt=\"\" class=\"brick-c-cFOWSL\" style=\"--brick-image-ratio: 4032 \/ 3024;\"\/><\/p>\n<p>      &#8211;<br \/>\n      Foto: Sevda Barazesh \/ Avisa Oslo\n    <\/p>\n<p>Politiet har sperret av et omr\u00e5de etter hendelsen. Innsatsleder Digranes sier hendelsen har v\u00e6rt t\u00f8ff for kollegene. <\/p>\n<p><b>\u2013 De er naturligvis ber\u00f8rt av det de har sett, og blir n\u00e5 tatt vare p\u00e5. Vi opplever hendelsen som et rent arbeidsuhell. Selvf\u00f8lgelig er det p\u00e5f\u00f8lgende vanskelige situasjoner i etterkant for de mange gode kollegene til vedkommende, sier innsatsleder Digranes.<\/b> <\/p>\n<p>   <img decoding=\"async\" width=\"4032\" height=\"3024\" fetchpriority=\"low\"  loading=\"lazy\"  src=\"https:\/\/www.europesays.com\/no\/wp-content\/uploads\/2026\/01\/4f86eade-1003-4689-94f4-af8601a529bd.jpeg\" alt=\"\" class=\"brick-c-cFOWSL\" style=\"--brick-image-ratio: 4032 \/ 3024;\"\/><\/p>\n<p>      Politiet har sperret av et omr\u00e5de i Spikersuppa.<br \/>\n      Foto: Sevda Barazesh \/ Avisa Oslo\n    <\/p>\n<p>\u2013 Kollegene har sett og h\u00f8rt ting som har skjedd. Naturligvis er det vanskelig, avslutter han. <\/p>\n<p>Innsatsleder fra helsevesenet p\u00e5 stedet forteller at personen er kritisk skadet. De har ogs\u00e5 varslet kriseteam etter hendelsen.<\/p>\n<p>Jobber i to spor<\/p>\n<p>Operasjonsleder Langfeldt forteller til Avisa Oslo at de fremdeles jobber p\u00e5 stedet. <\/p>\n<p>\u2013 Vi jobber i to spor n\u00e5. Det f\u00f8rste er \u00e5 redde livet til personen, ogs\u00e5 m\u00e5 vi ivareta disse vitnene som kan gi mer info rundt omstendighetene. Men ogs\u00e5 med tanke p\u00e5 hva de har opplevd og sett.<\/p>\n<p>   <img decoding=\"async\" width=\"4032\" height=\"3024\" fetchpriority=\"low\"  loading=\"lazy\"  src=\"https:\/\/www.europesays.com\/no\/wp-content\/uploads\/2026\/01\/9fdf0b63-e059-4f23-9850-63d53d39061e.jpeg\" alt=\"\" class=\"brick-c-cFOWSL\" style=\"--brick-image-ratio: 4032 \/ 3024;\"\/><\/p>\n<p>      Mange n\u00f8detater rykket ut til Spikersuppa.<br \/>\n      Foto: Sevda Barazesh \/ Avisa Oslo\n    <\/p>\n<p>I en melding til pressen skriver Langfeldt at personen trolig har falt ned fra en container eller liknende som er p\u00e5 stedet i forbindelse med Jul i vinterland.<\/p>\n<p>\u2013 Vi har ingen opplysninger som tilsier at det har skjedd noe kriminelt, legger han til.<\/p>\n<p>   <img decoding=\"async\" width=\"8406\" height=\"5603\" fetchpriority=\"low\"  loading=\"lazy\"  src=\"https:\/\/www.europesays.com\/no\/wp-content\/uploads\/2026\/01\/e549709f-2b48-4af3-a35a-b598815e45b1.jpeg\" alt=\"\" class=\"brick-c-cFOWSL\" style=\"--brick-image-ratio: 8406 \/ 5603;\"\/><\/p>\n<p>      Politiet har sperret av et omr\u00e5de.<br \/>\n      Foto: Stian Lysberg Solum \/ NTB\n    <\/p>\n<p>Klokken 20.05 melder politiet at mannen er kj\u00f8rt til sykehus. <\/p>\n<p>\u2013 P\u00e5 stedet snakker vi med flere personer, hvorav flere av de har sett hendelsen. Ivaretakelse av disse, samt avh\u00f8r, er fokus p\u00e5 stedet n\u00e5, melder Langfeldt.<\/p>\n<p>Arbeidsgiver er p\u00e5 stedet som ogs\u00e5 varsler Arbeidstilsynet, if\u00f8lge politiet.<\/p>\n<p>   <img decoding=\"async\" width=\"4032\" height=\"3024\" fetchpriority=\"low\"  loading=\"lazy\"  src=\"https:\/\/www.europesays.com\/no\/wp-content\/uploads\/2026\/01\/0de7b7bc-3e68-4a49-81f3-15fe5b8f1b7c.jpeg\" alt=\"\" class=\"brick-c-cFOWSL\" style=\"--brick-image-ratio: 4032 \/ 3024;\"\/><\/p>\n<p>      Politiet arbeider p\u00e5 stedet.<br \/>\n      Foto: Sevda Barazesh \/ Avisa Oslo\n    <\/p>\n<p>  <a href=\"https:\/\/www.ao.no\/5-128-1225556\" class=\"related-teaser has-image default-story-teaser article--c-eRUmMG article--c-eRUmMG-jKCPdD-design-default\" rel=\"nofollow noopener\" target=\"_blank\"><\/p>\n<p>    <img decoding=\"async\" loading=\"lazy\"  src=\"https:\/\/www.europesays.com\/no\/wp-content\/uploads\/2026\/01\/5521.jpg\" alt=\"\" class=\"brick-c-cFOWSL\" style=\"\"\/><\/p>\n<p>\n            Les ogs\u00e5<\/p>\n<p>              Ble truet med gigabot \u2013 m\u00e5tte stenge deler av Jul i Vinterland\n        <\/p>\n<p>  <\/a><\/p>\n<p>  <a href=\"https:\/\/www.ao.no\/5-128-1218038\" class=\"related-teaser has-image default-story-teaser article--c-eRUmMG article--c-eRUmMG-jKCPdD-design-default\" rel=\"nofollow noopener\" target=\"_blank\"><\/p>\n<p>    <img decoding=\"async\" loading=\"lazy\"  src=\"https:\/\/www.europesays.com\/no\/wp-content\/uploads\/2026\/01\/NTB_jG61j9mI-q8.jpg\" alt=\"\" class=\"brick-c-cFOWSL\" style=\"\"\/><\/p>\n<p>\n            Les ogs\u00e5<\/p>\n<p>              Brannvesenet bes\u00f8kte Jul i Vinterland. Slo umiddelbar alarm: \u2013 M\u00e5 stanse\n        <\/p>\n<p>  <\/a><\/p>\n<p>  <a href=\"https:\/\/www.ao.no\/5-128-1187639\" class=\"related-teaser has-image default-story-teaser article--c-eRUmMG article--c-eRUmMG-jKCPdD-design-default\" rel=\"nofollow noopener\" target=\"_blank\"><\/p>\n<p>    <img decoding=\"async\" loading=\"lazy\"  src=\"https:\/\/www.europesays.com\/no\/wp-content\/uploads\/2025\/12\/4880.jpg\" alt=\"\" class=\"brick-c-cFOWSL\" style=\"\"\/><\/p>\n<p>\n            Les ogs\u00e5<\/p>\n<p>              Tj\u00e5ka fullt p\u00e5 Jul i Vinterland: \u2013 Det kunne v\u00e6rt regn\n        <\/p>\n<p>  <\/a><\/p>\n","protected":false},"excerpt":{"rendered":"\u2013 Vi er i Spikersuppa p\u00e5 melding om en person som har falt fra en h\u00f8yde, meldte politiets&hellip;\n","protected":false},"author":2,"featured_media":130812,"comment_status":"","ping_status":"","sticky":false,"template":"","format":"standard","meta":{"footnotes":""},"categories":[12],"tags":[3375,36,20,21,24,25,15,10923,22,23,13,30,28,29,14,16,254,285,13323,1510,26,27,51,42,43,44,45],"class_list":{"0":"post-130811","1":"post","2":"type-post","3":"status-publish","4":"format-standard","5":"has-post-thumbnail","7":"category-verden","8":"tag-arbeidsulykke","9":"tag-art","10":"tag-breaking-news","11":"tag-breakingnews","12":"tag-featured-news","13":"tag-featurednews","14":"tag-headlines","15":"tag-jul-i-vinterland","16":"tag-latest-news","17":"tag-latestnews","18":"tag-news","19":"tag-no","20":"tag-norge","21":"tag-norway","22":"tag-nyheter","23":"tag-overskrifter","24":"tag-politi","25":"tag-sentrum","26":"tag-spikersuppa","27":"tag-story","28":"tag-top-stories","29":"tag-topstories","30":"tag-ulykke","31":"tag-verden","32":"tag-world","33":"tag-world-news","34":"tag-worldnews"},"share_on_mastodon":{"url":"https:\/\/pubeurope.com\/@no\/115852325970979344","error":""},"_links":{"self":[{"href":"https:\/\/www.europesays.com\/no\/wp-json\/wp\/v2\/posts\/130811","targetHints":{"allow":["GET"]}}],"collection":[{"href":"https:\/\/www.europesays.com\/no\/wp-json\/wp\/v2\/posts"}],"about":[{"href":"https:\/\/www.europesays.com\/no\/wp-json\/wp\/v2\/types\/post"}],"author":[{"embeddable":true,"href":"https:\/\/www.europesays.com\/no\/wp-json\/wp\/v2\/users\/2"}],"replies":[{"embeddable":true,"href":"https:\/\/www.europesays.com\/no\/wp-json\/wp\/v2\/comments?post=130811"}],"version-history":[{"count":0,"href":"https:\/\/www.europesays.com\/no\/wp-json\/wp\/v2\/posts\/130811\/revisions"}],"wp:featuredmedia":[{"embeddable":true,"href":"https:\/\/www.europesays.com\/no\/wp-json\/wp\/v2\/media\/130812"}],"wp:attachment":[{"href":"https:\/\/www.europesays.com\/no\/wp-json\/wp\/v2\/media?parent=130811"}],"wp:term":[{"taxonomy":"category","embeddable":true,"href":"https:\/\/www.europesays.com\/no\/wp-json\/wp\/v2\/categories?post=130811"},{"taxonomy":"post_tag","embeddable":true,"href":"https:\/\/www.europesays.com\/no\/wp-json\/wp\/v2\/tags?post=130811"}],"curies":[{"name":"wp","href":"https:\/\/api.w.org\/{rel}","templated":true}]}}