{"id":130821,"date":"2026-01-07T06:23:09","date_gmt":"2026-01-07T06:23:09","guid":{"rendered":"https:\/\/www.europesays.com\/no\/130821\/"},"modified":"2026-01-07T06:23:09","modified_gmt":"2026-01-07T06:23:09","slug":"god-morgen-bergen-vaeret-i-bergen","status":"publish","type":"post","link":"https:\/\/www.europesays.com\/no\/130821\/","title":{"rendered":"God morgen, Bergen, V\u00e6ret i Bergen"},"content":{"rendered":"\n<p>Kommer du frem?<\/p>\n<p>\u2013 F\u00e5r det ikke helt til<\/p>\n<p>Det kalde og fine vinterv\u00e6ret fortsetter. Det er ikke ventet nedb\u00f8r, og lite skyer preger dagen.<\/p>\n<p><b>\u2013 Solen titter frem noen timer, pr\u00f8ver nok \u00e5 varme oss litt, men f\u00e5r det ikke helt til, melder statsmeteorolog ved , Steinar Skare.<\/b><\/p>\n<p>I morgentimene og i kveld er det ventet mellom \u00e5tte og elleve kuldegrader. Midt p\u00e5 dagen mellom fem og \u00e5tte.<\/p>\n<p>Det kommer ogs\u00e5 svak vind fra \u00f8st.<\/p>\n<p>Har du f\u00e5tt med deg dette?<\/p>\n<ul>\n<li><b>Falleferdig villa solgte for ni millioner<\/b><\/li>\n<\/ul>\n<p>Eiendomsselskapet Bergen Byfortetting AS punget ut 9,25 millioner for et falleferdig hus i Fjellsiden. Planen er \u00e5 rive det gamle huset, og f\u00e5 opp et leilighetsbygg. Bare et steinkast unna er det enda en enebolig som skal vekk \u2013 en sveitservilla. Den skal etter planen omgj\u00f8res til et leilighetskompleks ogs\u00e5.<\/p>\n<p>  <a href=\"https:\/\/www.ba.no\/5-8-3271756\" class=\"related-teaser has-image default-story-teaser article--c-eRUmMG article--c-eRUmMG-jKCPdD-design-default\" rel=\"nofollow noopener\" target=\"_blank\"><\/p>\n<p>    <img decoding=\"async\" loading=\"lazy\"  src=\"https:\/\/www.europesays.com\/no\/wp-content\/uploads\/2026\/01\/2170.jpg\" alt=\"\" class=\"brick-c-cFOWSL\" style=\"\"\/><\/p>\n<p>\n            Les ogs\u00e5<\/p>\n<p>              Punget ut ni millioner: Vil rive og bygge luksus\n        <\/p>\n<p>  <\/a><\/p>\n<ul>\n<li><b>Ansatte 155 i 2025. N\u00e5 har hun behov for flere<\/b><\/li>\n<\/ul>\n<p>Stillasbedriften STS-Isonor har 636 ansatte og omsatte for 768 millioner i 2024. Men til tross for en haug av ansettelser, ser de behovet for \u00e5 ansette flere. \u00c5rsaken er at over 100 ansatte har passert 60 \u00e5r.<\/p>\n<p>  <a href=\"https:\/\/www.ba.no\/5-8-3272642\" class=\"related-teaser has-image default-story-teaser article--c-eRUmMG article--c-eRUmMG-jKCPdD-design-default\" rel=\"nofollow noopener\" target=\"_blank\"><\/p>\n<p>    <img decoding=\"async\" loading=\"lazy\"  src=\"https:\/\/www.europesays.com\/no\/wp-content\/uploads\/2026\/01\/EWB_4035.jpg\" alt=\"\" class=\"brick-c-cFOWSL\" style=\"\"\/><\/p>\n<p>\n            Les ogs\u00e5<\/p>\n<p>              Hadde akutt behov for ansatte: Fikk inn nesten 2000 s\u00f8knader\n        <\/p>\n<p>  <\/a><\/p>\n<ul>\n<li><b>Arna har f\u00e5tt splitter ny skole til 800 millioner<\/b><\/li>\n<\/ul>\n<p>Nye Garnes ungdomsskole har \u00e5pnet d\u00f8rene for hundrevis av elever i Arna bydel. Bygget p\u00e5 9000 kvadratmeter kan huse 500 elever. BA har blitt med p\u00e5 omvisning.<\/p>\n<p>  <a href=\"https:\/\/www.ba.no\/5-8-3272852\" class=\"related-teaser has-image default-story-teaser article--c-eRUmMG article--c-eRUmMG-jKCPdD-design-default\" rel=\"nofollow noopener\" target=\"_blank\"><\/p>\n<p>    <img decoding=\"async\" loading=\"lazy\"  src=\"https:\/\/www.europesays.com\/no\/wp-content\/uploads\/2026\/01\/EH8_1849_Redigert.JPG\" alt=\"\" class=\"brick-c-cFOWSL\" style=\"\"\/><\/p>\n<p>\n            Les ogs\u00e5<\/p>\n<p>              Her er Arnas \u00abnye storstue\u00bb: \u2013 Dette har vi savnet\n        <\/p>\n<p>  <\/a><br \/>\n  S\u00e5 mye koster str\u00f8mmen i dag<\/p>\n<p>Sudoku, ordknute og kryssord<\/p>\n<p>  Gikk du glipp av disse?<\/p>\n","protected":false},"excerpt":{"rendered":"Kommer du frem? \u2013 F\u00e5r det ikke helt til Det kalde og fine vinterv\u00e6ret fortsetter. Det er ikke&hellip;\n","protected":false},"author":2,"featured_media":130822,"comment_status":"","ping_status":"","sticky":false,"template":"","format":"standard","meta":{"footnotes":""},"categories":[10],"tags":[36,444,20,21,24,25,797,15,22,23,13,30,28,29,14,16,1510,26,27,553,15180],"class_list":{"0":"post-130821","1":"post","2":"type-post","3":"status-publish","4":"format-standard","5":"has-post-thumbnail","7":"category-norge","8":"tag-art","9":"tag-bergen","10":"tag-breaking-news","11":"tag-breakingnews","12":"tag-featured-news","13":"tag-featurednews","14":"tag-god-morgen","15":"tag-headlines","16":"tag-latest-news","17":"tag-latestnews","18":"tag-news","19":"tag-no","20":"tag-norge","21":"tag-norway","22":"tag-nyheter","23":"tag-overskrifter","24":"tag-story","25":"tag-top-stories","26":"tag-topstories","27":"tag-vaer","28":"tag-vaeret-i-bergen"},"share_on_mastodon":{"url":"https:\/\/pubeurope.com\/@no\/115852385042248737","error":""},"_links":{"self":[{"href":"https:\/\/www.europesays.com\/no\/wp-json\/wp\/v2\/posts\/130821","targetHints":{"allow":["GET"]}}],"collection":[{"href":"https:\/\/www.europesays.com\/no\/wp-json\/wp\/v2\/posts"}],"about":[{"href":"https:\/\/www.europesays.com\/no\/wp-json\/wp\/v2\/types\/post"}],"author":[{"embeddable":true,"href":"https:\/\/www.europesays.com\/no\/wp-json\/wp\/v2\/users\/2"}],"replies":[{"embeddable":true,"href":"https:\/\/www.europesays.com\/no\/wp-json\/wp\/v2\/comments?post=130821"}],"version-history":[{"count":0,"href":"https:\/\/www.europesays.com\/no\/wp-json\/wp\/v2\/posts\/130821\/revisions"}],"wp:featuredmedia":[{"embeddable":true,"href":"https:\/\/www.europesays.com\/no\/wp-json\/wp\/v2\/media\/130822"}],"wp:attachment":[{"href":"https:\/\/www.europesays.com\/no\/wp-json\/wp\/v2\/media?parent=130821"}],"wp:term":[{"taxonomy":"category","embeddable":true,"href":"https:\/\/www.europesays.com\/no\/wp-json\/wp\/v2\/categories?post=130821"},{"taxonomy":"post_tag","embeddable":true,"href":"https:\/\/www.europesays.com\/no\/wp-json\/wp\/v2\/tags?post=130821"}],"curies":[{"name":"wp","href":"https:\/\/api.w.org\/{rel}","templated":true}]}}