{"id":130823,"date":"2026-01-07T06:24:14","date_gmt":"2026-01-07T06:24:14","guid":{"rendered":"https:\/\/www.europesays.com\/no\/130823\/"},"modified":"2026-01-07T06:24:14","modified_gmt":"2026-01-07T06:24:14","slug":"toppmote-om-ukraina-i-paris-store-moter-pressen","status":"publish","type":"post","link":"https:\/\/www.europesays.com\/no\/130823\/","title":{"rendered":"Toppm\u00f8te om Ukraina i Paris: St\u00f8re m\u00f8ter pressen"},"content":{"rendered":"\n<p class=\"_lead_o9xde_2 _lead_xtcu6_50 layout-component text-serif-m layout-normal text-serif-l layout-component layout-wide layout-padded _wide_17hqh_1 layout-padded\">Ukrainas allierte er enige om sikkerhetsgarantier. Amerikansk engasjement, internasjonal sikringsstyrke og st\u00f8tte om Russland angriper p\u00e5 ny, st\u00e5r sentralt.<\/p>\n<p> <img class=\"_image_qp4xg_65 layout-component layout-wide\" data-fullscreen- data-track-element-type=\"Article image fullscreen\" data-track-name=\"ImageFullscreen\" fetchpriority=\"high\" decoding=\"sync\" loading=\"eager\" height=\"102\" itemprop=\"image\"  src=\"https:\/\/www.europesays.com\/no\/wp-content\/uploads\/2026\/01\/03e46f53905b1e93692425ee9d4dd710.jpg\"  style=\"object-position:50% 50%;aspect-ratio:1.75;height:auto;object-fit:cover;width:100%\" width=\"102\"\/>  <\/p>\n<ul aria-hidden=\"true\" class=\"_images_ntbth_112\">\n<li><a class=\"_link_ntbth_117\" href=\"https:\/\/www.vg.no\/forfatter\/harpreet-kaur-nijjer\" style=\"z-index:1\" title=\"Harpreet Kaur Nijjer\" rel=\"nofollow noopener\" target=\"_blank\"><img alt=\"Bilde av Harpreet Kaur Nijjer\" class=\"_image_ntbth_93\" fetchpriority=\"low\" loading=\"lazy\" decoding=\"async\" itemprop=\"image\"  src=\"https:\/\/www.europesays.com\/no\/wp-content\/uploads\/2026\/01\/1767767050_142_9915841b-33cb-470f-8ab4-1d1650cff10e.jpeg\"  width=\"480\"\/><\/a><\/li>\n<\/ul>\n<p> Oppdatert tirsdag 6. januar kl. 20:34     <\/p>\n<p class=\"_paragraph_o9xde_4 _paragraph_xtcu6_10 layout-component text-serif-m layout-normal text-serif-m layout-padded\">\u2013 Disse sikkerhetsgarantiene er n\u00f8kkelen til \u00e5 sikre at en fredsavtale aldri kan bety at <a href=\"https:\/\/www.vg.no\/tag\/ukraina?utm_source=vg-article&amp;utm_medium=auto-tagger&amp;utm_campaign=zOGmOK\" class=\"_link_o9xde_39\" rel=\"nofollow noopener\" target=\"_blank\">Ukraina<\/a> m\u00e5 overgi seg, sier Frankrikes president Emmanuel Macron etter toppm\u00f8tet i Paris. <\/p>\n<p class=\"_paragraph_o9xde_4 _paragraph_xtcu6_10 layout-component text-serif-m layout-normal text-serif-m layout-padded\">M\u00e5let med toppm\u00f8tet var blant annet \u00e5 samordne en felles forhandlingsposisjon overfor Moskva, som b\u00e5de de europeiske landene i \u00abKoalisjonen av villige\u00bb og USA kan stille seg bak, og som i tillegg har Ukrainas fulle st\u00f8tte. <\/p>\n<p class=\"_paragraph_o9xde_4 _paragraph_xtcu6_10 layout-component text-serif-m layout-normal text-serif-m layout-padded\">N\u00e5 forteller Macron at det er gjort betydelig fremgang som gir sterke garantier for varig fred. Blant annet trekker han frem at multinasjonale styrker fra blant annet Frankrike, Tyskland og Polen, vil kunne bidra med opptrening av 800.000 ukrainske soldater. <\/p>\n<p><img alt=\"Frankrikes president Emmanuel Macron (t.h), Storbritannias statsminister Keir Starmer og Ukrainas president Volodymyr Zelenskyj (t.v.)  Foto: LUDOVIC MARIN \/ Reuters \/ NTB\" class=\"_image_qp4xg_65 layout-component layout-normal\" data-fullscreen- data-track-element-type=\"Article image fullscreen\" data-track-name=\"ImageFullscreen\" decoding=\"async\" loading=\"lazy\" height=\"2896\" itemprop=\"image\"  src=\"https:\/\/www.europesays.com\/no\/wp-content\/uploads\/2026\/01\/cd65c82c-5ce8-418b-85df-a0b4cb21a9d0.png\"  style=\"object-position:0% 0%\" width=\"4854\"\/>Frankrikes president Emmanuel Macron (t.h), Storbritannias statsminister Keir Starmer og Ukrainas president Volodymyr Zelenskyj (t.v.)  Foto: LUDOVIC MARIN \/ Reuters \/ NTBDette er sikkerhetsgarantiene<\/p>\n<p class=\"_paragraph_o9xde_4 _paragraph_xtcu6_10 layout-component text-serif-m layout-normal text-serif-m layout-padded\">Det er fem sentrale elementer ved sikkerhetsgarantiene som Ukraina er lovet.<\/p>\n<p class=\"_paragraph_o9xde_4 _paragraph_xtcu6_10 layout-component text-serif-m layout-normal text-serif-m layout-padded\">Det f\u00f8rste elementet er en USA-ledet overv\u00e5kning og verifisering av en fremtidig v\u00e5penhvile, i samarbeid med koalisjonspartnerne.<\/p>\n<p class=\"_paragraph_o9xde_4 _paragraph_xtcu6_10 layout-component text-serif-m layout-normal text-serif-m layout-padded\">I tillegg kommer st\u00f8tte til Ukrainas egne forsvarsstyrker, en internasjonal sikringsstyrke, st\u00f8tte til Ukraina hvis Russland angriper igjen og langvarig milit\u00e6r st\u00f8tte og samarbeid med Ukraina<\/p>\n<p><img alt=\"President Zelenskyj og president Macron under pressekonferansen etter toppm\u00f8tet.   Foto: LUDOVIC MARIN \/ AFP \/ NTB\" class=\"_image_qp4xg_65 layout-component layout-normal\" data-fullscreen- data-track-element-type=\"Article image fullscreen\" data-track-name=\"ImageFullscreen\" decoding=\"async\" loading=\"lazy\" height=\"3121\" itemprop=\"image\"  src=\"https:\/\/www.europesays.com\/no\/wp-content\/uploads\/2026\/01\/5e4bafdb-6f9f-47d3-8dcc-1f73e39a4fcf.png\"  style=\"object-position:0% 0%\" width=\"4681\"\/>President Zelenskyj og president Macron under pressekonferansen etter toppm\u00f8tet.   Foto: LUDOVIC MARIN \/ AFP \/ NTB<\/p>\n<p class=\"_paragraph_o9xde_4 _paragraph_xtcu6_10 layout-component text-serif-m layout-normal text-serif-m layout-padded\">President Zelenskyj sier under pressekonferansen at det som er viktig med sikkerhetsgarantiene, er \u00e5 forhindre russisk aggresjon. <\/p>\n<p class=\"_paragraph_o9xde_4 _paragraph_xtcu6_10 layout-component text-serif-m layout-normal layout-padded\"><strong class=\"_strong_o9xde_25\">Les ogs\u00e5:<\/strong> <a href=\"https:\/\/www.vg.no\/i\/OkpVO3\" data-track-element-type=\"Link\" data-track-id=\"link:OkpVO3\" class=\"_link_o9xde_39\" rel=\"nofollow noopener\" target=\"_blank\">St\u00f8re: Norge kan trene soldater inne i Ukraina<\/a><\/p>\n<p class=\"_paragraph_o9xde_4 _paragraph_xtcu6_10 layout-component text-serif-m layout-normal text-serif-m layout-padded\">Han understreker ogs\u00e5 viktigheten av at de allierte samarbeider om \u00e5 sikre det ukrainske territoriet. <\/p>\n<p class=\"_paragraph_o9xde_4 _paragraph_xtcu6_10 layout-component text-serif-m layout-normal text-serif-m layout-padded\">\u2013 Vi trenger missiler hver dag, for de russiske angrepene fortsetter til tross for diplomatiske fors\u00f8k p\u00e5 \u00e5 f\u00e5 avsluttet dem, sier presidenten. <\/p>\n<p>\u2013 En kollektiv vilje mellom Europa og USA<\/p>\n<p class=\"_paragraph_o9xde_4 _paragraph_xtcu6_10 layout-component text-serif-m layout-normal text-serif-m layout-padded\">Statsminister Jonas Gahr St\u00f8re sier til pressen at det er gjort store fremskritt etter toppm\u00f8tet. Han trekker frem at en viktig grunn til det, er at USA har g\u00e5tt tydelig og forpliktet inn. <\/p>\n<p class=\"_paragraph_o9xde_4 _paragraph_xtcu6_10 layout-component text-serif-m layout-normal text-serif-m layout-padded\">\u2013 USA er den mektigste milit\u00e6rmakten, og n\u00e5r de engasjerer seg direkte, s\u00e5 f\u00e5r sikkerhetsgarantiene st\u00f8rre troverdighet, sier han.<\/p>\n<p><img alt=\"Statsminister Jonas Gahr St\u00f8re (Ap) m\u00f8tte pressen i den norske ambassaden i Paris, etter toppm\u00f8tet om Ukraina i Elys\u00e9epalasset tirsdag.\u00a0  Foto: Javad Parsa \/ NTB\" class=\"_image_qp4xg_65 layout-component layout-normal\" data-fullscreen- data-track-element-type=\"Article image fullscreen\" data-track-name=\"ImageFullscreen\" decoding=\"async\" loading=\"lazy\" height=\"4188\" itemprop=\"image\"  src=\"https:\/\/www.europesays.com\/no\/wp-content\/uploads\/2026\/01\/43314a00-ae83-44e8-8279-86742b4459a4.jpeg\"  style=\"object-position:0% 0%\" width=\"6282\"\/>Statsminister Jonas Gahr St\u00f8re (Ap) m\u00f8tte pressen i den norske ambassaden i Paris, etter toppm\u00f8tet om Ukraina i Elys\u00e9epalasset tirsdag.\u00a0  Foto: Javad Parsa \/ NTB<\/p>\n<p class=\"_paragraph_o9xde_4 _paragraph_xtcu6_10 layout-component text-serif-m layout-normal text-serif-m layout-padded\">\u2013 Det er en kollektiv vilje mellom Europa og USA for \u00e5 bidra til at Ukraina skal forsvare seg.<\/p>\n<p class=\"_paragraph_o9xde_4 _paragraph_xtcu6_10 layout-component text-serif-m layout-normal text-serif-m layout-padded\">Om Norges bidrag til Ukraina, sier St\u00f8re at vi blant annet kan bidra med opptrening av ukrainske soldater, innkj\u00f8p av forsvarsutstyr og maritimt forsvar. <\/p>\n<p><img alt=\"President Macron er tydelig p\u00e5 at USAs bidrag er avgj\u00f8rende for enkelte sikkerhetsgarantier.   Foto: LUDOVIC MARIN \/ Reuters \/ NTB\" class=\"_image_qp4xg_65 layout-component layout-normal\" data-fullscreen- data-track-element-type=\"Article image fullscreen\" data-track-name=\"ImageFullscreen\" decoding=\"async\" loading=\"lazy\" height=\"2985\" itemprop=\"image\"  src=\"https:\/\/www.europesays.com\/no\/wp-content\/uploads\/2026\/01\/bcc505ef-fbe8-49d4-9647-3050d317258d.png\"  style=\"object-position:0% 0%\" width=\"4477\"\/>President Macron er tydelig p\u00e5 at USAs bidrag er avgj\u00f8rende for enkelte sikkerhetsgarantier.   Foto: LUDOVIC MARIN \/ Reuters \/ NTB<\/p>\n<p class=\"_paragraph_o9xde_4 _paragraph_xtcu6_10 layout-component text-serif-m layout-normal text-serif-m layout-padded\">Frankrikes president Macron sier at han har sett en endring i den amerikanske holdningen de siste par ukene. <\/p>\n<p class=\"_paragraph_o9xde_4 _paragraph_xtcu6_10 layout-component text-serif-m layout-normal text-serif-m layout-padded\">\u2013 USA har klargjort deltagelsen sin, s\u00e6rlig n\u00e5r det gjelder overv\u00e5kning av fronten, sier han og legger til at amerikanerne er de eneste som har mulighet til \u00e5 by p\u00e5 enkelte garantier. <\/p>\n<p><img alt=\"President Donald Trumps svigers\u00f8nn Jared Kushner (t.v.) og spesialutsending Steve Witkoff.   Foto: Thomas Padilla \/ AP \/ NTB\" class=\"_image_qp4xg_65 layout-component layout-normal\" data-fullscreen- data-track-element-type=\"Article image fullscreen\" data-track-name=\"ImageFullscreen\" decoding=\"async\" loading=\"lazy\" height=\"3960\" itemprop=\"image\"  src=\"https:\/\/www.europesays.com\/no\/wp-content\/uploads\/2026\/01\/ee94a7e7-be86-4af1-9f7a-db9ae2196d55.jpeg\"  style=\"object-position:0% 0%\" width=\"5940\"\/>President Donald Trumps svigers\u00f8nn Jared Kushner (t.v.) og spesialutsending Steve Witkoff.   Foto: Thomas Padilla \/ AP \/ NTB<\/p>\n<p class=\"_paragraph_o9xde_4 _paragraph_xtcu6_10 layout-component text-serif-m layout-normal text-serif-m layout-padded\">Like etter bekreftet Trumps spesialutsending, Steve Witkoff, at USA er klare for \u00e5 samarbeide og gj\u00f8re alt n\u00f8dvendig for \u00e5 samarbeide med sine europeiske kolleger. <\/p>\n<p class=\"_paragraph_o9xde_4 _paragraph_xtcu6_10 layout-component text-serif-m layout-normal text-serif-m layout-padded\">Det var f\u00f8rste gang at representanter fra USA har deltatt p\u00e5 et Ukraina- m\u00f8te sammen med koalisjonen av villige.<\/p>\n<p>    <img decoding=\"async\" alt=\"Tips oss illustrasjon\" src=\"https:\/\/www.europesays.com\/no\/wp-content\/uploads\/2025\/10\/pssst-small.webp.webp\"\/>    <\/p>\n<p class=\"title-serif-s\">Har du tips?<\/p>\n<p class=\"text-sans-m\">Send oss informasjon, bilder eller video.<\/p>\n<p>  <a href=\"https:\/\/www.vg.no\/tips-oss\" rel=\"nofollow noopener\" target=\"_blank\"> Tips oss <\/a>      <\/p>\n","protected":false},"excerpt":{"rendered":"Ukrainas allierte er enige om sikkerhetsgarantier. Amerikansk engasjement, internasjonal sikringsstyrke og st\u00f8tte om Russland angriper p\u00e5 ny, st\u00e5r&hellip;\n","protected":false},"author":2,"featured_media":130824,"comment_status":"","ping_status":"","sticky":false,"template":"","format":"standard","meta":{"footnotes":""},"categories":[5],"tags":[31,20,21,55,24,25,15,19,201,22,23,17,18,13,30,28,29,14,16,3140,26,27,489,488],"class_list":{"0":"post-130823","1":"post","2":"type-post","3":"status-publish","4":"format-standard","5":"has-post-thumbnail","7":"category-overskrifter","8":"tag-breaking","9":"tag-breaking-news","10":"tag-breakingnews","11":"tag-donald-trump","12":"tag-featured-news","13":"tag-featurednews","14":"tag-headlines","15":"tag-hovedoppslag","16":"tag-jonas-gahr-store","17":"tag-latest-news","18":"tag-latestnews","19":"tag-main-news","20":"tag-mainnews","21":"tag-news","22":"tag-no","23":"tag-norge","24":"tag-norway","25":"tag-nyheter","26":"tag-overskrifter","27":"tag-paris","28":"tag-top-stories","29":"tag-topstories","30":"tag-ukraina","31":"tag-volodymyr-zelenskyj"},"share_on_mastodon":{"url":"https:\/\/pubeurope.com\/@no\/115852388870645098","error":""},"_links":{"self":[{"href":"https:\/\/www.europesays.com\/no\/wp-json\/wp\/v2\/posts\/130823","targetHints":{"allow":["GET"]}}],"collection":[{"href":"https:\/\/www.europesays.com\/no\/wp-json\/wp\/v2\/posts"}],"about":[{"href":"https:\/\/www.europesays.com\/no\/wp-json\/wp\/v2\/types\/post"}],"author":[{"embeddable":true,"href":"https:\/\/www.europesays.com\/no\/wp-json\/wp\/v2\/users\/2"}],"replies":[{"embeddable":true,"href":"https:\/\/www.europesays.com\/no\/wp-json\/wp\/v2\/comments?post=130823"}],"version-history":[{"count":0,"href":"https:\/\/www.europesays.com\/no\/wp-json\/wp\/v2\/posts\/130823\/revisions"}],"wp:featuredmedia":[{"embeddable":true,"href":"https:\/\/www.europesays.com\/no\/wp-json\/wp\/v2\/media\/130824"}],"wp:attachment":[{"href":"https:\/\/www.europesays.com\/no\/wp-json\/wp\/v2\/media?parent=130823"}],"wp:term":[{"taxonomy":"category","embeddable":true,"href":"https:\/\/www.europesays.com\/no\/wp-json\/wp\/v2\/categories?post=130823"},{"taxonomy":"post_tag","embeddable":true,"href":"https:\/\/www.europesays.com\/no\/wp-json\/wp\/v2\/tags?post=130823"}],"curies":[{"name":"wp","href":"https:\/\/api.w.org\/{rel}","templated":true}]}}