{"id":130834,"date":"2026-01-07T06:39:11","date_gmt":"2026-01-07T06:39:11","guid":{"rendered":"https:\/\/www.europesays.com\/no\/130834\/"},"modified":"2026-01-07T06:39:11","modified_gmt":"2026-01-07T06:39:11","slug":"sport-gausdal-mattis-skal-til-ol-dette-er-sa-fortjent","status":"publish","type":"post","link":"https:\/\/www.europesays.com\/no\/130834\/","title":{"rendered":"Sport, Gausdal | Mattis skal til OL: \u2013 Dette er s\u00e5 fortjent"},"content":{"rendered":"\n<p>Det skjer etter at follebul\u00f8peren har gjort seg sv\u00e6rt aktuell de siste ukene, spesielt etter Tour de Ski, hvor Stenshagen f\u00f8rst tok sin f\u00f8rste verdenscupseier p\u00e5 tikilometeren i Toblach, f\u00f8r han avsluttet med \u00e5 knuse alle konkurrentene opp den beryktede monsterbakken Alpe Cermis s\u00f8ndag.<\/p>\n<p>\u2013 Hva skjedde der? Det er det ingen som skj\u00f8nner. Jeg sa jeg skulle \u00f8delegge fysiske lover og tyngdekraften. N\u00e5 m\u00e5 Newton og de komme til live igjen. Dette skal ikke v\u00e6re mulig, sa en humoristisk Stenshagen til Viaplay etter triumfen.<\/p>\n<p>Stenshagen ble til slutt nummer to i ski-touren bak skikonge Johannes H\u00f8sflot Kl\u00e6bo.<\/p>\n<p>OL-uttaket kommer mot alle odds, etter at Stenshagen selv uttalte at han vurderte \u00e5 legge skiene p\u00e5 hylla f\u00f8r \u00e5rets sesong.<\/p>\n<p>\u2013 Jeg var p\u00e5 nippet til \u00e5 legge opp i v\u00e5r. Jeg har hatt mine nedturer, og det har ikke alltid v\u00e6rt like givende \u00e5 drive toppidrett. Jeg har v\u00e6rt gjennom hele f\u00f8lelsesregisteret i karrieren, sa en r\u00f8rt Stenshagen etter sin f\u00f8rste verdenscupseier og for alvor meldte seg p\u00e5 i OL-diskusjonen.<\/p>\n<p>\u2013 Dette er veldig fortjent!<\/p>\n<p>Trener Torstein Dagestad p\u00e5 Team Swix Hofseth er i str\u00e5lende hum\u00f8r n\u00e5r vi ringer like etter uttaket.<\/p>\n<p>\u2013 Dette er fantastisk og veldig fortjent. Mattis er en dedikert og t\u00e5lmodig ut\u00f8ver som n\u00e5 endelig f\u00e5r betalt for jobben han har lagt ned over mange \u00e5r. Etter ti \u00e5r som senior viser han at det er mulig \u00e5 n\u00e5 gjennom det trange n\u00e5l\u00f8yet.<\/p>\n<p>Dagestad har v\u00e6rt Stenshagens trener de siste fire \u00e5rene. 30-\u00e5ringen fra Voss har selv langrennsbakgrunn og begynte som trener i 2018. Han er ikke overrasket over prestasjonene til Mattis s\u00e5 langt i denne sesongen.<\/p>\n<p>\u2013 Vi har gjort noen justeringer, fokusert p\u00e5 \u00e5 bli bedre i sk\u00f8yting og s\u00e5 har h\u00f8ydeoppholdene fungert veldig bra. Planen som ble lagt etter fjor\u00e5rets sesong har g\u00e5tt slik vi h\u00e5pet. Jeg tror pallplassen p\u00e5 10 kilometer sk\u00f8yting i verdenscupen i Davos betydde enormt for Mattis, sier han.<\/p>\n<p>   <img decoding=\"async\" width=\"5712\" height=\"4284\" fetchpriority=\"low\"  loading=\"lazy\"  src=\"https:\/\/www.europesays.com\/no\/wp-content\/uploads\/2026\/01\/image_1C46B3B2-F284-4FCC-8CDE-FC46E25C416D_1767697560.jpeg\" alt=\"Torstein Haaker Dagestad\" class=\"brick-c-cFOWSL\" style=\"--brick-image-ratio: 5712 \/ 4284;\"\/><\/p>\n<p>      Torstein Haaker Dagestad har v\u00e6rt Stenshagens trener de siste \u00e5rene. \u2013 Mattis kan v\u00e6re k\u00f8ddete, men n\u00e5r knappen er \u00abp\u00e5\u00bb er han d\u00f8nn seri\u00f8s. Dette er s\u00e5 fortjent, sier 30-\u00e5ringen.<br \/>\n      Foto: Torbjorn Olsen\n    <\/p>\n<p>  Inn i bobla<\/p>\n<p>\u2013 Hvilke f\u00f8lelser gikk gjennom deg da han gikk seirende ut av monsterbakken i Tour de Ski?<\/p>\n<p>\u2013 Jeg var p\u00e5 Skandinavisk cup i Finland, men h\u00f8rte p\u00e5 direktesendingen p\u00e5 det ene \u00f8ret. Det var faktisk litt overraskende. Mattis er en tung og sterk l\u00f8per, men jammen skrudde han til. Det var utrolig moro. Jeg ble b\u00e5de stolt og r\u00f8rt, forteller han.<\/p>\n<p>\u2013 Hva tenker du om sjansene til Mattis i OL?<\/p>\n<p>\u2013 20 kilometer skiathlon er en god distanse, det samme er femmila og s\u00e5 er han et sterkt kort p\u00e5 stafetten.<\/p>\n<p>Dagestad forteller videre at de har snakket om OL, men at fokuset har v\u00e6rt \u00e5 v\u00e6re til stede p\u00e5 hver enkelt konkurranse.<\/p>\n<p>\u2013 Mattis er opptatt av \u00e5 prestere der og da \u2013 ikke planlegge for langt fram. Han prater mye om vinnervilje og vinnerevne. Sistnevnte er en kunst \u00e5 f\u00e5 til, men det har han vist s\u00e5 til de grader de siste m\u00e5nedene.<\/p>\n<p>\u2013 Hvordan blir tiden fram mot de olympiske leker?<\/p>\n<p>\u2013 N\u00e5 blir det \u00e5 forflytte seg inn i bobla og l\u00f8fte blikket. Det er fem uker til det hele starter, s\u00e5 vi skal legge en smart plan umiddelbart.<\/p>\n<p>   <img decoding=\"async\" width=\"2048\" height=\"1536\" fetchpriority=\"low\"  loading=\"lazy\"  src=\"https:\/\/www.europesays.com\/no\/wp-content\/uploads\/2026\/01\/IMG_2534-2.jpg\" alt=\"\" class=\"brick-c-cFOWSL\" style=\"--brick-image-ratio: 2048 \/ 1536;\"\/><\/p>\n<p>      Karoline Knotten er klar for OL i feburar.<br \/>\n      Foto: Kristin Roset\n    <\/p>\n<p>  Knotten er tatt ut: \u2013 Jeg har visst det en uke<\/p>\n<p>Etter dagens uttak er ogs\u00e5 v\u00e5r lokale skiskytter Karoline Offigstad Knotten tatt ut til OL. Hun forteller at hun har visst om det i en uke.<\/p>\n<p>\u2013 Dette er mitt andre OL, og det er spesielt at det er hvert fjerde \u00e5r. VM er sv\u00e6rt da det er hvert \u00e5r, men OL er litt mer unikt. Planen er lagt, s\u00e5 n\u00e5 skal jeg g\u00e5 i Oberhof og Ropholding og s\u00e5 precamp i Lavase, og senere til Anterselva rett f\u00f8r OL.<\/p>\n<p>Her er listen over OL klare ut\u00f8vere per 6. januar.<\/p>\n<p><b>Langrenn:<br \/><\/b><\/p>\n<p><b>Mattis Stenshagen Gausdal SK<\/b><br \/>Einar Hedegart Inder\u00f8y IL<br \/>Johannes H\u00f8sflot Kl\u00e6bo By\u00e5sen IL<br \/><b>Martin L\u00f8wstr\u00f8m Nyenget Lillehammer Skiklub<\/b><br \/>Erik Valnes Bardufoss og Omegn IF<br \/>Kristine Stav\u00e5s Skistad Konnerud IL<br \/>Astrid \u00d8yre Slind Oppdal ILHeidi Weng IL i BUL<br \/>Karoline Simpson-Larsen IL Vargar<br \/>Heidi Weng IL i BUL<\/p>\n<p><b>Skiskyting:<\/b><\/p>\n<p>Maren Hjelmeset Kirkeeide Markane IL<br \/><b>Karoline Offigstad Knotten Vingrom IL<\/b><br \/>Johan-Olav Sm\u00f8rdal Botn St\u00e5rheim IL<br \/>Vetle Sj\u00e5stad Christiansen Geilo IL<br \/>Johannes Dale-Skjevdal Fet Skiklubb<br \/>Sturla Holm L\u00e6greid B\u00e6rums Skiklub<\/p>\n<p><b>Sk\u00f8yter:<\/b><\/p>\n<p>Ragne Wiklund Aktiv Sk\u00f8yteklubb<br \/>Sander Eitrem Nord-Odal IL<br \/>Peder Kongshaug Stavanger Sandnes Sk\u00f8yteklubb<br \/>Bj\u00f8rn Magnussen Sportsklubben Falken<br \/>Aurora Grinden L\u00f8v\u00e5s Nord-Odal Idrettslag<br \/>Sigurd Henriksen Fana Idrettslag<br \/>Didrik Eng Strand Hamar Idrettslag<\/p>\n<p><b>Freeski:<\/b><br \/>Birk Ruud B\u00e6rums Skiklub<br \/>Tormod Frostad B\u00e6rums Skiklub <br \/><b><br \/>Curling (mixed):<\/b><br \/><b>Magnus Nedregotten Lillehammer Curlingklubb<br \/>Kristin Moen Skaslien Lillehammer Curlingklubb<\/b><\/p>\n<p>  <a href=\"https:\/\/www.gd.no\/5-18-2432205\" class=\"related-teaser has-image default-feature-teaser article--c-eRUmMG article--c-eRUmMG-jKCPdD-design-default\" rel=\"nofollow noopener\" target=\"_blank\"><\/p>\n<p>    <img decoding=\"async\" loading=\"lazy\"  src=\"https:\/\/www.europesays.com\/no\/wp-content\/uploads\/2026\/01\/DSC_4987.jpg\" alt=\"\" class=\"brick-c-cFOWSL\" style=\"\"\/><\/p>\n<p>\n            Les ogs\u00e5<\/p>\n<p>              Til slutt gikk det opp for Leif Roger: \u2013 Da kom t\u00e5rene\n        <\/p>\n<p>  <\/a><\/p>\n","protected":false},"excerpt":{"rendered":"Det skjer etter at follebul\u00f8peren har gjort seg sv\u00e6rt aktuell de siste ukene, spesielt etter Tour de Ski,&hellip;\n","protected":false},"author":2,"featured_media":130835,"comment_status":"","ping_status":"","sticky":false,"template":"","format":"standard","meta":{"footnotes":""},"categories":[59],"tags":[36,1428,398,14674,30,28,29,83,82,1510],"class_list":{"0":"post-130834","1":"post","2":"type-post","3":"status-publish","4":"format-standard","5":"has-post-thumbnail","7":"category-sport","8":"tag-art","9":"tag-gausdal","10":"tag-langrenn","11":"tag-mattis-stenshagen","12":"tag-no","13":"tag-norge","14":"tag-norway","15":"tag-sport","16":"tag-sports","17":"tag-story"},"share_on_mastodon":{"url":"https:\/\/pubeurope.com\/@no\/115852447745957838","error":""},"_links":{"self":[{"href":"https:\/\/www.europesays.com\/no\/wp-json\/wp\/v2\/posts\/130834","targetHints":{"allow":["GET"]}}],"collection":[{"href":"https:\/\/www.europesays.com\/no\/wp-json\/wp\/v2\/posts"}],"about":[{"href":"https:\/\/www.europesays.com\/no\/wp-json\/wp\/v2\/types\/post"}],"author":[{"embeddable":true,"href":"https:\/\/www.europesays.com\/no\/wp-json\/wp\/v2\/users\/2"}],"replies":[{"embeddable":true,"href":"https:\/\/www.europesays.com\/no\/wp-json\/wp\/v2\/comments?post=130834"}],"version-history":[{"count":0,"href":"https:\/\/www.europesays.com\/no\/wp-json\/wp\/v2\/posts\/130834\/revisions"}],"wp:featuredmedia":[{"embeddable":true,"href":"https:\/\/www.europesays.com\/no\/wp-json\/wp\/v2\/media\/130835"}],"wp:attachment":[{"href":"https:\/\/www.europesays.com\/no\/wp-json\/wp\/v2\/media?parent=130834"}],"wp:term":[{"taxonomy":"category","embeddable":true,"href":"https:\/\/www.europesays.com\/no\/wp-json\/wp\/v2\/categories?post=130834"},{"taxonomy":"post_tag","embeddable":true,"href":"https:\/\/www.europesays.com\/no\/wp-json\/wp\/v2\/tags?post=130834"}],"curies":[{"name":"wp","href":"https:\/\/api.w.org\/{rel}","templated":true}]}}