{"id":130840,"date":"2026-01-07T06:46:29","date_gmt":"2026-01-07T06:46:29","guid":{"rendered":"https:\/\/www.europesays.com\/no\/130840\/"},"modified":"2026-01-07T06:46:29","modified_gmt":"2026-01-07T06:46:29","slug":"sport-fotball-ferdig-i-kbk-har-kommet-fram-til-en-god-losning-for-begge-parter","status":"publish","type":"post","link":"https:\/\/www.europesays.com\/no\/130840\/","title":{"rendered":"Sport, Fotball | Ferdig i KBK: \u2013 Har kommet fram til en god l\u00f8sning for begge parter"},"content":{"rendered":"\n<p>Tirsdag ettermiddag har klubben sendt ut pressemelding om en spiller som gj\u00f8r det siste; g\u00e5r.<\/p>\n<p>\u2013 Kristiansund Ballklubb og Rezan Corlu (28) har blitt enige om \u00e5 avslutte kontrakten, skriver klubben p\u00e5 sin <a href=\"https:\/\/www.kristiansundbk.no\/nyheter\/corlu-drar-videre\" rel=\"Follow nofollow noopener\" target=\"_blank\">hjemmeside<\/a>.<\/p>\n<p>Corlu kom til KBK i forkant av 2025-sesongen. Han spilte 29 kamper og scoret fire m\u00e5l for klubben.<\/p>\n<p>Dansken flytter tilbake til hjemlandet.<\/p>\n<p>  <a href=\"https:\/\/www.tk.no\/5-51-1648927\" class=\"related-teaser has-image default-story-teaser article--c-eRUmMG article--c-eRUmMG-jKCPdD-design-default\" rel=\"nofollow noopener\" target=\"_blank\"><\/p>\n<p>    <img decoding=\"async\" loading=\"lazy\"  src=\"https:\/\/www.europesays.com\/no\/wp-content\/uploads\/2026\/01\/corlu1.jpg\" alt=\"\" class=\"brick-c-cFOWSL\" style=\"\"\/><\/p>\n<p>\n            Les ogs\u00e5<\/p>\n<p>              Rezan Corlu til KBK\n        <\/p>\n<p>  <\/a><\/p>\n<p>\u2013 Klubb og spiller har kommet fram til en god l\u00f8sning for begge parter, skriver klubben.<\/p>\n<p>Og legger til:<\/p>\n<p>\u2013 Kristiansund Ballklubb er forn\u00f8yd med det Rezan leverte i sin ene sesong p\u00e5 Nordm\u00f8re, og vi takker for innsatsen og \u00f8nsker lykke til videre.<\/p>\n<p>  <a href=\"https:\/\/www.tk.no\/5-51-1794346\" class=\"related-teaser has-image default-story-teaser article--c-eRUmMG article--c-eRUmMG-jKCPdD-design-default\" rel=\"nofollow noopener\" target=\"_blank\"><\/p>\n<p>    <img decoding=\"async\" loading=\"lazy\"  src=\"https:\/\/www.europesays.com\/no\/wp-content\/uploads\/2026\/01\/5_51_1585962_NTB_afZCvpVziAU.jpg\" alt=\"\" class=\"brick-c-cFOWSL\" style=\"\"\/><\/p>\n<p>\n            Les ogs\u00e5<\/p>\n<p>              Isaksen ble \u00e5rets f\u00f8rste KBK-signering\n        <\/p>\n<p>  <\/a><\/p>\n<p>  <a href=\"https:\/\/www.tk.no\/5-51-1794263\" class=\"related-teaser has-image default-story-teaser article--c-eRUmMG article--c-eRUmMG-jKCPdD-design-default\" rel=\"nofollow noopener\" target=\"_blank\"><\/p>\n<p>    <img decoding=\"async\" loading=\"lazy\"  src=\"https:\/\/www.europesays.com\/no\/wp-content\/uploads\/2026\/01\/heineog.png\" alt=\"\" class=\"brick-c-cFOWSL\" style=\"\"\/><\/p>\n<p>\n            Les ogs\u00e5<\/p>\n<p>              Veteran og comeback-kid n\u00e6rmer seg\n        <\/p>\n<p>  <\/a><\/p>\n","protected":false},"excerpt":{"rendered":"Tirsdag ettermiddag har klubben sendt ut pressemelding om en spiller som gj\u00f8r det siste; g\u00e5r. \u2013 Kristiansund Ballklubb&hellip;\n","protected":false},"author":2,"featured_media":130841,"comment_status":"","ping_status":"","sticky":false,"template":"","format":"standard","meta":{"footnotes":""},"categories":[59],"tags":[36,134,92,3219,298,30,28,29,83,82,1510],"class_list":{"0":"post-130840","1":"post","2":"type-post","3":"status-publish","4":"format-standard","5":"has-post-thumbnail","7":"category-sport","8":"tag-art","9":"tag-eliteserien","10":"tag-fotball","11":"tag-kbk","12":"tag-kristiansund","13":"tag-no","14":"tag-norge","15":"tag-norway","16":"tag-sport","17":"tag-sports","18":"tag-story"},"share_on_mastodon":{"url":"https:\/\/pubeurope.com\/@no\/115852475271688746","error":""},"_links":{"self":[{"href":"https:\/\/www.europesays.com\/no\/wp-json\/wp\/v2\/posts\/130840","targetHints":{"allow":["GET"]}}],"collection":[{"href":"https:\/\/www.europesays.com\/no\/wp-json\/wp\/v2\/posts"}],"about":[{"href":"https:\/\/www.europesays.com\/no\/wp-json\/wp\/v2\/types\/post"}],"author":[{"embeddable":true,"href":"https:\/\/www.europesays.com\/no\/wp-json\/wp\/v2\/users\/2"}],"replies":[{"embeddable":true,"href":"https:\/\/www.europesays.com\/no\/wp-json\/wp\/v2\/comments?post=130840"}],"version-history":[{"count":0,"href":"https:\/\/www.europesays.com\/no\/wp-json\/wp\/v2\/posts\/130840\/revisions"}],"wp:featuredmedia":[{"embeddable":true,"href":"https:\/\/www.europesays.com\/no\/wp-json\/wp\/v2\/media\/130841"}],"wp:attachment":[{"href":"https:\/\/www.europesays.com\/no\/wp-json\/wp\/v2\/media?parent=130840"}],"wp:term":[{"taxonomy":"category","embeddable":true,"href":"https:\/\/www.europesays.com\/no\/wp-json\/wp\/v2\/categories?post=130840"},{"taxonomy":"post_tag","embeddable":true,"href":"https:\/\/www.europesays.com\/no\/wp-json\/wp\/v2\/tags?post=130840"}],"curies":[{"name":"wp","href":"https:\/\/api.w.org\/{rel}","templated":true}]}}