{"id":130846,"date":"2026-01-07T06:51:12","date_gmt":"2026-01-07T06:51:12","guid":{"rendered":"https:\/\/www.europesays.com\/no\/130846\/"},"modified":"2026-01-07T06:51:12","modified_gmt":"2026-01-07T06:51:12","slug":"verdal-ulykker-og-hendelser-enebolig-totalskadet-i-brann","status":"publish","type":"post","link":"https:\/\/www.europesays.com\/no\/130846\/","title":{"rendered":"Verdal, Ulykker og hendelser | Enebolig totalskadet i brann"},"content":{"rendered":"\n<p><b>VERDAL: <\/b>N\u00f8detatene rykket natt til onsdag ut til brann i en enebolig p\u00e5 Vinne i Verdal. Politiet bekrefter at vedkommende som bor p\u00e5 adressen har kommet seg ut.<\/p>\n<p><b>Eneboligen er totalskadd. Beboere i nabohuset er evakuert og tatt h\u00e5nd om av kommunen.<\/b><\/p>\n<p>\u2013 Det er n\u00e5 full overtenning av boligen, med \u00e5pne flammer som st\u00e5r ut av bygget, opplyste politiets operasjonsleder Marie Fossen klokken 02.33.<\/p>\n<p>   <img decoding=\"async\" width=\"5000\" height=\"3333\" fetchpriority=\"low\"  loading=\"lazy\"  src=\"https:\/\/www.europesays.com\/no\/wp-content\/uploads\/2026\/01\/photo+%2887%29.jpg\" alt=\"\" class=\"brick-c-cFOWSL\" style=\"--brick-image-ratio: 5000 \/ 3333;\"\/><\/p>\n<p>      Det var mye r\u00f8yk og \u00e5pne flammer fra eneboligen.<br \/>\n      Foto: Johan Arnt Nesg\u00e5rd\n    <\/p>\n<p>   <img decoding=\"async\" width=\"5000\" height=\"3333\" fetchpriority=\"low\"  loading=\"lazy\"  src=\"https:\/\/www.europesays.com\/no\/wp-content\/uploads\/2026\/01\/photo+%2890%29.jpg\" alt=\"\" class=\"brick-c-cFOWSL\" style=\"--brick-image-ratio: 5000 \/ 3333;\"\/><\/p>\n<p>      Huset er trolig totalskadd, forklarer politiets innsatsleder Stig Viken.<br \/>\n      Foto: Johan Arnt Nesg\u00e5rd\n    <\/p>\n<p>  Kom seg ut<\/p>\n<p>\u2013 Huset ligger i et tettbebygd boligfelt, forklarer Fossen til Tr\u00f8nder-Avisa.<\/p>\n<p>Innsatsleder Stig Viken forklarer overfor Tr\u00f8nder-Avisa at det er \u00e9n person bosatt p\u00e5 adressen.<\/p>\n<p>\u2013 En mann i 30-\u00e5rene oppdaget selv brannen og opps\u00f8kte naboer, forklarer han.<\/p>\n<p>    Vil du se neste video?<\/p>\n<p>    <a href=\"https:\/\/www.t-a.no\/her-stanses-bilen\/v\/5-116-2280883\" class=\"recommend-poster\" data-adp-clicklabel=\"video-recommend\" data-adp-clickvalue=\"poster\" rel=\"nofollow noopener\" target=\"_blank\"><br \/>\n      <img decoding=\"async\" width=\"200\" height=\"200\" loading=\"lazy\" src=\"https:\/\/www.europesays.com\/no\/wp-content\/uploads\/2026\/01\/v-i-c68596de-16f6-4792-a903-74da2333aa73-1.jpg\" alt=\"\" class=\"brick-c-cFOWSL\" style=\"--brick-image-ratio: 200 \/ 200;\"\/><\/p>\n<p>Her stanses bilen0:26<\/p>\n<p>    <\/a><\/p>\n<p>Ingen spredningsfare<\/p>\n<p>   <img decoding=\"async\" width=\"5000\" height=\"3334\" fetchpriority=\"low\"  loading=\"lazy\"  src=\"https:\/\/www.europesays.com\/no\/wp-content\/uploads\/2026\/01\/photo+%2889%29.jpg\" alt=\"\" class=\"brick-c-cFOWSL\" style=\"--brick-image-ratio: 5000 \/ 3334;\"\/><\/p>\n<p>      Det sto \u00e5pne flammer fra boligen.<br \/>\n      Foto: Johan Arnt Nesg\u00e5rd\n    <\/p>\n<p>Videre bekrefter innsatslederen at det har v\u00e6rt \u00e5pne flammer.<\/p>\n<p>\u2013 Per n\u00e5 er det ikke spredningsfare til nabo-boligene, men de n\u00e6rmeste naboene er blitt varslet om \u00e5 holde vinduer stengt \u2013 og ha p\u00e5 seg kl\u00e6r og v\u00e6re klare for \u00e5 evakueres dersom det blir n\u00f8dvendig. Det er flyttet noen biler ogs\u00e5, legger Viken til.<\/p>\n<p>Unders\u00f8kelser og vakthold<\/p>\n<p>Politiet opplyser i en oppdatering klokka 5.42 at brannvesenet fortsatt driver med etterslukking p\u00e5 stedet. Dette vil p\u00e5g\u00e5 en stund.<\/p>\n<p>Politiet vil foreta kriminaltekniske unders\u00f8kelser s\u00e5 fort \u00e5stedet er slukket og nedkj\u00f8lt. Det vil inntil da v\u00e6re vakthold p\u00e5 stedet.<\/p>\n","protected":false},"excerpt":{"rendered":"VERDAL: N\u00f8detatene rykket natt til onsdag ut til brann i en enebolig p\u00e5 Vinne i Verdal. Politiet bekrefter&hellip;\n","protected":false},"author":2,"featured_media":130847,"comment_status":"","ping_status":"","sticky":false,"template":"","format":"standard","meta":{"footnotes":""},"categories":[10],"tags":[36,367,20,21,24,25,15,22,23,13,30,28,29,14,16,1510,6603,26,27,941,2133],"class_list":{"0":"post-130846","1":"post","2":"type-post","3":"status-publish","4":"format-standard","5":"has-post-thumbnail","7":"category-norge","8":"tag-art","9":"tag-brann","10":"tag-breaking-news","11":"tag-breakingnews","12":"tag-featured-news","13":"tag-featurednews","14":"tag-headlines","15":"tag-latest-news","16":"tag-latestnews","17":"tag-news","18":"tag-no","19":"tag-norge","20":"tag-norway","21":"tag-nyheter","22":"tag-overskrifter","23":"tag-story","24":"tag-ta-iv","25":"tag-top-stories","26":"tag-topstories","27":"tag-ulykker-og-hendelser","28":"tag-verdal"},"share_on_mastodon":{"url":"https:\/\/pubeurope.com\/@no\/115852494954690723","error":""},"_links":{"self":[{"href":"https:\/\/www.europesays.com\/no\/wp-json\/wp\/v2\/posts\/130846","targetHints":{"allow":["GET"]}}],"collection":[{"href":"https:\/\/www.europesays.com\/no\/wp-json\/wp\/v2\/posts"}],"about":[{"href":"https:\/\/www.europesays.com\/no\/wp-json\/wp\/v2\/types\/post"}],"author":[{"embeddable":true,"href":"https:\/\/www.europesays.com\/no\/wp-json\/wp\/v2\/users\/2"}],"replies":[{"embeddable":true,"href":"https:\/\/www.europesays.com\/no\/wp-json\/wp\/v2\/comments?post=130846"}],"version-history":[{"count":0,"href":"https:\/\/www.europesays.com\/no\/wp-json\/wp\/v2\/posts\/130846\/revisions"}],"wp:featuredmedia":[{"embeddable":true,"href":"https:\/\/www.europesays.com\/no\/wp-json\/wp\/v2\/media\/130847"}],"wp:attachment":[{"href":"https:\/\/www.europesays.com\/no\/wp-json\/wp\/v2\/media?parent=130846"}],"wp:term":[{"taxonomy":"category","embeddable":true,"href":"https:\/\/www.europesays.com\/no\/wp-json\/wp\/v2\/categories?post=130846"},{"taxonomy":"post_tag","embeddable":true,"href":"https:\/\/www.europesays.com\/no\/wp-json\/wp\/v2\/tags?post=130846"}],"curies":[{"name":"wp","href":"https:\/\/api.w.org\/{rel}","templated":true}]}}