{"id":130850,"date":"2026-01-07T07:02:09","date_gmt":"2026-01-07T07:02:09","guid":{"rendered":"https:\/\/www.europesays.com\/no\/130850\/"},"modified":"2026-01-07T07:02:09","modified_gmt":"2026-01-07T07:02:09","slug":"minst-36-drept-i-iran-protester","status":"publish","type":"post","link":"https:\/\/www.europesays.com\/no\/130850\/","title":{"rendered":"Minst 36 drept i Iran-protester"},"content":{"rendered":"\n<p class=\"_lead_o9xde_2 _lead_xtcu6_50 layout-component text-serif-m layout-normal text-serif-l layout-component layout-wide layout-padded _wide_17hqh_1 layout-padded\">Demonstrantene roper \u00abd\u00f8d over diktatoren\u00bb i Teherans gater.<\/p>\n<p><img alt=\" Foto: Vahid Salemi \/ AP \/ NTB\" class=\"_image_qp4xg_65 layout-component layout-wide\" data-fullscreen- data-track-element-type=\"Article image fullscreen\" data-track-name=\"ImageFullscreen\" fetchpriority=\"high\" decoding=\"sync\" loading=\"eager\" height=\"2875\" itemprop=\"image\"  src=\"https:\/\/www.europesays.com\/no\/wp-content\/uploads\/2026\/01\/1547aab1-2b73-42ee-b51e-432b73227e89.jpeg\"  style=\"object-position:0% 0%\" width=\"4032\"\/> Foto: Vahid Salemi \/ AP \/ NTB<\/p>\n<ul aria-hidden=\"true\" class=\"_images_ntbth_112\">\n<li><a class=\"_link_ntbth_117\" href=\"https:\/\/www.vg.no\/forfatter\/kari-aarstad-aase\" style=\"z-index:1\" title=\"Kari Aarstad Aase\" rel=\"nofollow noopener\" target=\"_blank\"><img alt=\"Bilde av Kari Aarstad Aase\" class=\"_image_ntbth_93\" fetchpriority=\"low\" loading=\"lazy\" decoding=\"async\" itemprop=\"image\"  src=\"https:\/\/www.europesays.com\/no\/wp-content\/uploads\/2026\/01\/1767769328_182_0dbde33e-6d8e-4680-8e4f-e2a64281e2b8.jpeg\"  width=\"480\"\/><\/a><\/li>\n<\/ul>\n<p> Oppdatert onsdag 7. januar kl. 05:49     <\/p>\n<p class=\"_paragraph_o9xde_4 _paragraph_xtcu6_10 layout-component text-serif-m layout-normal text-serif-m layout-padded\">Minst 36 personer er drept under ti dager med protester i <a href=\"https:\/\/www.vg.no\/tag\/iran?utm_source=vg-article&amp;utm_medium=auto-tagger&amp;utm_campaign=n1ad45\" class=\"_link_o9xde_39\" rel=\"nofollow noopener\" target=\"_blank\">Iran<\/a>, melder menneskerettighetsgruppen HRANA. 34 av de drepte var demonstranter, mens to tilh\u00f8rte sikkerhetsstyrkene.<\/p>\n<p class=\"_paragraph_o9xde_4 _paragraph_xtcu6_10 layout-component text-serif-m layout-normal text-serif-m layout-padded\">Protestene startet 28. desember da butikkeiere gikk ut i gatene i hovedstaden for \u00e5 uttrykke sinne over at den iranske valutaen igjen falt kraftig mot dollaren. Rijalen har sunket til rekordlave niv\u00e5er det siste \u00e5ret, og inflasjonen har steget til 40 prosent.<\/p>\n<p><img alt=\"Demonstranter fotografert p\u00e5 ei bro i Teheran 29. desember.   Foto: Fars \/ AP \/ NTB\" class=\"_image_qp4xg_65 layout-component layout-normal\" data-fullscreen- data-track-element-type=\"Article image fullscreen\" data-track-name=\"ImageFullscreen\" decoding=\"async\" loading=\"lazy\" height=\"3648\" itemprop=\"image\"  src=\"https:\/\/www.europesays.com\/no\/wp-content\/uploads\/2026\/01\/1767769328_345_4e64b0ad-864d-486c-bd0b-3e337f5dab43.jpeg\"  style=\"object-position:0% 0%\" width=\"5472\"\/>Demonstranter fotografert p\u00e5 ei bro i Teheran 29. desember.   Foto: Fars \/ AP \/ NTB<\/p>\n<p class=\"_paragraph_o9xde_4 _paragraph_xtcu6_10 layout-component text-serif-m layout-normal text-serif-m layout-padded\">Tirsdag spredte oppt\u00f8yene seg til Teherans Grand Bazaar, hvor oppr\u00f8rspolitiet fyrte av t\u00e5regass mot demonstranter som ropte slagord mot Irans geistlige ledere, melder <a href=\"https:\/\/www.bbc.com\/news\/articles\/cp37w9xnxxwo\" class=\"_link_o9xde_39\" rel=\"nofollow noopener\" target=\"_blank\">BBC<\/a>.<\/p>\n<p class=\"_paragraph_o9xde_4 _paragraph_xtcu6_10 layout-component text-serif-m layout-normal text-serif-m layout-padded\">\u2013 D\u00f8d over diktatoren, ropte folkemengden, med henvisning til \u00f8verste leder ayatolla Ali Khamenei.<\/p>\n<p><img alt=\"ayatolla Ali Khamenei.  Foto: Office of the Iranian Supreme Leader\/WANA \/ Reuters \/ NTB\" class=\"_image_qp4xg_65 layout-component layout-normal\" data-fullscreen- data-track-element-type=\"Article image fullscreen\" data-track-name=\"ImageFullscreen\" decoding=\"async\" loading=\"lazy\" height=\"1431\" itemprop=\"image\"  src=\"https:\/\/www.europesays.com\/no\/wp-content\/uploads\/2026\/01\/d0b19973-77e2-48c6-a988-2f226c019869.jpeg\"  style=\"object-position:0% 0%\" width=\"2172\"\/>ayatolla Ali Khamenei.  Foto: Office of the Iranian Supreme Leader\/WANA \/ Reuters \/ NTB<\/p>\n<p class=\"_paragraph_o9xde_4 _paragraph_xtcu6_10 layout-component text-serif-m layout-normal text-serif-m layout-padded\">Protestene har spredt seg til 27 av landets 31 provinser. Mer enn 60 demonstranter er skadet og over 2000 arrestert, if\u00f8lge HRANA.<\/p>\n<p class=\"_paragraph_o9xde_4 _paragraph_xtcu6_10 layout-component text-serif-m layout-normal text-serif-m layout-padded\">President Donald Trump truet fredag med amerikansk intervensjon dersom iranske sikkerhetsstyrker dreper fredelige demonstranter.<\/p>\n<p class=\"_paragraph_o9xde_4 _paragraph_xtcu6_10 layout-component text-serif-m layout-normal text-serif-m layout-padded\">\u2013 Vi er klare og beredt til \u00e5 handle, erkl\u00e6rte Trump.<\/p>\n<p><img alt=\"Demonstrasjon utenfor den iranske ambassaden i Berlin i helgen.   Foto: FILIP SINGER \/ EPA \/ NTB\" class=\"_image_qp4xg_65 layout-component layout-normal\" data-fullscreen- data-track-element-type=\"Article image fullscreen\" data-track-name=\"ImageFullscreen\" decoding=\"async\" loading=\"lazy\" height=\"2333\" itemprop=\"image\"  src=\"https:\/\/www.europesays.com\/no\/wp-content\/uploads\/2026\/01\/1767769329_715_7a407ffb-c661-40a8-b3a3-289b5364c91a.png\"  style=\"object-position:0% 0%\" width=\"3500\"\/>Demonstrasjon utenfor den iranske ambassaden i Berlin i helgen.   Foto: FILIP SINGER \/ EPA \/ NTB<\/p>\n<p class=\"_paragraph_o9xde_4 _paragraph_xtcu6_10 layout-component text-serif-m layout-normal text-serif-m layout-padded\">Khamenei svarte dagen etter at \u00aboppr\u00f8rere skal settes p\u00e5 plass\u00bb og lovet \u00e5 ikke \u00abgi etter for fienden\u00bb.<\/p>\n<p class=\"_paragraph_o9xde_4 _paragraph_xtcu6_10 layout-component text-serif-m layout-normal text-serif-m layout-padded\">Dette er de mest omfattende protestene siden oppr\u00f8ret i 2022 etter Mahsa Aminis d\u00f8d i politiets varetekt.<\/p>\n<p>Henrettet <\/p>\n<p class=\"_paragraph_o9xde_4 _paragraph_xtcu6_10 layout-component text-serif-m layout-normal text-serif-m layout-padded\">Iran har henrettet en mann som var anklaget for \u00e5 ha spionert for Israel, melder\u00a0Reuters onsdag morgen.<\/p>\n<p class=\"_paragraph_o9xde_4 _paragraph_xtcu6_10 layout-component text-serif-m layout-normal text-serif-m layout-padded\">Den henrettede mannen er identifisert som Ali Ardestani, if\u00f8lge Student News Network som rapporterte om henrettelsen onsdag.<\/p>\n<p class=\"_paragraph_o9xde_4 _paragraph_xtcu6_10 layout-component text-serif-m layout-normal text-serif-m layout-padded\">Det er ikke kjent n\u00e5r Ardestani ble arrestert eller d\u00f8mt, eller hvilke konkrete handlinger han var anklaget for.<\/p>\n<p>Les ogs\u00e5<\/p>\n","protected":false},"excerpt":{"rendered":"Demonstrantene roper \u00abd\u00f8d over diktatoren\u00bb i Teherans gater. Foto: Vahid Salemi \/ AP \/ NTB Oppdatert onsdag 7.&hellip;\n","protected":false},"author":2,"featured_media":130851,"comment_status":"","ping_status":"","sticky":false,"template":"","format":"standard","meta":{"footnotes":""},"categories":[12],"tags":[20,21,55,24,25,15,3228,22,23,13,30,28,29,14,16,14805,26,27,42,46,43,44,45],"class_list":{"0":"post-130850","1":"post","2":"type-post","3":"status-publish","4":"format-standard","5":"has-post-thumbnail","7":"category-verden","8":"tag-breaking-news","9":"tag-breakingnews","10":"tag-donald-trump","11":"tag-featured-news","12":"tag-featurednews","13":"tag-headlines","14":"tag-iran","15":"tag-latest-news","16":"tag-latestnews","17":"tag-news","18":"tag-no","19":"tag-norge","20":"tag-norway","21":"tag-nyheter","22":"tag-overskrifter","23":"tag-teheran","24":"tag-top-stories","25":"tag-topstories","26":"tag-verden","27":"tag-vgai","28":"tag-world","29":"tag-world-news","30":"tag-worldnews"},"share_on_mastodon":{"url":"https:\/\/pubeurope.com\/@no\/115852538876033386","error":""},"_links":{"self":[{"href":"https:\/\/www.europesays.com\/no\/wp-json\/wp\/v2\/posts\/130850","targetHints":{"allow":["GET"]}}],"collection":[{"href":"https:\/\/www.europesays.com\/no\/wp-json\/wp\/v2\/posts"}],"about":[{"href":"https:\/\/www.europesays.com\/no\/wp-json\/wp\/v2\/types\/post"}],"author":[{"embeddable":true,"href":"https:\/\/www.europesays.com\/no\/wp-json\/wp\/v2\/users\/2"}],"replies":[{"embeddable":true,"href":"https:\/\/www.europesays.com\/no\/wp-json\/wp\/v2\/comments?post=130850"}],"version-history":[{"count":0,"href":"https:\/\/www.europesays.com\/no\/wp-json\/wp\/v2\/posts\/130850\/revisions"}],"wp:featuredmedia":[{"embeddable":true,"href":"https:\/\/www.europesays.com\/no\/wp-json\/wp\/v2\/media\/130851"}],"wp:attachment":[{"href":"https:\/\/www.europesays.com\/no\/wp-json\/wp\/v2\/media?parent=130850"}],"wp:term":[{"taxonomy":"category","embeddable":true,"href":"https:\/\/www.europesays.com\/no\/wp-json\/wp\/v2\/categories?post=130850"},{"taxonomy":"post_tag","embeddable":true,"href":"https:\/\/www.europesays.com\/no\/wp-json\/wp\/v2\/tags?post=130850"}],"curies":[{"name":"wp","href":"https:\/\/api.w.org\/{rel}","templated":true}]}}