{"id":130854,"date":"2026-01-07T07:18:13","date_gmt":"2026-01-07T07:18:13","guid":{"rendered":"https:\/\/www.europesays.com\/no\/130854\/"},"modified":"2026-01-07T07:18:13","modified_gmt":"2026-01-07T07:18:13","slug":"nicole-kidman-og-keith-urban-offisielt-skilt-etter-19-ar","status":"publish","type":"post","link":"https:\/\/www.europesays.com\/no\/130854\/","title":{"rendered":"Nicole Kidman og Keith Urban offisielt skilt etter 19 \u00e5r"},"content":{"rendered":"<p class=\"kicker \" style=\"\">Nicole Kidman og Keith Urban:\u00a0<\/p>\n<p>  Etter 19 \u00e5r som et av Hollywoods mest profilerte ektepar, er de n\u00e5\u00a0offisielt skilt.<\/p>\n<p>\n    N\u00c5 ER DET OVER: Etter 19 \u00e5r som mann og kone ble Nicole og Keith offisielt skilt tirsdag. Foto: Stephen Butler \/ REX \/ NTB\n  <\/p>\n<p id=\"text\" class=\"svelte-1bgec1z\">I samarbeid med<\/p>\n<p>     <img decoding=\"async\" src=\"https:\/\/www.europesays.com\/no\/wp-content\/uploads\/2025\/12\/fishermansFriend.png\" alt=\"kommersiell logo\" class=\"svelte-1bgec1z\"\/>          <\/p>\n<p>Sjokkbruddet mellom Nicole Kidman (58) og Keith Urban (58) slo ned som en bombe i fjor h\u00f8st.\u00a0<\/p>\n<p>Det sv\u00e6rt anerkjente Hollywood-paret hadde v\u00e6rt gift i 19 \u00e5r <a href=\"https:\/\/www.seher.no\/kjendis\/sjokk-separert\/83658671\" rel=\"nofollow noopener\" target=\"_blank\">da bruddnyheten ble kjent<\/a>.<\/p>\n<p>        <img loading=\"lazy\" decoding=\"async\" src=\"https:\/\/www.europesays.com\/no\/wp-content\/uploads\/2026\/01\/84064246.webp.webp\" width=\"667\" height=\"594\" title=\"SJOKKBRUDD: Skilsmissen mellom Nicole og Keith slo ned som en bombe langt utover Hollywoods grenser. Foto: NTB\" alt=\"\" class=\"\" style=\"--aspect-ratio-image: 1.12; \"\/><\/p>\n<p>\n        SJOKKBRUDD: Skilsmissen mellom Nicole og Keith slo ned som en bombe langt utover Hollywoods grenser. Foto: NTB\n    <\/p>\n<p> Da Kidman leverte skilsmisses\u00f8knaden i september, oppga hun \u00abuforsonlige forskjeller\u00bb som begrunnelse. F\u00f8r s\u00f8knaden ble sendt inn, skal paret allerede ha blitt enige om alle praktiske og \u00f8konomiske detaljer &#8211; det gjensto bare dommerens signatur. <\/p>\n<p>N\u00e5, fire m\u00e5neder senere, ser det ut til at paret offisielt er skilt. If\u00f8lge kjendis-nettstedet <a href=\"https:\/\/www.tmz.com\/2026\/01\/06\/nicole-kidman-keith-urban-divorce-final\/\" rel=\"nofollow noopener\" target=\"_blank\">TMZ<\/a>, som har f\u00e5tt innsyn i rettsdokumentene, skal skilsmissen ha blitt formelt godkjent av en dommer tirsdag.\u00a0<\/p>\n<p>        <img loading=\"lazy\" decoding=\"async\" src=\"https:\/\/www.europesays.com\/no\/wp-content\/uploads\/2026\/01\/84064242.webp.webp\" width=\"686\" height=\"460\" title=\"D\u00d8TRENE: Nicole Kidman med d\u00f8trene Sunday Rose og Faith Margaret under moteuken i Paris. Foto: Marechal Aurore \/ ABACA \/ Shutterstock \/ NTB\" alt=\"\" class=\"\" style=\"--aspect-ratio-image: 1.49; \"\/><\/p>\n<p>\n        D\u00d8TRENE: Nicole Kidman med d\u00f8trene Sunday Rose og Faith Margaret under moteuken i Paris. Foto: Marechal Aurore \/ ABACA \/ Shutterstock \/ NTB\n    <\/p>\n<p>Nicole og Keith har d\u00f8trene\u00a0Sunday Rose (17) og Faith Margaret (14) sammen, og n\u00e5r det gjelder barna, har de blitt enige om en felles foreldreplan.\u00a0<\/p>\n<p>    <a itemprop=\"url\" href=\"https:\/\/www.seher.no\/kjendis\/ikke-til-a-kjenne-igjen\/84062666\" rel=\"nofollow noopener\" target=\"_blank\"><\/p>\n<p>        <img loading=\"lazy\" decoding=\"async\" src=\"https:\/\/www.europesays.com\/no\/wp-content\/uploads\/2026\/01\/84062931.webp.webp\" width=\"980\" height=\"441\" title=\"Ikke til \u00e5 kjenne igjen\" alt=\"\" class=\"lazyload\" style=\"--aspect-ratio-image: 2.22; \"\/><\/p>\n<p>        Ikke til \u00e5 kjenne igjen<\/p>\n<p>    <\/a><\/p>\n<p> If\u00f8lge\u00a0<a href=\"https:\/\/www.tmz.com\/2025\/09\/30\/nicole-kidman-keith-urban-divorce\/\" target=\"_blank\" rel=\"nofollow noopener\">TMZ<\/a>\u00a0skal\u00a0d\u00f8trene bo hos Nicole 306 dager i \u00e5ret, og de resterende 59 dagene hos Keith. <\/p>\n","protected":false},"excerpt":{"rendered":"Nicole Kidman og Keith Urban:\u00a0 Etter 19 \u00e5r som et av Hollywoods mest profilerte ektepar, er de n\u00e5\u00a0offisielt&hellip;\n","protected":false},"author":2,"featured_media":130855,"comment_status":"","ping_status":"","sticky":false,"template":"","format":"standard","meta":{"footnotes":""},"categories":[5],"tags":[20,21,24,25,15,19,7507,479,2543,22,23,17,18,13,7305,30,28,29,14,16,26,27],"class_list":{"0":"post-130854","1":"post","2":"type-post","3":"status-publish","4":"format-standard","5":"has-post-thumbnail","7":"category-overskrifter","8":"tag-breaking-news","9":"tag-breakingnews","10":"tag-featured-news","11":"tag-featurednews","12":"tag-headlines","13":"tag-hovedoppslag","14":"tag-keith-urban","15":"tag-kjendis","16":"tag-kjendisdesken","17":"tag-latest-news","18":"tag-latestnews","19":"tag-main-news","20":"tag-mainnews","21":"tag-news","22":"tag-nicole-kidman","23":"tag-no","24":"tag-norge","25":"tag-norway","26":"tag-nyheter","27":"tag-overskrifter","28":"tag-top-stories","29":"tag-topstories"},"share_on_mastodon":{"url":"https:\/\/pubeurope.com\/@no\/115852601169506481","error":""},"_links":{"self":[{"href":"https:\/\/www.europesays.com\/no\/wp-json\/wp\/v2\/posts\/130854","targetHints":{"allow":["GET"]}}],"collection":[{"href":"https:\/\/www.europesays.com\/no\/wp-json\/wp\/v2\/posts"}],"about":[{"href":"https:\/\/www.europesays.com\/no\/wp-json\/wp\/v2\/types\/post"}],"author":[{"embeddable":true,"href":"https:\/\/www.europesays.com\/no\/wp-json\/wp\/v2\/users\/2"}],"replies":[{"embeddable":true,"href":"https:\/\/www.europesays.com\/no\/wp-json\/wp\/v2\/comments?post=130854"}],"version-history":[{"count":0,"href":"https:\/\/www.europesays.com\/no\/wp-json\/wp\/v2\/posts\/130854\/revisions"}],"wp:featuredmedia":[{"embeddable":true,"href":"https:\/\/www.europesays.com\/no\/wp-json\/wp\/v2\/media\/130855"}],"wp:attachment":[{"href":"https:\/\/www.europesays.com\/no\/wp-json\/wp\/v2\/media?parent=130854"}],"wp:term":[{"taxonomy":"category","embeddable":true,"href":"https:\/\/www.europesays.com\/no\/wp-json\/wp\/v2\/categories?post=130854"},{"taxonomy":"post_tag","embeddable":true,"href":"https:\/\/www.europesays.com\/no\/wp-json\/wp\/v2\/tags?post=130854"}],"curies":[{"name":"wp","href":"https:\/\/api.w.org\/{rel}","templated":true}]}}