{"id":130867,"date":"2026-01-07T07:35:03","date_gmt":"2026-01-07T07:35:03","guid":{"rendered":"https:\/\/www.europesays.com\/no\/130867\/"},"modified":"2026-01-07T07:35:03","modified_gmt":"2026-01-07T07:35:03","slug":"evangeline-lilly-avslorer-hjerneskade-etter-ulykke-pa-hawaii","status":"publish","type":"post","link":"https:\/\/www.europesays.com\/no\/130867\/","title":{"rendered":"Evangeline Lilly avsl\u00f8rer hjerneskade etter ulykke p\u00e5 Hawaii"},"content":{"rendered":"<p class=\"kicker \" style=\"\">Evangeline Lilly:<\/p>\n<p>  Hollywood-stjernen har f\u00e5tt varige plager etter skrekkhendelse p\u00e5 Hawaii.<\/p>\n<p>\n    AVSL\u00d8RER: Filmstjernen Evangeline Lilly har n\u00e5 f\u00e5tt svar p\u00e5 en ny hjerneunders\u00f8kelse. Foto: Richard Shotwell\/Invision\/AP\/NTB\n  <\/p>\n<p id=\"text\" class=\"svelte-1bgec1z\">I samarbeid med<\/p>\n<p>     <img decoding=\"async\" src=\"https:\/\/www.europesays.com\/no\/wp-content\/uploads\/2025\/12\/fishermansFriend.png\" alt=\"kommersiell logo\" class=\"svelte-1bgec1z\"\/>          <\/p>\n<p>Skuespiller <a href=\"https:\/\/www.seher.no\/kjendis\/ingen-skal-bli-tvunget\/75255518\" rel=\"nofollow noopener\" target=\"_blank\">Evangeline Lilly (46)<\/a> har f\u00e5tt hjerneskader etter at hun besvimte p\u00e5 Hawaii i fjor.\u00a0<\/p>\n<p>Det forteller 46-\u00e5ringen selv i en video p\u00e5 Instagram.<\/p>\n<p>    <a itemprop=\"url\" href=\"https:\/\/www.seher.no\/kjendis\/ingen-skal-bli-tvunget\/75255518\" rel=\"nofollow noopener\" target=\"_blank\"><\/p>\n<p>        <img loading=\"lazy\" decoding=\"async\" src=\"https:\/\/www.europesays.com\/no\/wp-content\/uploads\/2026\/01\/75254260.webp.webp\" width=\"980\" height=\"441\" title=\"- Ingen skal bli tvunget\" alt=\"\" class=\"lazyload\" style=\"--aspect-ratio-image: 2.22; \"\/><\/p>\n<p>        &#8211; Ingen skal bli tvunget<\/p>\n<p>    <\/a><\/p>\n<p>I mai i fjor besvimte \u00abLost\u00bb-stjernen p\u00e5 en strand p\u00e5 Hawaii og falt med ansiktet mot en steinblokk.\u00a0<\/p>\n<p>Skuespilleren som har lidd av liknende anfall siden barndommen p\u00e5 grunn av lavt blodsukker, fikk en kraftig hjernerystelse etter ulykken.<\/p>\n<p>        Under middagen i \u00abMesternes mester\u00bb blir det en emosjonell samtale for skihopper Daniel-Andr\u00e9 Tande n\u00e5r han forteller om lillebrorens selvmord.<\/p>\n<p> \u00abDommen er falt&#8230; Jeg har hjerneskade fra TBI-en min. Det er tr\u00f8stende \u00e5 vite at min kognitive nedgang ikke bare er overgangsalderen, og det er ubehagelig \u00e5 vite hvor vanskelig det vil v\u00e6re \u00e5 pr\u00f8ve \u00e5 reversere manglene\u00bb, skriver hun under videoen.<\/p>\n<p>\u00abTakk til dere alle for at dere alltid sp\u00f8r, for at dere alltid bryr dere og for deres b\u00f8nner.\u00bb <\/p>\n<p>Evangeline forteller at resultatene fra den siste hjerneunders\u00f8kelsen viser ulykkens langvarige konsekvenser.<\/p>\n<p>&#8211; Nesten alle deler av hjernen min fungerer med nedsatt kapasitet, sier hun i videoen p\u00e5 Instagram.<\/p>\n<p>    <a itemprop=\"url\" href=\"https:\/\/www.seher.no\/kjendis\/det-verste-aret-i-mitt-liv\/84051457\" rel=\"nofollow noopener\" target=\"_blank\"><\/p>\n<p>        <img loading=\"lazy\" decoding=\"async\" src=\"https:\/\/www.europesays.com\/no\/wp-content\/uploads\/2026\/01\/1767771303_456_84052143.webp.webp\" width=\"147\" height=\"98\" title=\"- Det verste \u00e5ret i mitt liv\" alt=\"\" class=\"lazyload\" style=\"--aspect-ratio-image: 1.50; \"\/><\/p>\n<p>        &#8211; Det verste \u00e5ret i mitt liv<\/p>\n<p>    <\/a><\/p>\n<p>&#8211; Men n\u00e5 er jobben min \u00e5 komme til bunns i dette med legene og deretter begynne det harde arbeidet med \u00e5 fikse det, noe jeg ikke ser frem til siden jeg f\u00f8ler at alt jeg gj\u00f8r er hardt arbeid. Men det er greit, fortsetter hun.<\/p>\n<p>I kommentarfeltet under innlegget f\u00e5r Evangeline st\u00f8tte fra blant andre Hollywood-stjernene Michelle Pfeiffer (67) og Alyssa Milano (53).<\/p>\n<p>        \u00abFLUKTEN FRA BOLIVIA\u00bb: Serien som hadde premiere p\u00e5 TV2 i romjula er basert p\u00e5 tre norske jenter. Dette er den ekte historien bak. Video og bilder: NTB\/Scanpix. Reporter: Trond Markus Gravdal<\/p>\n<p>Filmstjernen er godt kjent fra TV-serien \u00abLost\u00bb og filmserien \u00abHobbiten\u00bb. Hennes siste film var \u00abAnt-Man and the Wasp: Quantumania\u00bb som kom ut i 2023.<\/p>\n","protected":false},"excerpt":{"rendered":"Evangeline Lilly: Hollywood-stjernen har f\u00e5tt varige plager etter skrekkhendelse p\u00e5 Hawaii. AVSL\u00d8RER: Filmstjernen Evangeline Lilly har n\u00e5 f\u00e5tt&hellip;\n","protected":false},"author":2,"featured_media":130868,"comment_status":"","ping_status":"","sticky":false,"template":"","format":"standard","meta":{"footnotes":""},"categories":[58],"tags":[71,15181,15183,15182,479,2543,30,28,29,72],"class_list":{"0":"post-130867","1":"post","2":"type-post","3":"status-publish","4":"format-standard","5":"has-post-thumbnail","7":"category-underholdning","8":"tag-entertainment","9":"tag-evangeline-lilly","10":"tag-helseplager","11":"tag-hjerneskade","12":"tag-kjendis","13":"tag-kjendisdesken","14":"tag-no","15":"tag-norge","16":"tag-norway","17":"tag-underholdning"},"share_on_mastodon":{"url":"https:\/\/pubeurope.com\/@no\/115852667986110399","error":""},"_links":{"self":[{"href":"https:\/\/www.europesays.com\/no\/wp-json\/wp\/v2\/posts\/130867","targetHints":{"allow":["GET"]}}],"collection":[{"href":"https:\/\/www.europesays.com\/no\/wp-json\/wp\/v2\/posts"}],"about":[{"href":"https:\/\/www.europesays.com\/no\/wp-json\/wp\/v2\/types\/post"}],"author":[{"embeddable":true,"href":"https:\/\/www.europesays.com\/no\/wp-json\/wp\/v2\/users\/2"}],"replies":[{"embeddable":true,"href":"https:\/\/www.europesays.com\/no\/wp-json\/wp\/v2\/comments?post=130867"}],"version-history":[{"count":0,"href":"https:\/\/www.europesays.com\/no\/wp-json\/wp\/v2\/posts\/130867\/revisions"}],"wp:featuredmedia":[{"embeddable":true,"href":"https:\/\/www.europesays.com\/no\/wp-json\/wp\/v2\/media\/130868"}],"wp:attachment":[{"href":"https:\/\/www.europesays.com\/no\/wp-json\/wp\/v2\/media?parent=130867"}],"wp:term":[{"taxonomy":"category","embeddable":true,"href":"https:\/\/www.europesays.com\/no\/wp-json\/wp\/v2\/categories?post=130867"},{"taxonomy":"post_tag","embeddable":true,"href":"https:\/\/www.europesays.com\/no\/wp-json\/wp\/v2\/tags?post=130867"}],"curies":[{"name":"wp","href":"https:\/\/api.w.org\/{rel}","templated":true}]}}