{"id":13087,"date":"2025-08-20T11:03:10","date_gmt":"2025-08-20T11:03:10","guid":{"rendered":"https:\/\/www.europesays.com\/no\/13087\/"},"modified":"2025-08-20T11:03:10","modified_gmt":"2025-08-20T11:03:10","slug":"project-spectrum-avduket-pa-gamescom","status":"publish","type":"post","link":"https:\/\/www.europesays.com\/no\/13087\/","title":{"rendered":"Project Spectrum avduket p\u00e5 Gamescom"},"content":{"rendered":"<p>Det ser ut til at de sparte det beste til slutt p\u00e5 kveldens Gamescom-show, hvor et helt nytt spill kalt Project Spectrum fra utvikleren Team Jade ble avsl\u00f8rt. Spillet ser ut til \u00e5 sette spillerne i rollen som en plaget kvinne som kommer ansikt til ansikt med noe uhyggelig og overnaturlig &#8211; noe som gj\u00f8r det stadig vanskeligere \u00e5 skille mellom hva som er ekte og hva som ikke er det. Dessverre ble ingen utgivelsesdato delt, men \u00e5 d\u00f8mme etter traileren er dette definitivt en \u00e5 holde \u00f8ye med.<\/p>\n<p>Vi vet fortsatt veldig lite om spillet, og det er vanskelig \u00e5 si sikkert hva vi kan forvente ut fra traileren alene. N\u00e5r det er sagt, ser Project Spectrum ut til \u00e5 levere en visuelt sl\u00e5ende opplevelse i foruroligende milj\u00f8er, komplett med dypt urovekkende monstre. Vi oppfordrer deg til \u00e5 sjekke ut traileren nedenfor og dele inntrykkene dine med oss.<\/p>\n<p>Spillerne vil utforske en m\u00f8rk skog fylt med monstr\u00f8se anomalier med overnaturlige evner, som er fast bestemt p\u00e5 \u00e5 ut\u00f8ve vold med alle n\u00f8dvendige midler. Bruk kraftige v\u00e5pen for \u00e5 hugge ned fiender, mens du blir enten jegeren &#8211; eller den jagede &#8211; i Project Spectrum, som kommer snart.<\/p>\n<p>\t\t\t\t\t\t<img loading=\"lazy\" decoding=\"async\" id=\"img-1843623-4639553\" data-fullsize=\"\/media\/95\/_4639553b.png\" data-lazy=\"\" src=\"https:\/\/www.europesays.com\/no\/wp-content\/uploads\/2025\/08\/_4639553_650x.png\" width=\"650\" onclick=\"if (!window.__cfRLUnblockHandlers) return false; gallery_openmodal('1843623','4639553',false,'2f9e3a66fc284cd36d7763c4e61d07fe');\" height=\"523\" alt=\"Project Spectrum\" class=\"rwd_col_content lazy\" data-cf-modified-40529fb9c30f9b6aa75e284e-=\"\"\/><\/p>\n","protected":false},"excerpt":{"rendered":"Det ser ut til at de sparte det beste til slutt p\u00e5 kveldens Gamescom-show, hvor et helt nytt&hellip;\n","protected":false},"author":2,"featured_media":13088,"comment_status":"","ping_status":"","sticky":false,"template":"","format":"standard","meta":{"footnotes":""},"categories":[57],"tags":[30,28,29,65,63,64,66,70,69,67,68],"class_list":{"0":"post-13087","1":"post","2":"type-post","3":"status-publish","4":"format-standard","5":"has-post-thumbnail","7":"category-vitenskap-og-teknologi","8":"tag-no","9":"tag-norge","10":"tag-norway","11":"tag-science","12":"tag-science-and-technology","13":"tag-scienceandtechnology","14":"tag-technology","15":"tag-teknologi","16":"tag-vitenskap","17":"tag-vitenskap-og-teknologi","18":"tag-vitenskapteknologi"},"share_on_mastodon":{"url":"","error":""},"_links":{"self":[{"href":"https:\/\/www.europesays.com\/no\/wp-json\/wp\/v2\/posts\/13087","targetHints":{"allow":["GET"]}}],"collection":[{"href":"https:\/\/www.europesays.com\/no\/wp-json\/wp\/v2\/posts"}],"about":[{"href":"https:\/\/www.europesays.com\/no\/wp-json\/wp\/v2\/types\/post"}],"author":[{"embeddable":true,"href":"https:\/\/www.europesays.com\/no\/wp-json\/wp\/v2\/users\/2"}],"replies":[{"embeddable":true,"href":"https:\/\/www.europesays.com\/no\/wp-json\/wp\/v2\/comments?post=13087"}],"version-history":[{"count":0,"href":"https:\/\/www.europesays.com\/no\/wp-json\/wp\/v2\/posts\/13087\/revisions"}],"wp:featuredmedia":[{"embeddable":true,"href":"https:\/\/www.europesays.com\/no\/wp-json\/wp\/v2\/media\/13088"}],"wp:attachment":[{"href":"https:\/\/www.europesays.com\/no\/wp-json\/wp\/v2\/media?parent=13087"}],"wp:term":[{"taxonomy":"category","embeddable":true,"href":"https:\/\/www.europesays.com\/no\/wp-json\/wp\/v2\/categories?post=13087"},{"taxonomy":"post_tag","embeddable":true,"href":"https:\/\/www.europesays.com\/no\/wp-json\/wp\/v2\/tags?post=13087"}],"curies":[{"name":"wp","href":"https:\/\/api.w.org\/{rel}","templated":true}]}}