{"id":130876,"date":"2026-01-07T07:56:08","date_gmt":"2026-01-07T07:56:08","guid":{"rendered":"https:\/\/www.europesays.com\/no\/130876\/"},"modified":"2026-01-07T07:56:08","modified_gmt":"2026-01-07T07:56:08","slug":"neymar-med-ny-kontrakt-haper-pa-landslagscomeback","status":"publish","type":"post","link":"https:\/\/www.europesays.com\/no\/130876\/","title":{"rendered":"Neymar med ny kontrakt \u2013 h\u00e5per p\u00e5 landslagscomeback"},"content":{"rendered":"\n<p class=\"_lead_o9xde_2 _lead_xtcu6_50 layout-component text-serif-m layout-normal text-serif-l layout-component layout-wide layout-padded _wide_17hqh_1 layout-padded\">Tross nylige skadeproblemer lever Neymar (33) fortsatt i troen p\u00e5 at han blir kalt inn i troppen til Brasil foran sommerens VM-sluttspill.<\/p>\n<p><img alt=\"Neymar under en pressekonferanse i Santos i desember.  Foto: Andre Penner \/ AP \/ NTB.\" class=\"_image_qp4xg_65 layout-component layout-wide\" data-fullscreen- data-track-element-type=\"Article image fullscreen\" data-track-name=\"ImageFullscreen\" fetchpriority=\"high\" decoding=\"sync\" loading=\"eager\" height=\"4088\" itemprop=\"image\"  src=\"https:\/\/www.europesays.com\/no\/wp-content\/uploads\/2026\/01\/18eacaff-9928-44f8-bd4c-0a42b4f1894e.jpeg\"  style=\"object-position:0% 0%\" width=\"6132\"\/>Neymar under en pressekonferanse i Santos i desember.  Foto: Andre Penner \/ AP \/ NTB.<\/p>\n<ul aria-hidden=\"true\" class=\"_images_ntbth_112\">\n<li><a class=\"_link_ntbth_117\" href=\"https:\/\/www.vg.no\/forfatter\/ntb\" style=\"z-index:1\" title=\"NTB\" rel=\"nofollow noopener\" target=\"_blank\"><img alt=\"Bilde av NTB\" class=\"_image_ntbth_93\" fetchpriority=\"low\" loading=\"lazy\" decoding=\"async\" itemprop=\"image\"  src=\"https:\/\/www.europesays.com\/no\/wp-content\/uploads\/2026\/01\/1767772568_27_c33980b0-5d07-4027-84a1-813f90a7c8d6.png\"  width=\"480\"\/><\/a><\/li>\n<\/ul>\n<p> Oppdatert onsdag 7. januar kl. 08:06     <\/p>\n<p class=\"_paragraph_o9xde_4 _paragraph_xtcu6_10 layout-component text-serif-m layout-normal text-serif-m layout-padded\">Santos opplyser at Neymar har forlenget kontrakten med barndomsklubben Santos til ut 2026. Hans siste kontrakt utl\u00f8p 31. desember.<\/p>\n<p class=\"_paragraph_o9xde_4 _paragraph_xtcu6_10 layout-component text-serif-m layout-normal text-serif-m layout-padded\">Spissen returnerte til Santos for ett \u00e5r siden og var sentral p\u00e5 tampen av sesongen da han var med p\u00e5 \u00e5 redde klubben fra nedrykk fra toppdivisjonen. Det hjalp at Neymar scoret fem m\u00e5l p\u00e5 de fem siste kampene. Senest i desember scoret han hattrick i en seriekamp.<\/p>\n<p class=\"_paragraph_o9xde_4 _paragraph_xtcu6_10 layout-component text-serif-m layout-normal text-serif-m layout-padded\">\u2013 Santos er mitt hjem, det er her jeg er lykkelig. Det er med Santos jeg har lyst til jakte dr\u00f8mmene jeg enn\u00e5 ikke har oppn\u00e5dd, heter det i meldingen til fansen etter kontraktsforlengelsen.<\/p>\n<p class=\"_paragraph_o9xde_4 _paragraph_xtcu6_10 layout-component text-serif-m layout-normal text-serif-m layout-padded\">Den tidligere Barcelona- og PSG-spilleren har slitt med skader den siste tiden, og sist m\u00e5ned gjennomgikk han en kneoperasjon.<\/p>\n<p class=\"_paragraph_o9xde_4 _paragraph_xtcu6_10 layout-component text-serif-m layout-normal text-serif-m layout-padded\">Det har ikke fratatt ham lysten for mer spill for landet sitt. Neymar er Brasils toppscorer gjennom alle tider med sine 79 scoringer p\u00e5 128 kamper, men har ikke spilt p\u00e5 landslaget siden oktober 2023. <\/p>\n<p class=\"_paragraph_o9xde_4 _paragraph_xtcu6_10 layout-component text-serif-m layout-normal text-serif-m layout-padded\">Landslagssjef Carlo Ancelotti har sagt at Neymar m\u00e5 v\u00e6re fullstendig skadefri f\u00f8r han kan returnere til landslaget igjen.<\/p>\n<p class=\"_paragraph_o9xde_4 _paragraph_xtcu6_10 layout-component text-serif-m layout-normal text-serif-m layout-padded\">Brasil er havnet i gruppe C i VM-sluttspillet i USA, Canada og Mexico til sommeren. Der skal de opp mot Skottland, Marokko og Haiti.<\/p>\n","protected":false},"excerpt":{"rendered":"Tross nylige skadeproblemer lever Neymar (33) fortsatt i troen p\u00e5 at han blir kalt inn i troppen til&hellip;\n","protected":false},"author":2,"featured_media":130877,"comment_status":"","ping_status":"","sticky":false,"template":"","format":"standard","meta":{"footnotes":""},"categories":[59],"tags":[30,28,29,83,82],"class_list":{"0":"post-130876","1":"post","2":"type-post","3":"status-publish","4":"format-standard","5":"has-post-thumbnail","7":"category-sport","8":"tag-no","9":"tag-norge","10":"tag-norway","11":"tag-sport","12":"tag-sports"},"share_on_mastodon":{"url":"https:\/\/pubeurope.com\/@no\/115852750898498875","error":""},"_links":{"self":[{"href":"https:\/\/www.europesays.com\/no\/wp-json\/wp\/v2\/posts\/130876","targetHints":{"allow":["GET"]}}],"collection":[{"href":"https:\/\/www.europesays.com\/no\/wp-json\/wp\/v2\/posts"}],"about":[{"href":"https:\/\/www.europesays.com\/no\/wp-json\/wp\/v2\/types\/post"}],"author":[{"embeddable":true,"href":"https:\/\/www.europesays.com\/no\/wp-json\/wp\/v2\/users\/2"}],"replies":[{"embeddable":true,"href":"https:\/\/www.europesays.com\/no\/wp-json\/wp\/v2\/comments?post=130876"}],"version-history":[{"count":0,"href":"https:\/\/www.europesays.com\/no\/wp-json\/wp\/v2\/posts\/130876\/revisions"}],"wp:featuredmedia":[{"embeddable":true,"href":"https:\/\/www.europesays.com\/no\/wp-json\/wp\/v2\/media\/130877"}],"wp:attachment":[{"href":"https:\/\/www.europesays.com\/no\/wp-json\/wp\/v2\/media?parent=130876"}],"wp:term":[{"taxonomy":"category","embeddable":true,"href":"https:\/\/www.europesays.com\/no\/wp-json\/wp\/v2\/categories?post=130876"},{"taxonomy":"post_tag","embeddable":true,"href":"https:\/\/www.europesays.com\/no\/wp-json\/wp\/v2\/tags?post=130876"}],"curies":[{"name":"wp","href":"https:\/\/api.w.org\/{rel}","templated":true}]}}