{"id":130884,"date":"2026-01-07T08:09:10","date_gmt":"2026-01-07T08:09:10","guid":{"rendered":"https:\/\/www.europesays.com\/no\/130884\/"},"modified":"2026-01-07T08:09:10","modified_gmt":"2026-01-07T08:09:10","slug":"unn-har-klart-a-fa-ned-ventelistene","status":"publish","type":"post","link":"https:\/\/www.europesays.com\/no\/130884\/","title":{"rendered":"UNN har klart \u00e5 f\u00e5 ned ventelistene"},"content":{"rendered":"\n<ul class=\"_list_o9xde_3 _list_64s2r_85 _unordered_o9xde_106 text-sans-m\">\n<li class=\"_item_o9xde_30\">UNN har tidligere hatt store fristbruddkostnader og lange ventelister.<\/li>\n<li class=\"_item_o9xde_30\">UNN har n\u00e5 f\u00e5tt kontroll, redusert ventelister og kuttet fristbruddkostnadene betydelig.<\/li>\n<li class=\"_item_o9xde_30\">Helseministeren roser snuoperasjonen, som har spart sykehuset millionbel\u00f8p.<\/li>\n<li class=\"_item_o9xde_30\">\u00d8kokrim etterforsker \u00f8konomiske skandaler knyttet til fristbruddordningen.<\/li>\n<\/ul>\n<p>Vis mer <\/p>\n<p class=\"_paragraph_o9xde_4 _paragraph_xtcu6_10 layout-component text-serif-m layout-normal text-serif-m layout-padded\">UNNUNNUniversitetssykehuset i Nord-Norge klarte ikke \u00e5 levere helsetjenester innenfor fristen. Det kostet dem hundrevis av millioner kroner i \u00f8kte utgifter \u2013 i tillegg til lengre ventelister. <\/p>\n<p class=\"_paragraph_o9xde_4 _paragraph_xtcu6_10 layout-component text-serif-m layout-normal text-serif-m layout-padded\">Helseministeren bes\u00f8ker UNN, og er fra seg av begeistring over snuoperasjonen. <\/p>\n<p><img alt=\"\" class=\"_image_qp4xg_65 layout-component layout-normal\" data-fullscreen- data-track-element-type=\"Article image fullscreen\" data-track-name=\"ImageFullscreen\" decoding=\"async\" loading=\"lazy\" height=\"5480\" itemprop=\"image\"  src=\"https:\/\/www.europesays.com\/no\/wp-content\/uploads\/2026\/01\/95997c51-020c-46fd-abdf-44f6122a3867.jpeg\"  style=\"object-position:0% 0%\" width=\"6168\"\/><\/p>\n<p class=\"_paragraph_o9xde_4 _paragraph_xtcu6_10 layout-component text-serif-m layout-normal text-serif-m layout-padded\">Han forteller at han i Helsedepartementet har et \u00abtrafikklyssystem\u00bb med r\u00f8dt, gult og gr\u00f8nt lys for ventelistene til de ulike sykehusene i landet. <\/p>\n<p class=\"_paragraph_o9xde_4 _paragraph_xtcu6_10 layout-component text-serif-m layout-normal text-serif-m layout-padded\">Der har UNN blinket r\u00f8dt, fram til i h\u00f8st. <\/p>\n<p class=\"_paragraph_o9xde_4 _paragraph_xtcu6_10 layout-component text-serif-m layout-normal text-serif-m layout-padded\">\u2013 N\u00e5 er det i snitt gr\u00f8nt over hele linjen for f\u00f8rste gang. Det er utrolig imponerende, sier han.<\/p>\n<p class=\"_paragraph_o9xde_4 _paragraph_xtcu6_10 layout-component text-serif-m layout-normal text-serif-m layout-padded\">\u2013 Det er\u00a0om lag 2500 f\u00e6rre pasienter\u00a0som venter, alts\u00e5 som st\u00e5r i den s\u00e5kalte helsek\u00f8en.<\/p>\n<p class=\"_paragraph_o9xde_4 _paragraph_xtcu6_10 layout-component text-serif-m layout-normal text-serif-m layout-padded\">I november i 2024 var det 20,8 mill. kroner i fristbruddskostnader ved UNN. I november i \u00e5r er tallet nede p\u00e5 1,3 mill. kroner. Over hele \u00e5ret ligger det an til at UNN sparer omtrent 90 millioner kroner, fordi de behandler pasienter selv \u2013 i henhold til tidsfristen i loven.<\/p>\n<p>Skandale-ordning<\/p>\n<p class=\"_paragraph_o9xde_4 _paragraph_xtcu6_10 layout-component text-serif-m layout-normal text-serif-m layout-padded\">Fristbruddordningen gjenstand for \u00f8konomiske skandaler det siste \u00e5ret.<\/p>\n<p>Fristbrudd-ordningen veldig kort forklart<\/p>\n<p class=\"_paragraph_o9xde_4 _paragraph_xtcu6_10 _paragraph_16v91_10 layout-component text-serif-m layout-normal text-sans-m layout-padded\">Om ikke spesialisthelsetjenesten s\u00f8rger for at en pasient f\u00e5r helsehjelpen p\u00e5begynt innen en fastsatt tidsfrist, s\u00e5 har pasienten rett til \u00e5 f\u00e5 behandling med en gang hos en privat akt\u00f8r.<\/p>\n<p>Vis mer<\/p>\n<p class=\"_paragraph_o9xde_4 _paragraph_xtcu6_10 layout-component text-serif-m layout-normal text-serif-m layout-padded\"><a href=\"https:\/\/www.nordlys.no\/slik-hentet-private-ut-800-millioner-fra-nordnorske-sykehus-helt-ute-av-kontroll\/f\/5-32-201781\" class=\"_link_o9xde_39\" rel=\"nofollow noopener\" target=\"_blank\">Avisa Nordlys<\/a> i Troms\u00f8 avsl\u00f8rte i fjor grove svakheter i ordningen \u2013 manglende kontroll, skyh\u00f8ye fakturaer \u2013 og at sykehusene ikke hadde mulighet til \u00e5 kontrollere tjenestene som ble gitt til pasienter. <\/p>\n<p><img alt=\"\" class=\"_image_qp4xg_65 layout-component layout-normal\" data-fullscreen- data-track-element-type=\"Article image fullscreen\" data-track-name=\"ImageFullscreen\" decoding=\"async\" loading=\"lazy\" height=\"5365\" itemprop=\"image\"  src=\"https:\/\/www.europesays.com\/no\/wp-content\/uploads\/2026\/01\/f0840b54-d283-4135-bf30-2703693045b6.jpeg\"  style=\"object-position:0% 0%\" width=\"5365\"\/><\/p>\n<p class=\"_paragraph_o9xde_4 _paragraph_xtcu6_10 layout-component text-serif-m layout-normal text-serif-m layout-padded\">Avsl\u00f8ringene har f\u00f8rt til at \u00d8kokrim har aksjonert mot ett av selskapene som har tilbudt tjenester gjennom fristbruddordnignen \u2013 Spesialistlegene AS. Den daglige lederen i selskapet, Miriam Angell, er siktet for bedrageri av hundretalls millioner kroner fra Nordlandssykehuset og Universitetssykehuset i Nord-Norge.<\/p>\n<p class=\"_paragraph_o9xde_4 _paragraph_xtcu6_10 layout-component text-serif-m layout-normal text-serif-m layout-padded\">\u2013 Gitt hvordan denne saken har blitt fremstilt av Helse Nord og media, ser vi frem til at saken blir opplyst. Min klient har svart p\u00e5 de sp\u00f8rsm\u00e5l som er stilt og vil fortsette \u00e5 bidra til \u00e5 gi et korrekt bilde av saken, sa Angells forsvarer Caterina H\u00e5land Gaeta til VG i november.<\/p>\n<p>\u2013 Burde v\u00e6rt avdekket<\/p>\n<p class=\"_paragraph_o9xde_4 _paragraph_xtcu6_10 layout-component text-serif-m layout-normal text-serif-m layout-padded\">Dermed g\u00e5r det mot at saken skal g\u00e5 sin gang i rettsvesenet.<\/p>\n<p class=\"_paragraph_o9xde_4 _paragraph_xtcu6_10 layout-component text-serif-m layout-normal text-serif-m layout-padded\">\u2013 Det er veldig alvorlige anklager, og store bel\u00f8p. Dette er jo fellesskapets midler, som skal g\u00e5 til gode helsetjenester. De skal ikke g\u00e5 til noe annet. N\u00e5 er dette en er jo en sak som skal g\u00e5 i rettssystemet, s\u00e5 jeg f\u00e5r v\u00e6re forsiktig med \u00e5 uttale meg om denne saken konkret. Men det er en sv\u00e6rt alvorlig sak, sier Vestre.<\/p>\n<p><img alt=\"\" class=\"_image_qp4xg_65 layout-component layout-normal\" data-fullscreen- data-track-element-type=\"Article image fullscreen\" data-track-name=\"ImageFullscreen\" decoding=\"async\" loading=\"lazy\" height=\"5442\" itemprop=\"image\"  src=\"https:\/\/www.europesays.com\/no\/wp-content\/uploads\/2026\/01\/1a9b7dfd-401c-45ab-bfdc-bb4c4f374120.jpeg\"  style=\"object-position:0% 0%\" width=\"5442\"\/><\/p>\n<p class=\"_paragraph_o9xde_4 _paragraph_xtcu6_10 layout-component text-serif-m layout-normal text-serif-m layout-padded\">\u2013 Hva tenker du om at det ikke var dere, men avisen Nordlys som avdekket dette?<\/p>\n<p class=\"_paragraph_o9xde_4 _paragraph_xtcu6_10 layout-component text-serif-m layout-normal text-serif-m layout-padded\">\u2013 Jeg er glad for en granskende presse, men dette burde v\u00e5re systemer ha avdekket. \u00c5penbart. <\/p>\n<p>Fakturerte for glemt Rubiks kube<\/p>\n<p class=\"_paragraph_o9xde_4 _paragraph_xtcu6_10 layout-component text-serif-m layout-normal text-serif-m layout-padded\">En <a href=\"https:\/\/www.nord24.no\/avslorer-gjennomgaende-overfakturering-apner-for-gransking-av-private-leger-og-psykologer\/s\/5-32-224596\" class=\"_link_o9xde_39\" rel=\"nofollow noopener\" target=\"_blank\">tilsynsrapport<\/a> utarbeidet for Statsforvalteren i Nordland slo fast at selskapet gjennomg\u00e5ende har overfakturert ved behandling av pasienter. De trekker fram at selskapet blant annet har fakturert \u00e9n times arbeid, fordi en mor til en pasient ringte for \u00e5 sp\u00f8rre om s\u00f8nnen hadde glemt en Rubiks kube etter behandling. <\/p>\n<p class=\"_paragraph_o9xde_4 _paragraph_xtcu6_10 layout-component text-serif-m layout-normal text-serif-m layout-padded\">Vestre rister p\u00e5 hodet av eksempelet.<\/p>\n<p class=\"_paragraph_o9xde_4 _paragraph_xtcu6_10 layout-component text-serif-m layout-normal text-serif-m layout-padded\">\u2013 S\u00e5nne type eksempler viser jo at det har v\u00e6rt for d\u00e5rlig kontroll og for d\u00e5rlig styring. <\/p>\n<p class=\"_paragraph_o9xde_4 _paragraph_xtcu6_10 layout-component text-serif-m layout-normal text-serif-m layout-padded\">Han forteller regjeringen ogs\u00e5 har endret hvem som skal ha ansvar for fristbrudd-kontraktene med de private akt\u00f8rene. Det blir slutt p\u00e5 at Helfo \u2013 en statlig etat, skal ha kontrakt og kontroll med behandlingen pasientene f\u00e5r gjennom fristbrudd-ordningen. <\/p>\n<p class=\"_paragraph_o9xde_4 _paragraph_xtcu6_10 layout-component text-serif-m layout-normal text-serif-m layout-padded\">\u2013 Vi flytter det til de regionale helseforetakene. Da tror vi at vi f\u00e5r bedre faglig kontroll, for de er n\u00e6rmere \u00e5 kunne vurdere hva som er faglig riktig. <\/p>\n<p><img alt=\"\" class=\"_image_qp4xg_65 layout-component layout-normal\" data-fullscreen- data-track-element-type=\"Article image fullscreen\" data-track-name=\"ImageFullscreen\" decoding=\"async\" loading=\"lazy\" height=\"5408\" itemprop=\"image\"  src=\"https:\/\/www.europesays.com\/no\/wp-content\/uploads\/2026\/01\/e844c043-91b4-43d3-a685-0693be8e8b8b.jpeg\"  style=\"object-position:0% 0%\" width=\"6994\"\/>Vil beholde ordningen<\/p>\n<p class=\"_paragraph_o9xde_4 _paragraph_xtcu6_10 layout-component text-serif-m layout-normal text-serif-m layout-padded\">Til tross for at ordningen har hatt omfattende mangler, mener Vestre at det er viktig at den best\u00e5r.<\/p>\n<p class=\"_paragraph_o9xde_4 _paragraph_xtcu6_10 layout-component text-serif-m layout-normal text-serif-m layout-padded\">\u2013 Fristbruddordningen er en veldig viktig pasientrettighet, og den har vi tenkt \u00e5 beholde.<\/p>\n<p class=\"_paragraph_o9xde_4 _paragraph_xtcu6_10 layout-component text-serif-m layout-normal text-serif-m layout-padded\">\u2013 Hvis vi setter en frist, og vi ikke klarer \u00e5 levere p\u00e5 den, s\u00e5 skulle det bare mangle at pasienten f\u00e5r hjelp et annet sted. Men vi m\u00e5 ha kontroll p\u00e5 at pengene g\u00e5r til behandling.<\/p>\n<p class=\"_paragraph_o9xde_4 _paragraph_xtcu6_10 layout-component text-serif-m layout-normal text-serif-m layout-padded\">Han erkjenner likevel at det har v\u00e6rt omfattende mangler og feil med ordningen.<\/p>\n<p class=\"_paragraph_o9xde_4 _paragraph_xtcu6_10 layout-component text-serif-m layout-normal text-serif-m layout-padded\">\u2013 Ordningen har ikke fungert helt optimalt. Det har v\u00e6rt for d\u00e5rlig kontroll p\u00e5 kostnader og kvalitet og uklare ansvarsforhold.<\/p>\n<p>Roser de ansatte<\/p>\n<p class=\"_paragraph_o9xde_4 _paragraph_xtcu6_10 layout-component text-serif-m layout-normal text-serif-m layout-padded\">UNN-direkt\u00f8r David Johansen sier det er de ansatte som skal ha \u00e6ren for at sykehuset har klart \u00e5 kutte kostnadene. <\/p>\n<p class=\"_paragraph_o9xde_4 _paragraph_xtcu6_10 layout-component text-serif-m layout-normal text-serif-m layout-padded\">\u2013 N\u00e5 begynner vi \u00e5 f\u00e5 bedre og bedre kontroll p\u00e5 den daglige driften i UNN, men vi har fortsatt et stort etterslep p\u00e5 vedlikehold og investering i medisinteknisk utstyr.<\/p>\n<p><img alt=\"\" class=\"_image_qp4xg_65 layout-component layout-normal\" data-fullscreen- data-track-element-type=\"Article image fullscreen\" data-track-name=\"ImageFullscreen\" decoding=\"async\" loading=\"lazy\" height=\"5225\" itemprop=\"image\"  src=\"https:\/\/www.europesays.com\/no\/wp-content\/uploads\/2026\/01\/573ebc9e-4a84-4be5-a542-ad9d3828df1d.jpeg\"  style=\"object-position:0% 0%\" width=\"5225\"\/><\/p>\n<p class=\"_paragraph_o9xde_4 _paragraph_xtcu6_10 layout-component text-serif-m layout-normal text-serif-m layout-padded\">Han sier det har lyktes med snuoperasjonen ved \u00e5 \u00f8ke kapasiteten: <\/p>\n<p class=\"_paragraph_o9xde_4 _paragraph_xtcu6_10 layout-component text-serif-m layout-normal text-serif-m layout-padded\">\u2013 S\u00e6rlig innen psykisk helse og rus. Det er jo der de store summen er, sier direkt\u00f8ren.<\/p>\n<p class=\"_paragraph_o9xde_4 _paragraph_xtcu6_10 layout-component text-serif-m layout-normal text-serif-m layout-padded\">\u2013 Hvorfor har dere ikke tatt grep tidligere, n\u00e5r det har v\u00e6rt s\u00e5pass store summer \u00e5 spare?<\/p>\n<p class=\"_paragraph_o9xde_4 _paragraph_xtcu6_10 layout-component text-serif-m layout-normal text-serif-m layout-padded\">\u2013 \u00c5 bygge opp egen kapasitet har tatt tid. I tillegg har det v\u00e6rt utfordringer med mangel p\u00e5 fagfolk. Og vi har fremdeles en jobb \u00e5 gj\u00f8re.<\/p>\n<p><img alt=\"\" class=\"_image_qp4xg_65 layout-component layout-normal\" data-fullscreen- data-track-element-type=\"Article image fullscreen\" data-track-name=\"ImageFullscreen\" decoding=\"async\" loading=\"lazy\" height=\"5481\" itemprop=\"image\"  src=\"https:\/\/www.europesays.com\/no\/wp-content\/uploads\/2026\/01\/0e362ebf-b1cc-4569-aeac-9e1c5464a7da.jpeg\"  style=\"object-position:0% 0%\" width=\"6161\"\/>    <\/p>\n","protected":false},"excerpt":{"rendered":"UNN har tidligere hatt store fristbruddkostnader og lange ventelister. UNN har n\u00e5 f\u00e5tt kontroll, redusert ventelister og kuttet&hellip;\n","protected":false},"author":2,"featured_media":130885,"comment_status":"","ping_status":"","sticky":false,"template":"","format":"standard","meta":{"footnotes":""},"categories":[10],"tags":[20,21,24,25,15,1511,22,23,13,30,28,281,29,14,16,26,27,5250,1995,205],"class_list":{"0":"post-130884","1":"post","2":"type-post","3":"status-publish","4":"format-standard","5":"has-post-thumbnail","7":"category-norge","8":"tag-breaking-news","9":"tag-breakingnews","10":"tag-featured-news","11":"tag-featurednews","12":"tag-headlines","13":"tag-jan-christian-vestre","14":"tag-latest-news","15":"tag-latestnews","16":"tag-news","17":"tag-no","18":"tag-norge","19":"tag-norsk-politikk","20":"tag-norway","21":"tag-nyheter","22":"tag-overskrifter","23":"tag-top-stories","24":"tag-topstories","25":"tag-unn","26":"tag-vghelseoglivet","27":"tag-vgsamfunn"},"share_on_mastodon":{"url":"https:\/\/pubeurope.com\/@no\/115852801635754904","error":""},"_links":{"self":[{"href":"https:\/\/www.europesays.com\/no\/wp-json\/wp\/v2\/posts\/130884","targetHints":{"allow":["GET"]}}],"collection":[{"href":"https:\/\/www.europesays.com\/no\/wp-json\/wp\/v2\/posts"}],"about":[{"href":"https:\/\/www.europesays.com\/no\/wp-json\/wp\/v2\/types\/post"}],"author":[{"embeddable":true,"href":"https:\/\/www.europesays.com\/no\/wp-json\/wp\/v2\/users\/2"}],"replies":[{"embeddable":true,"href":"https:\/\/www.europesays.com\/no\/wp-json\/wp\/v2\/comments?post=130884"}],"version-history":[{"count":0,"href":"https:\/\/www.europesays.com\/no\/wp-json\/wp\/v2\/posts\/130884\/revisions"}],"wp:featuredmedia":[{"embeddable":true,"href":"https:\/\/www.europesays.com\/no\/wp-json\/wp\/v2\/media\/130885"}],"wp:attachment":[{"href":"https:\/\/www.europesays.com\/no\/wp-json\/wp\/v2\/media?parent=130884"}],"wp:term":[{"taxonomy":"category","embeddable":true,"href":"https:\/\/www.europesays.com\/no\/wp-json\/wp\/v2\/categories?post=130884"},{"taxonomy":"post_tag","embeddable":true,"href":"https:\/\/www.europesays.com\/no\/wp-json\/wp\/v2\/tags?post=130884"}],"curies":[{"name":"wp","href":"https:\/\/api.w.org\/{rel}","templated":true}]}}