{"id":130886,"date":"2026-01-07T08:11:06","date_gmt":"2026-01-07T08:11:06","guid":{"rendered":"https:\/\/www.europesays.com\/no\/130886\/"},"modified":"2026-01-07T08:11:06","modified_gmt":"2026-01-07T08:11:06","slug":"tv-2-erfarer-jaktet-av-sarpsborg-og-brann","status":"publish","type":"post","link":"https:\/\/www.europesays.com\/no\/130886\/","title":{"rendered":"TV 2 erfarer: Jaktet av Sarpsborg og Brann"},"content":{"rendered":"<p>Onsdag omtales V\u00e5lerenga-interessen f\u00f8rst av danske <a href=\"https:\/\/www.tipsbladet.dk\/nyhed\/skandinavien\/afsloering-magnus-westergaard-taet-paa-vaalerenga\" rel=\"nofollow noopener\" target=\"_blank\">Tipsbladet<\/a>.<\/p>\n<p>Det stemmer overens med TV 2s opplysninger.<\/p>\n<p>Slik TV 2 forst\u00e5r det, er 27-\u00e5ringen \u2013 som er en dansk midtbanespiller \u2013 ventet \u00e5 gjennomf\u00f8re en medisinsk test med V\u00e5lerenga i l\u00f8pet av de neste 48 timene.<\/p>\n<p>Best\u00e5r han den, blir han Joacim Jonssons f\u00f8rste signering denne vinteren.<\/p>\n<p>Jaktet av flere<\/p>\n<p>Den svenske sportssjefen har nemlig overbevist Westergaard om at V\u00e5lerengas prosjekt er det riktige for hans del.<\/p>\n<p class=\"bold m-bold\" data-lab-font_weight=\"bold\">Sarpsborg 08 og Brann, samt danske OB, har nemlig v\u00e6rt i dialog med Westergaard om hans tjenester, men n\u00e5 har valget falt ned p\u00e5 Oslo som neste stoppested.<\/p>\n<p>Magnus Westergaard signeres fra den engelske klubben Wycombe Wanderers, dit han ble hentet for ett \u00e5r siden for rundt 12 millioner kroner.<\/p>\n<p>Dit ble han hentet etter \u00e5 ha gjort det sv\u00e6rt godt for danske Viborg i forkant.\u00a0<\/p>\n<p>Wycombe holder til i League 1, der Westergaard st\u00e5r med 377 spilleminutter hittil denne sesongen.<\/p>\n<p>N\u00e5 hentes han til V\u00e5lerenga p\u00e5 en permanent overgang om resten av detaljene faller p\u00e5 plass.<\/p>\n","protected":false},"excerpt":{"rendered":"Onsdag omtales V\u00e5lerenga-interessen f\u00f8rst av danske Tipsbladet. Det stemmer overens med TV 2s opplysninger. Slik TV 2 forst\u00e5r&hellip;\n","protected":false},"author":2,"featured_media":130887,"comment_status":"","ping_status":"","sticky":false,"template":"","format":"standard","meta":{"footnotes":""},"categories":[59],"tags":[30,28,29,83,82],"class_list":{"0":"post-130886","1":"post","2":"type-post","3":"status-publish","4":"format-standard","5":"has-post-thumbnail","7":"category-sport","8":"tag-no","9":"tag-norge","10":"tag-norway","11":"tag-sport","12":"tag-sports"},"share_on_mastodon":{"url":"https:\/\/pubeurope.com\/@no\/115852809511851949","error":""},"_links":{"self":[{"href":"https:\/\/www.europesays.com\/no\/wp-json\/wp\/v2\/posts\/130886","targetHints":{"allow":["GET"]}}],"collection":[{"href":"https:\/\/www.europesays.com\/no\/wp-json\/wp\/v2\/posts"}],"about":[{"href":"https:\/\/www.europesays.com\/no\/wp-json\/wp\/v2\/types\/post"}],"author":[{"embeddable":true,"href":"https:\/\/www.europesays.com\/no\/wp-json\/wp\/v2\/users\/2"}],"replies":[{"embeddable":true,"href":"https:\/\/www.europesays.com\/no\/wp-json\/wp\/v2\/comments?post=130886"}],"version-history":[{"count":0,"href":"https:\/\/www.europesays.com\/no\/wp-json\/wp\/v2\/posts\/130886\/revisions"}],"wp:featuredmedia":[{"embeddable":true,"href":"https:\/\/www.europesays.com\/no\/wp-json\/wp\/v2\/media\/130887"}],"wp:attachment":[{"href":"https:\/\/www.europesays.com\/no\/wp-json\/wp\/v2\/media?parent=130886"}],"wp:term":[{"taxonomy":"category","embeddable":true,"href":"https:\/\/www.europesays.com\/no\/wp-json\/wp\/v2\/categories?post=130886"},{"taxonomy":"post_tag","embeddable":true,"href":"https:\/\/www.europesays.com\/no\/wp-json\/wp\/v2\/tags?post=130886"}],"curies":[{"name":"wp","href":"https:\/\/api.w.org\/{rel}","templated":true}]}}