{"id":130890,"date":"2026-01-07T08:15:08","date_gmt":"2026-01-07T08:15:08","guid":{"rendered":"https:\/\/www.europesays.com\/no\/130890\/"},"modified":"2026-01-07T08:15:08","modified_gmt":"2026-01-07T08:15:08","slug":"hun-er-professoren-alle-vil-snakke-med-denne-uka-goy-og-slitsomt","status":"publish","type":"post","link":"https:\/\/www.europesays.com\/no\/130890\/","title":{"rendered":"Hun er professoren \u00aballe\u00bb vil snakke med denne uka: \u2014 G\u00f8y og slitsomt"},"content":{"rendered":"<p>Det er g\u00e5tt fire dager siden USAs angrep i Venezuela, men p\u00e5 Senter for global b\u00e6rekraft ryker det enn\u00e5 av Benedicte Bull, Norges fremste Venezuela-ekspert som du helt sikkert har sett og h\u00f8rt de siste<br \/>\ndagene. I nyhetssendinger, debattprogrammer, i podkaster, radio \u2014 overalt i<br \/>\naktualitetsbildet, egentlig.<\/p>\n<p class=\"kicker \">Travle timer<\/p>\n<p>        Benedicte Bulls kalender<\/p>\n<p>Khrono ba Benedicte Bull rekonstruksjon de to f\u00f8rste dagene etter at Venezuelas president ble bortf\u00f8rt. Hun har oversikt over l\u00f8rdag og s\u00f8ndag. Mandagen inneholdt for mange punkter til at hun klarte rekonstruere:.<\/p>\n<p class=\"font-weight-bold m-font-weight-bold\" data-lab-font_weight=\"font-weight-bold\">L\u00f8rdag<\/p>\n<ul>\n<li class=\"lab-bodytext-line\">7.30. Masse meldinger p\u00e5 WhatApp om angrepet<\/li>\n<li class=\"lab-bodytext-line\">8.45 NRK<br \/>\nintervju til nettsak <\/li>\n<li class=\"lab-bodytext-line\">9.03 Dagblad<br \/>\nintervju <\/li>\n<li class=\"lab-bodytext-line\">9.07 NRK<br \/>\nringer og avtaler om videre sendinger<\/li>\n<li class=\"lab-bodytext-line\">9.13 TV2<br \/>\nringer om videre sendinger<\/li>\n<li class=\"lab-bodytext-line\">10.00<br \/>\nDirekte intervju TV2 nyhetskanalen hjemmefra <\/li>\n<li class=\"lab-bodytext-line\">10.15 Intervju<br \/>\nmed Dagbladet <\/li>\n<li class=\"lab-bodytext-line\">11.00 I<br \/>\nstudio p\u00e5 NRK <\/li>\n<li class=\"lab-bodytext-line\">11.15<br \/>\nIntervju med Aftenposten<\/li>\n<li class=\"lab-bodytext-line\">11.44<br \/>\nIntervju med VG<\/li>\n<li class=\"lab-bodytext-line\">12.00<br \/>\nUkeslutt NRK<\/li>\n<li class=\"lab-bodytext-line\">12.30<br \/>\nOppm\u00f8te hos TV2<\/li>\n<li class=\"lab-bodytext-line\">13.30<br \/>\nIntervju med NTB<\/li>\n<li class=\"lab-bodytext-line\">17.30<br \/>\nIntervju med Aftenposten om pressekonferansen <\/li>\n<li class=\"lab-bodytext-line\">18.00<br \/>\nOppm\u00f8te TV2 studio for kveldssending <\/li>\n<li class=\"lab-bodytext-line\">19.00<br \/>\nDagsrevyen <\/li>\n<\/ul>\n<p>\u00a0S\u00f8ndag<\/p>\n<ul>\n<li class=\"lab-bodytext-line\">8.15 Oppm\u00f8te TV 2, p\u00e5<br \/>\nfra 8.30<\/li>\n<li class=\"lab-bodytext-line\">8.40 Oppm\u00f8te<br \/>\nHelgemorgen, NRK. Mannen min kj\u00f8rte som et svin, jeg kom litt for seint men<br \/>\nrakk programmet<\/li>\n<li class=\"lab-bodytext-line\">9.20 Opptak til<br \/>\nformiddagssending<\/li>\n<li class=\"lab-bodytext-line\">9.30<br \/>\nOpptak til Oppdatert podcast NRK<\/li>\n<li class=\"lab-bodytext-line\">10.30<br \/>\nIntervju med VG<\/li>\n<li class=\"lab-bodytext-line\">11. 40<br \/>\nIntervju med Dagbladet <\/li>\n<li class=\"lab-bodytext-line\">12.00 Opptak til<br \/>\nForklart podcast Aftenposten<\/li>\n<li class=\"lab-bodytext-line\">13.34 Intervju med Nettavisen\n<\/li>\n<li class=\"lab-bodytext-line\">20.00 Intervju med Dagbladet\n<\/li>\n<\/ul>\n<p>N\u00e5 g\u00e5r det i et bankende kj\u00f8r for professoren som en gang i<br \/>\ntida s\u00f8kte seg mot journalistikken for \u00e5 f\u00e5 litt action i tilv\u00e6relsen, men som<br \/>\nfant sin plass i akademia i stedet. Men sannelig smeller det ogs\u00e5 her. Khrono<br \/>\nm\u00f8ter henne p\u00e5 senteret, som er en del av Universitetet i Oslo, hvor hun har<br \/>\njobbet siden 1997.<\/p>\n<p>Venezuela har v\u00e6rt i nyhetsbildet i noen m\u00e5neder n\u00e5, etter at opposisjonsleder Mar\u00eda Corina Machado ble tildelt Nobels fredspris, men det<br \/>\nvar f\u00f8rst i helga det tok av for Bulls del.<\/p>\n<p>        <a itemprop=\"url\" class=\"\" href=\"https:\/\/www.khrono.no\/det-er-ingen-grunn-til-a-tro-at-vi-uten-videre-kan-stole-pa-universitetene-i-krisetider\/1024231\" data-k5a-url=\"https:\/\/www.khrono.no\/a\/1024231\" rel=\"nofollow noopener\" target=\"_blank\"><\/p>\n<p>\nGeopolitikk\n<\/p>\n<p>            \u2014 Det er ingen grunn til \u00e5 tro at vi uten videre kan stole p\u00e5 universitetene i krisetider<\/p>\n<p>        <\/a><\/p>\n<p>Travelt!<\/p>\n<p>\u2014\u00a0I dag startet jeg klokka 07 hos God Morgen Norge p\u00e5<br \/>\nTV2, og videre ogs\u00e5 til Nyhetskanalen for en sending der. Og s\u00e5 er det \u2026<\/p>\n<p>Pling!<\/p>\n<p>Professoren ser ned p\u00e5 sin hardt pr\u00f8vede telefon.<\/p>\n<p>\u2014\u00a0Jeg er nesten n\u00f8dt til \u00e5 svare Dagsnytt 18, sier hun<br \/>\nog taster. Ja, hun kan komme for \u00e5 snakke om hvorfor fredsprisen til Maria<br \/>\nCorina Machado i desember ikke var en altfor god id\u00e9.<\/p>\n<p>\u2014\u00a0Og s\u00e5 skal jeg p\u00e5 en podkastinnspilling n\u00e5 i etterm\u2026<\/p>\n<p>Pling!<\/p>\n<p>\u2014\u00a0Beklager, jeg m\u00e5 bare svare p\u00e5 denne.<\/p>\n<p>        <a itemprop=\"url\" class=\"\" href=\"https:\/\/www.khrono.no\/han-er-norsk-professor-i-usa-og-meir-uroleg-enn-dei-fleste\/1019478\" data-k5a-url=\"https:\/\/www.khrono.no\/a\/1019478\" rel=\"nofollow noopener\" target=\"_blank\"><\/p>\n<p>\ngeopolitikk\n<\/p>\n<p>            Han er norsk professor i USA \u2014 og meir uroleg enn dei fleste<\/p>\n<p>        <\/a><\/p>\n<p>Avbrutte planer<\/p>\n<p>Da de f\u00f8rste nyhetsmeldingene kom inn om USAs angrep tidlig<br \/>\nl\u00f8rdag morgen, l\u00e5 Benedicte Bull og sov, og v\u00e5knet av seg selv i halv<br \/>\n\u00e5tte-tiden. Det f\u00f8rste hun oppdaget p\u00e5 telefonen, var et ragnarok av<br \/>\nWhatsApp-meldinger.<\/p>\n<p>\u2014\u00a0Jeg tenkte: \u00abHerregud, hva er det som skjer n\u00e5? Er<br \/>\ndette angrepet vi har ventet p\u00e5?\u00bb Og det var det jo. Det var meldinger fra<br \/>\nmange ulike kanter, spesielt fra venzuelanere som bor andre steder enn i<br \/>\nVenezuela.<\/p>\n<p class=\"italic m-italic\" data-lab-italic=\"italic\">\u2014\u00a0Og deretter?<\/p>\n<p>\u2014\u00a0Jeg tenkte at det sikkert kom til \u00e5 ringe<br \/>\njournalister, s\u00e5 jeg kom meg bort p\u00e5 treningssenteret, og s\u00e5 var planen at jeg<br \/>\nkunne snakke med dem der. Jeg kom meg s\u00e5 vidt opp p\u00e5 tredem\u00f8lla, f\u00f8r det bare<br \/>\nbegynte \u00e5 hagle med telefoner. Etter noen minutter ga jeg bare opp og gikk<br \/>\nhjem. S\u00e5 var det bare slag i slag i slag. Hele l\u00f8rdagen, hele s\u00f8ndagen og hele<br \/>\nmandagen.<\/p>\n<p>                <img decoding=\"async\" src=\"https:\/\/www.europesays.com\/no\/wp-content\/uploads\/2026\/01\/1027521.webp.jpeg\" width=\"480\" height=\"293\" title=\"\u2014 Beklager, jeg m\u00e5 bare svare p\u00e5 denne., sier Benedicte Bull.\" alt=\"Kvinne st\u00e5r foran skrivepult med PC og snakker i telefonen\" loading=\"lazy\" style=\"\"\/><\/p>\n<p>\n            \u2014 Beklager, jeg m\u00e5 bare svare p\u00e5 denne., sier Benedicte Bull.<br \/>\n            Sverre Gunnar Haga\n        <\/p>\n<p>        <a itemprop=\"url\" class=\"\" href=\"https:\/\/www.khrono.no\/krever-at-akademisk-frihet-blir-beskyttet-ved-lov\/1022349\" data-k5a-url=\"https:\/\/www.khrono.no\/a\/1022349\" rel=\"nofollow noopener\" target=\"_blank\"><\/p>\n<p>\nAkademisk friet\n<\/p>\n<p>            Krever at akademisk frihet blir beskyttet ved  lov<\/p>\n<p>        <\/a><\/p>\n<p>\u2014 Ingen pusekatt<\/p>\n<p>Intervensjonen natt til l\u00f8rdag var dramatisk nok, men da<br \/>\npressekonferansen med president Trump endelig fant sted ved 19-tida l\u00f8rdag<br \/>\nkveld, skj\u00f8nte Benedicte Bull at dette var noe mer enn bare en hit and<br \/>\nrun-aksjon fra amerikansk side. Der meldte Trump at USA ville ta over<br \/>\nstyringen av Venezuela.<\/p>\n<p>\u2014 Denne s\u00e5 jeg ikke komme. Det tror jeg heller ikke mange<br \/>\nandre gjorde.<\/p>\n<p>Bull forteller at som de fleste trodde ogs\u00e5 hun at<br \/>\namerikanerne var der for \u00e5 ta ut president Maduro, f\u00e5 bragt ham til USA og<br \/>\nstilt ham for retten der, som et slags trof\u00e9. Planen om \u00e5 bli v\u00e6rende i landet<br \/>\n\u2014 som ble annonsert p\u00e5 pressekonferansen \u2013 kom som et sjokk.<\/p>\n<p>\u2014\u00a0Og som om det ikke var nok, begynte denne nyheten om<br \/>\nVenezuelas visepresident Delcy Rodr\u00edguez \u00e5 sive ut, at hun hadde inng\u00e5tt avtale<br \/>\nmed USA om \u00e5 inng\u00e5 styringen. Det er ikke gode nyheter. Hun er virkelig ingen<br \/>\npusekatt, alts\u00e5. Det ser kanskje slik ut, men det er hun ikke.<\/p>\n<p class=\"italic m-italic\" data-lab-italic=\"italic\">\u2014\u00a0Hva kjennetegner henne?<\/p>\n<p>\u2014\u00a0Hun er en del av kjernen i regimet og har v\u00e6rt<br \/>\nsentral i strategiene de siste seks\u2013sju \u00e5rene. Samtidig har hun ikke full<br \/>\nkontroll over milit\u00e6ret. S\u00e5 hvordan dette skal styres i praksis, er helt<br \/>\nuklart.<\/p>\n<p>        <a itemprop=\"url\" class=\"\" href=\"https:\/\/www.khrono.no\/forskerflukt-fra-usa-ser-pa-det-som-en-mulighet\/957161\" data-k5a-url=\"https:\/\/www.khrono.no\/a\/957161\" rel=\"nofollow noopener\" target=\"_blank\"><\/p>\n<p>\nUSA\n<\/p>\n<p>            Forskerflukt fra USA: \u2014 Ser p\u00e5 det som en mulighet<\/p>\n<p>        <\/a><\/p>\n<p>Forfulgte akademikere<\/p>\n<p>Benedicte Bull har de siste dagene hatt kontakt med en<br \/>\nrekke venezuelanske venner og kolleger, b\u00e5de i Norge, resten av verden og ikke<br \/>\nminst de som befinner seg i hjemlandet. Hun forteller om stadig t\u00f8ffere tak for<br \/>\nakademikere der.<\/p>\n<p>\u2014 Situasjonen er blitt mye vanskeligere utover h\u00f8sten. Det<br \/>\ng\u00e5r ikke bare ut over opposisjonelle, men helt vanlige folk og i \u00f8kende grad<br \/>\nakademikere. Dagen f\u00f8r bombene falt, snakket jeg med min n\u00e6rmeste<br \/>\nsamarbeidspartner og medforfatter om hvordan f\u00e5 ham ut av Venezuela. Han har<br \/>\ng\u00e5tt i dekning etter trusler og etter at en venn av ham ble arrestert. Vi har skrevet<br \/>\nmange artikler sammen. Det er ikke alltid jeg har hatt anledning til \u00e5 dra dit,<br \/>\ns\u00e5 da er det han som har gjort datainnsamlingen der. <\/p>\n<p class=\"italic m-italic\" data-lab-italic=\"italic\">\u2014 Hva er det som har blitt vanskelig?<\/p>\n<p>\u2014 Frihet til \u00e5 ytre seg. En artikkel vi skrev sammen var<br \/>\ninne i en \u00abrevise and review\u00bb-runde, da han plutselig meldte: \u00abTa navnet mitt<br \/>\nbort fra alt. Det kan ikke st\u00e5 noe sted.\u00bb Det hadde blitt for farlig. Det er<br \/>\nblitt s\u00e5 mye verre. Akademikere har stort sett blitt behandlet annerledes enn<br \/>\njournalister og aktivister, med mindre de var veldig tett knyttet til<br \/>\nopposisjonen. Men n\u00e5 virker det som om hvem som helst kan bli tatt, sier<br \/>\nBenedicte Bull.<\/p>\n<p>        <a itemprop=\"url\" class=\"\" href=\"https:\/\/www.khrono.no\/styrk-stotten-til-fordrevne-forskere\/1015501\" data-k5a-url=\"https:\/\/www.khrono.no\/a\/1015501\" rel=\"nofollow noopener\" target=\"_blank\"><\/p>\n<p>\nDebatt \u25cf Salwa Suliman og Guro Nore Fl\u00f8gstad\n<\/p>\n<p>            Styrk st\u00f8tten til fordrevne forskere<\/p>\n<p>        <\/a><\/p>\n<p>Viktig for beredskapen<\/p>\n<p class=\"italic m-italic\" data-lab-italic=\"italic\">\u2014 Som forsker \u2013 er det du opplever n\u00e5 med dette<br \/>\nmediekj\u00f8ret et mareritt eller er det en dr\u00f8mmesituasjon?<\/p>\n<p>\u2014 Litt begge deler. Jeg synes faktisk det var vanskeligere \u00e5<br \/>\nh\u00e5ndtere situasjonen rundt fredsprisvinner Mar\u00eda Corina Machado tidligere.<br \/>\nFordi det var s\u00e5 mye f\u00f8lelser og konflikt, og fordi det ikke er to sider av<br \/>\ndenne saken \u2013 det er mange. \u00c5 f\u00e5 formidlet det, var utrolig vanskelig.<\/p>\n<p>\u2014 Derfor var jeg veldig glad for juleferien, da jeg kunne<br \/>\nlegge alt litt bak meg. S\u00e5 kom dette, da. N\u00e5 synes jeg det er b\u00e5de g\u00f8y og<br \/>\nslitsomt. Jeg liker at det skjer ting og har alltid likt \u00e5 forholde meg til<br \/>\nmedia.<\/p>\n<p>                <img decoding=\"async\" src=\"https:\/\/www.europesays.com\/no\/wp-content\/uploads\/2026\/01\/1027500.webp.jpeg\" width=\"480\" height=\"274\" title=\"P\u00e5 plass i TV2s studio p\u00e5 Lysaker i Oslo, kl 07 tirsdag morgen. To intervjuer i et jafs. F\u00f8rst p\u00e5 God Morgen Norge, deretter i Nyhetskanalen.\" alt=\"\" loading=\"lazy\" style=\"\"\/><\/p>\n<p>\n            P\u00e5 plass i TV2s studio p\u00e5 Lysaker i Oslo, kl 07 tirsdag morgen. To intervjuer i et jafs. F\u00f8rst p\u00e5 God Morgen Norge, deretter i Nyhetskanalen.<br \/>\n            TV2\n        <\/p>\n<p class=\"italic m-italic\" data-lab-italic=\"italic\">\u2014 Hva er det du liker med det?<\/p>\n<p>\u2014 Jeg synes det er ganske l\u00e6rerikt \u00e5 ha den utvekslingen.<br \/>\nJournalister kan komme med sp\u00f8rsm\u00e5l jeg kanskje ikke har tenkt p\u00e5 selv.\u00a0<\/p>\n<p class=\"italic m-italic\" data-lab-italic=\"italic\">\u2014 Det blir sagt om deg at du ikke er noe s\u00e6rlig god p\u00e5<br \/>\nselvskryt, s\u00e5 jeg kan ta dette for deg: Du gj\u00f8r kanskje en viktig jobb ogs\u00e5,<br \/>\nmed \u00e5 kj\u00f8re gjennom en hurtig-utdanning om s\u00f8ramerikanske forhold for det<br \/>\nnorske folk?<\/p>\n<p>\u2014 Noe jeg er opptatt av, er at man har en form for<br \/>\nberedskap. Alt som hadde med Latin-Amerika-utdanning \u00e5 gj\u00f8re, er jo stort sett<br \/>\nlagt ned. Vi hadde et latinamerikaforsknings nettverk jeg drev i ti \u00e5r,<br \/>\nfinansiert av Utenriksdepartementet, men finansieringen ble kuttet.<\/p>\n<p>\u2014 Det er en tendens til at myndighetene satser p\u00e5 det som er<br \/>\naktuelt der og da. Men det er faktisk viktig \u00e5 ha en kunnskapsberedskap. Det<br \/>\nser vi n\u00e5, n\u00e5r det plutselig er behov for folk som har forsket p\u00e5 Venezuela i<br \/>\n\u00e5revis.<\/p>\n<p class=\"italic m-italic\" data-lab-italic=\"italic\">\u2014 S\u00e5 S\u00f8r-Amerika inn i beredskapsplanen, er et av<br \/>\nbudskapene dine?<\/p>\n<p>\u2014 Ja, det vil jeg si. I Danmark har de v\u00e6rt enda mer<br \/>\nhardhendte n\u00e5r det gjelder \u00e5 bare satse p\u00e5 forskning som er nyttig i en snever<br \/>\nog kortsiktig forstand. Latinamerikaforskning finnes nesten ikke lenger. N\u00e5 f\u00e5r<br \/>\njeg telefoner fra danske journalister som plutselig er opptatt av Venezuela<br \/>\nfordi det ogs\u00e5 kan hjelpe dem til \u00e5 forst\u00e5 Gr\u00f8nlands skjebne. De sier de ikke<br \/>\nhar noen som kan noe om det i Danmark, sier Benedicte Bull.<\/p>\n<p>                <img decoding=\"async\" src=\"https:\/\/www.europesays.com\/no\/wp-content\/uploads\/2026\/01\/1027523.webp.jpeg\" width=\"480\" height=\"317\" title=\"Mellom slagene blir det ogs\u00e5 tid til en kaffeprat med senioringeni\u00f8r Kristoffer H. Ring p\u00e5 Senter for global b\u00e6rekraft.\" alt=\"Smilende kvinne og mann med hver sin kaffekopp i h\u00e5nda\" loading=\"lazy\" style=\"\"\/><\/p>\n<p>\n            Mellom slagene blir det ogs\u00e5 tid til en kaffeprat med senioringeni\u00f8r Kristoffer H. Ring p\u00e5 Senter for global b\u00e6rekraft.<br \/>\n            Sverre Gunnar Haga\n        <\/p>\n","protected":false},"excerpt":{"rendered":"Det er g\u00e5tt fire dager siden USAs angrep i Venezuela, men p\u00e5 Senter for global b\u00e6rekraft ryker det&hellip;\n","protected":false},"author":2,"featured_media":130891,"comment_status":"","ping_status":"","sticky":false,"template":"","format":"standard","meta":{"footnotes":""},"categories":[12],"tags":[20,21,24,25,15,22,23,13,30,28,29,14,16,26,27,42,43,44,45],"class_list":{"0":"post-130890","1":"post","2":"type-post","3":"status-publish","4":"format-standard","5":"has-post-thumbnail","7":"category-verden","8":"tag-breaking-news","9":"tag-breakingnews","10":"tag-featured-news","11":"tag-featurednews","12":"tag-headlines","13":"tag-latest-news","14":"tag-latestnews","15":"tag-news","16":"tag-no","17":"tag-norge","18":"tag-norway","19":"tag-nyheter","20":"tag-overskrifter","21":"tag-top-stories","22":"tag-topstories","23":"tag-verden","24":"tag-world","25":"tag-world-news","26":"tag-worldnews"},"share_on_mastodon":{"url":"https:\/\/pubeurope.com\/@no\/115852825382684768","error":""},"_links":{"self":[{"href":"https:\/\/www.europesays.com\/no\/wp-json\/wp\/v2\/posts\/130890","targetHints":{"allow":["GET"]}}],"collection":[{"href":"https:\/\/www.europesays.com\/no\/wp-json\/wp\/v2\/posts"}],"about":[{"href":"https:\/\/www.europesays.com\/no\/wp-json\/wp\/v2\/types\/post"}],"author":[{"embeddable":true,"href":"https:\/\/www.europesays.com\/no\/wp-json\/wp\/v2\/users\/2"}],"replies":[{"embeddable":true,"href":"https:\/\/www.europesays.com\/no\/wp-json\/wp\/v2\/comments?post=130890"}],"version-history":[{"count":0,"href":"https:\/\/www.europesays.com\/no\/wp-json\/wp\/v2\/posts\/130890\/revisions"}],"wp:featuredmedia":[{"embeddable":true,"href":"https:\/\/www.europesays.com\/no\/wp-json\/wp\/v2\/media\/130891"}],"wp:attachment":[{"href":"https:\/\/www.europesays.com\/no\/wp-json\/wp\/v2\/media?parent=130890"}],"wp:term":[{"taxonomy":"category","embeddable":true,"href":"https:\/\/www.europesays.com\/no\/wp-json\/wp\/v2\/categories?post=130890"},{"taxonomy":"post_tag","embeddable":true,"href":"https:\/\/www.europesays.com\/no\/wp-json\/wp\/v2\/tags?post=130890"}],"curies":[{"name":"wp","href":"https:\/\/api.w.org\/{rel}","templated":true}]}}