{"id":130898,"date":"2026-01-07T08:19:22","date_gmt":"2026-01-07T08:19:22","guid":{"rendered":"https:\/\/www.europesays.com\/no\/130898\/"},"modified":"2026-01-07T08:19:22","modified_gmt":"2026-01-07T08:19:22","slug":"alle-ville-pa-kino-i-romjola-det-tok-heilt-av-hordaland","status":"publish","type":"post","link":"https:\/\/www.europesays.com\/no\/130898\/","title":{"rendered":"\u00abAlle\u00bb ville p\u00e5 kino i romjola: \u2013 Det tok heilt av! &#8211; Hordaland"},"content":{"rendered":"<ol>\n<li><a href=\"https:\/\/news.google.com\/rss\/articles\/CBMilwFBVV95cUxQQkgxVmwxMUZpU1p5bTdJUk5oeEVETEVrY2lnOTZTcEw2WUZpdmV5VHVubmphWGNobXNtMXFJYTR5SnNDUmowdXl5NUJUTGttbmM1MU1sUVdhOFd5cmw2eDBTeHZ4Wk1tV1Q2Qk50Z0x1MVp6SjVnTTN3SWVrVF9tQzR0X3RZOUlXdjhJdUpGbkRrWS1rbXUw?oc=5\" target=\"_blank\" rel=\"nofollow noopener\">\u00abAlle\u00bb ville p\u00e5 kino i romjola: \u2013 Det tok heilt av!<\/a>&nbsp;&nbsp;Hordaland<\/li>\n<li><a href=\"https:\/\/news.google.com\/rss\/articles\/CBMingFBVV95cUxNelVWRzU0Mk02Q1MzeGlMR3EyWmo3V0dKLThUVWh6NFBLUXdlajlydENPOUYtTF9Oc0l3RkVSa1Fab2lDZGhrdzRRQkNhOGQwOWxDM0RPTnJYa1V1VDQ4SmdKQlB6SGVSbXJ0LTUyNzBlS1pzWXBtWF85YlFhRmh6QUZuVEF0Zzg3ZTN2SHVRb2NNcS1fWkJNRlN1Q2UxUQ?oc=5\" target=\"_blank\" rel=\"nofollow noopener\">Har hatt nesten 80.000 innom: \u2013 Vi er godt forn\u00f8yde med \u00e5ret<\/a>&nbsp;&nbsp;Moss Avis<\/li>\n<li><a href=\"https:\/\/news.google.com\/rss\/articles\/CBMilgFBVV95cUxNZE4zWjlza1pyTzV5NnJscW1ZaEM0NjVhV0JIRGxhbTdkdDFuSUpldFRQQjBTTG1QSy1TQzFOTDlNZGJjRFpHOEUwTnk5ckpxa1B0eHZMTURFMC1WU0Uxc1BqRVdnUjJOTXJ5N3d0LTZydFFCN1FGSjNDS0hGYTVRTnk0VkxjMGZUdVFhOTJRT3ZER0NrQWc?oc=5\" target=\"_blank\" rel=\"nofollow noopener\">Slik gjekk fjor\u00e5ret: \u2013 Trur det var eit riktig val \u00e5 ta<\/a>&nbsp;&nbsp;nyss.no<\/li>\n<li><a href=\"https:\/\/news.google.com\/rss\/articles\/CBMipwFBVV95cUxNRkpqZThLQ0FzdU5WMTRuOW9zb3oxQU5TakFjS3N3ZnAtZi1xVFJab2ltWUFEMlNuV2JqYzN4ZTA0Q3FyU2FYemlfdkVndHo0XzdqOVQwcXQ0VU54bWZBX0RRSkthUXEtcndRX0pwRXZNVVBydlQ1TF9xMTB3XzFnREI5UWpfdXVUT01Jb3VFbGtwY25VS1lfYWdlbFI4VEEwdi1iSDlNSQ?oc=5\" target=\"_blank\" rel=\"nofollow noopener\">\u00c9n film p\u00e5 Melhus kino fikk null bes\u00f8kende: \u2013 Usikker p\u00e5 hvorfor den ikke slo til<\/a>&nbsp;&nbsp;tronderbladet.no<\/li>\n<li><a href=\"https:\/\/news.google.com\/rss\/articles\/CBMijgFBVV95cUxNRkREaXRFT3d3TWQ2TndHVDBoY19Caks2QU5yai1SQk44dG5QWVVoOFp5LV93TnB1T0NHaENPN2N0c200RWZUeTVRTkRaNHZFVFZnNjNGU21pbEhDT3lPY25WZFAtOE5qSzctTjR3VFo1RFdHR3czZmxWTTE4cFVhRDRyWGZ3bTloR0M5d2d3?oc=5\" target=\"_blank\" rel=\"nofollow noopener\">Nyhende, Kultur | Kinosjef med gode tal: \u2013 I \u00e5r er m\u00e5let 10.000<\/a>&nbsp;&nbsp;Kvinnheringen<\/li>\n<\/ol>\n","protected":false},"excerpt":{"rendered":"\u00abAlle\u00bb ville p\u00e5 kino i romjola: \u2013 Det tok heilt av!&nbsp;&nbsp;Hordaland Har hatt nesten 80.000 innom: \u2013 Vi&hellip;\n","protected":false},"author":2,"featured_media":130899,"comment_status":"","ping_status":"","sticky":false,"template":"","format":"standard","meta":{"footnotes":""},"categories":[58],"tags":[71,30,28,29,72],"class_list":{"0":"post-130898","1":"post","2":"type-post","3":"status-publish","4":"format-standard","5":"has-post-thumbnail","7":"category-underholdning","8":"tag-entertainment","9":"tag-no","10":"tag-norge","11":"tag-norway","12":"tag-underholdning"},"share_on_mastodon":{"url":"https:\/\/pubeurope.com\/@no\/115852841128002408","error":""},"_links":{"self":[{"href":"https:\/\/www.europesays.com\/no\/wp-json\/wp\/v2\/posts\/130898","targetHints":{"allow":["GET"]}}],"collection":[{"href":"https:\/\/www.europesays.com\/no\/wp-json\/wp\/v2\/posts"}],"about":[{"href":"https:\/\/www.europesays.com\/no\/wp-json\/wp\/v2\/types\/post"}],"author":[{"embeddable":true,"href":"https:\/\/www.europesays.com\/no\/wp-json\/wp\/v2\/users\/2"}],"replies":[{"embeddable":true,"href":"https:\/\/www.europesays.com\/no\/wp-json\/wp\/v2\/comments?post=130898"}],"version-history":[{"count":0,"href":"https:\/\/www.europesays.com\/no\/wp-json\/wp\/v2\/posts\/130898\/revisions"}],"wp:featuredmedia":[{"embeddable":true,"href":"https:\/\/www.europesays.com\/no\/wp-json\/wp\/v2\/media\/130899"}],"wp:attachment":[{"href":"https:\/\/www.europesays.com\/no\/wp-json\/wp\/v2\/media?parent=130898"}],"wp:term":[{"taxonomy":"category","embeddable":true,"href":"https:\/\/www.europesays.com\/no\/wp-json\/wp\/v2\/categories?post=130898"},{"taxonomy":"post_tag","embeddable":true,"href":"https:\/\/www.europesays.com\/no\/wp-json\/wp\/v2\/tags?post=130898"}],"curies":[{"name":"wp","href":"https:\/\/api.w.org\/{rel}","templated":true}]}}