{"id":130900,"date":"2026-01-07T08:20:10","date_gmt":"2026-01-07T08:20:10","guid":{"rendered":"https:\/\/www.europesays.com\/no\/130900\/"},"modified":"2026-01-07T08:20:10","modified_gmt":"2026-01-07T08:20:10","slug":"samsung-varsler-prisokninger-med-okte-minnekostnader","status":"publish","type":"post","link":"https:\/\/www.europesays.com\/no\/130900\/","title":{"rendered":"Samsung varsler pris\u00f8kninger med \u00f8kte minnekostnader"},"content":{"rendered":"<p>Samsung f\u00f8yer seg inn i rekken av selskaper som advarer om at \u00f8kende mangel p\u00e5 minnebrikker vil presse prisene opp i hele elektronikkindustrien, og at ogs\u00e5 selskapets egne forbrukerprodukter kan bli dyrere.<\/p>\n<p>Det sier Wonjin Lee, konsernpresident og global markedsdirekt\u00f8r i Samsung Electronics, skriver <a href=\"https:\/\/www.bloomberg.com\/news\/articles\/2026-01-07\/samsung-warns-of-price-hikes-as-rising-memory-costs-affect-all?srnd=phx-technology\" target=\"_blank\" rel=\"Follow nofollow noopener\">Bloomberg.<\/a><\/p>\n<p>\u2013 Prisene stiger. Vi \u00f8nsker selvsagt ikke \u00e5 velte denne byrden over p\u00e5 forbrukerne, men vi n\u00e6rmer oss et punkt der vi faktisk m\u00e5 vurdere \u00e5 justere prisene p\u00e5 produktene v\u00e5re, sier Wonjin Lee i et intervju.<\/p>\n<p>Pris\u00f8kningene kommer samtidig med at norske bedrifter oppgraderer til KI-ready maskinvare, som var sterkt medvirkende til Ateas sterke tredjekvartal.<\/p>\n<p><a href=\"https:\/\/techwatch.no\/nyheter\/ki\/article18884517.ece\" rel=\"nofollow noopener\" target=\"_blank\">Stor appetitt for KI\u2011drevne enheter, men minneskvis truer<\/a><\/p>\n<p>P\u00e5virker alle<\/p>\n<p>Samsung er verdens st\u00f8rste produsent av minnebrikker, men rammes likevel av kraftig kostnadsvekst p\u00e5 en komponent som er sentral i alt fra smarttelefoner og b\u00e6rbare PC-er til tilkoblede husholdningsapparater og selvkj\u00f8rende biler.<\/p>\n<p>\u2013 Det vil oppst\u00e5 utfordringer knyttet til halvlederleveranser, og dette vil p\u00e5virke alle, sier Lee til avisen.<\/p>\n<p>Datasentre f\u00e5r skylden<\/p>\n<p>Uttalelsene ble gitt under teknologimessen CES i Las Vegas, der Samsung viser frem et bredt spekter av produkter. Som mange andre utstillere legger selskapet vekt p\u00e5 en mer sammenkoblet produktportef\u00f8lje med \u00f8kt bruk av KI, samtidig som kostnadspresset i produksjonen \u00f8ker.<\/p>\n<p>Den sterke utbyggingen av KI-datasentre har f\u00f8rt til en kraftig ettersp\u00f8rsel etter h\u00f8yb\u00e5ndbredde-minne. Dette har l\u00f8ftet aksjekursene til Samsung og konkurrenten SK Hynix Inc., men samtidig strammet tilbudet for andre bruksomr\u00e5der.<\/p>\n<p>Bred pris\u00f8kning<\/p>\n<p>Flere produsenter, blant dem Dell Technologies Inc. og Xiaomi Corp., har varslet mulige pris\u00f8kninger. Lenovo Group Ltd. begynte i fjor \u00e5 bygge opp lagre av minnebrikker. Analyseselskapet Counterpoint Research anslo i november at prisene p\u00e5 minnemoduler kan stige rundt 50 prosent frem til andre kvartal i \u00e5r.<\/p>\n<p>Samsung mener likevel at selskapet er bedre posisjonert enn konkurrenter som ikke produserer minne til egne produkter.<\/p>\n<p>\u2013 Vi er mer optimistiske med tanke p\u00e5 utsiktene for 2026 enn det vi opplevde i fjor, sier Lee.<\/p>\n","protected":false},"excerpt":{"rendered":"Samsung f\u00f8yer seg inn i rekken av selskaper som advarer om at \u00f8kende mangel p\u00e5 minnebrikker vil presse&hellip;\n","protected":false},"author":2,"featured_media":130901,"comment_status":"","ping_status":"","sticky":false,"template":"","format":"standard","meta":{"footnotes":""},"categories":[57],"tags":[30,28,29,65,63,64,66,70,69,67,68],"class_list":{"0":"post-130900","1":"post","2":"type-post","3":"status-publish","4":"format-standard","5":"has-post-thumbnail","7":"category-vitenskap-og-teknologi","8":"tag-no","9":"tag-norge","10":"tag-norway","11":"tag-science","12":"tag-science-and-technology","13":"tag-scienceandtechnology","14":"tag-technology","15":"tag-teknologi","16":"tag-vitenskap","17":"tag-vitenskap-og-teknologi","18":"tag-vitenskapteknologi"},"share_on_mastodon":{"url":"https:\/\/pubeurope.com\/@no\/115852844981908353","error":""},"_links":{"self":[{"href":"https:\/\/www.europesays.com\/no\/wp-json\/wp\/v2\/posts\/130900","targetHints":{"allow":["GET"]}}],"collection":[{"href":"https:\/\/www.europesays.com\/no\/wp-json\/wp\/v2\/posts"}],"about":[{"href":"https:\/\/www.europesays.com\/no\/wp-json\/wp\/v2\/types\/post"}],"author":[{"embeddable":true,"href":"https:\/\/www.europesays.com\/no\/wp-json\/wp\/v2\/users\/2"}],"replies":[{"embeddable":true,"href":"https:\/\/www.europesays.com\/no\/wp-json\/wp\/v2\/comments?post=130900"}],"version-history":[{"count":0,"href":"https:\/\/www.europesays.com\/no\/wp-json\/wp\/v2\/posts\/130900\/revisions"}],"wp:featuredmedia":[{"embeddable":true,"href":"https:\/\/www.europesays.com\/no\/wp-json\/wp\/v2\/media\/130901"}],"wp:attachment":[{"href":"https:\/\/www.europesays.com\/no\/wp-json\/wp\/v2\/media?parent=130900"}],"wp:term":[{"taxonomy":"category","embeddable":true,"href":"https:\/\/www.europesays.com\/no\/wp-json\/wp\/v2\/categories?post=130900"},{"taxonomy":"post_tag","embeddable":true,"href":"https:\/\/www.europesays.com\/no\/wp-json\/wp\/v2\/tags?post=130900"}],"curies":[{"name":"wp","href":"https:\/\/api.w.org\/{rel}","templated":true}]}}