{"id":130902,"date":"2026-01-07T08:21:10","date_gmt":"2026-01-07T08:21:10","guid":{"rendered":"https:\/\/www.europesays.com\/no\/130902\/"},"modified":"2026-01-07T08:21:10","modified_gmt":"2026-01-07T08:21:10","slug":"lokale-nyheter-trosby-vinterstengt-konkurrent-gir-liv-til-trosby-supern-kjempepositivt","status":"publish","type":"post","link":"https:\/\/www.europesays.com\/no\/130902\/","title":{"rendered":"Lokale nyheter, Trosby | Vinterstengt konkurrent gir liv til Trosby Super&#8217;n: \u2013 Kjempepositivt!"},"content":{"rendered":"\n<p>For aller f\u00f8rste gang har <a href=\"https:\/\/www.pd.no\/na-blir-det-helt-stengt-en-god-stund-ikke-forsvarlig-a-holde-apent\/s\/5-40-832958\" rel=\"Follow nofollow noopener\" target=\"_blank\">Spar Sj\u00f8bua p\u00e5 Valle vinterstengt<\/a> fram til 19. mars. Dette skaper en helt ny situasjon som kan bety mye for Trosby Super&#8217;n. Butikksjef Ole Christian Larsen, som holder \u00e5pent hver dag hele \u00e5ret, forteller at dette er en viktig endring.<\/p>\n<p>\u2013 Dette er avgj\u00f8rende for at vi ikke taper s\u00e5 mye penger denne vinteren. Vi f\u00e5r mer kundetrykk gjennom uka, sier Larsen.<\/p>\n<p>Vanligvis er butikken rolig om vinteren, og det er den fortsatt i og for seg, men i \u00e5r er noe annerledes.<\/p>\n<p>\u2013 Vi er i en helt annen dvale denne vinteren enn vanligvis, og det er jo kjempepositivt, sier han.<\/p>\n<p>Mer omsetning i vinterm\u00e5nedene<\/p>\n<p>Larsen forteller at han n\u00e5 omsetter for 5 000 til 10 000 kroner mer hver uke enn i fjor p\u00e5 samme tid.<\/p>\n<p>\u2013 For oss n\u00e5 kan vi ikke klage. N\u00e5r uka begynner \u00e5 komme i gang, merker vi det godt p\u00e5 omsetningen, smiler han.<\/p>\n<p>Sommerm\u00e5nedene er h\u00f8ysesong for butikken. Tradisjonelt har Trosby Super&#8217;n v\u00e6rt helt avhengig av sommeromsetningen for \u00e5 klare seg gjennom vinteren. Med Spar Sj\u00f8bua stengt, kan dette bety at presset blir mindre.<\/p>\n<p>\u2013 Kanskje vi klarer oss med en halvbra sommer, uten \u00e5 tape s\u00e5 mye penger. Det er ikke sikkert at sommeren blir like viktig som den har v\u00e6rt tidligere, forteller Larsen.<\/p>\n<p>Stor forskjell <\/p>\n<p>Selv om kundestr\u00f8mmen n\u00e5 er bedre, understreker Larsen at det er store forskjeller mellom kundemengden p\u00e5 de ulike \u00e5rstidene.<\/p>\n<p>\u2013 Det kan ikke sammenlignes en gang. Vi taper penger om vinteren, og s\u00e5 tjener vi p\u00e5 sommeren. Sommerm\u00e5nedene er vi veldig avhengig av. Vi m\u00e5 tjene penger p\u00e5 sommeren for \u00e5 overleve vinterm\u00e5nedene, forklarer han.<\/p>\n<p>Planer for fremtiden<\/p>\n<p>Til sommeren har butikksjefen planer om \u00e5 skape mer liv rundt omr\u00e5det.<\/p>\n<p>\u2013 Vi planlegger \u00e5 f\u00e5 i gang en konsertavdeling med lokale artister. I tillegg til is, pub og butikk, sier han.<\/p>\n<p>\u2013 Vi vil jo pr\u00f8ve \u00e5 skape litt liv her, sier Larsen.<\/p>\n<p>Han har ogs\u00e5 brukt tid p\u00e5 \u00e5 fornye butikken.<\/p>\n<p>\u2013 Vi har f\u00e5tt en ny fruktavdeling med moderne utseende og skapd\u00f8rer p\u00e5 kj\u00f8lediskene, snudd hyllene for \u00e5 \u00e5pne opp, og f\u00e5tt mer fryselager i butikken.<\/p>\n<p>\u2013 Vi er veldig spente og ydmyke. Vi vil gj\u00f8re en god jobb for de lokale og gj\u00f8re det vi kan, avslutter Larsen.<\/p>\n","protected":false},"excerpt":{"rendered":"For aller f\u00f8rste gang har Spar Sj\u00f8bua p\u00e5 Valle vinterstengt fram til 19. mars. Dette skaper en helt&hellip;\n","protected":false},"author":2,"featured_media":130903,"comment_status":"","ping_status":"","sticky":false,"template":"","format":"standard","meta":{"footnotes":""},"categories":[56],"tags":[36,1696,60,61,2247,62,30,28,29,1510,15185],"class_list":{"0":"post-130902","1":"post","2":"type-post","3":"status-publish","4":"format-standard","5":"has-post-thumbnail","7":"category-naeringsliv","8":"tag-art","9":"tag-bamble","10":"tag-business","11":"tag-economy","12":"tag-lokale-nyheter","13":"tag-naeringsliv","14":"tag-no","15":"tag-norge","16":"tag-norway","17":"tag-story","18":"tag-trosby"},"share_on_mastodon":{"url":"https:\/\/pubeurope.com\/@no\/115852848875561659","error":""},"_links":{"self":[{"href":"https:\/\/www.europesays.com\/no\/wp-json\/wp\/v2\/posts\/130902","targetHints":{"allow":["GET"]}}],"collection":[{"href":"https:\/\/www.europesays.com\/no\/wp-json\/wp\/v2\/posts"}],"about":[{"href":"https:\/\/www.europesays.com\/no\/wp-json\/wp\/v2\/types\/post"}],"author":[{"embeddable":true,"href":"https:\/\/www.europesays.com\/no\/wp-json\/wp\/v2\/users\/2"}],"replies":[{"embeddable":true,"href":"https:\/\/www.europesays.com\/no\/wp-json\/wp\/v2\/comments?post=130902"}],"version-history":[{"count":0,"href":"https:\/\/www.europesays.com\/no\/wp-json\/wp\/v2\/posts\/130902\/revisions"}],"wp:featuredmedia":[{"embeddable":true,"href":"https:\/\/www.europesays.com\/no\/wp-json\/wp\/v2\/media\/130903"}],"wp:attachment":[{"href":"https:\/\/www.europesays.com\/no\/wp-json\/wp\/v2\/media?parent=130902"}],"wp:term":[{"taxonomy":"category","embeddable":true,"href":"https:\/\/www.europesays.com\/no\/wp-json\/wp\/v2\/categories?post=130902"},{"taxonomy":"post_tag","embeddable":true,"href":"https:\/\/www.europesays.com\/no\/wp-json\/wp\/v2\/tags?post=130902"}],"curies":[{"name":"wp","href":"https:\/\/api.w.org\/{rel}","templated":true}]}}