{"id":130908,"date":"2026-01-07T08:25:16","date_gmt":"2026-01-07T08:25:16","guid":{"rendered":"https:\/\/www.europesays.com\/no\/130908\/"},"modified":"2026-01-07T08:25:16","modified_gmt":"2026-01-07T08:25:16","slug":"ffk-seriestart-ffk-2026-hvilke-overganger-trenger-fredrikstad-na","status":"publish","type":"post","link":"https:\/\/www.europesays.com\/no\/130908\/","title":{"rendered":"FFK, Seriestart | FFK 2026: Hvilke overganger trenger Fredrikstad n\u00e5?"},"content":{"rendered":"\n<p>Det er flerfoldige uker siden forrige sesong ble avsluttet, men samtidig er det bare dr\u00f8ye to m\u00e5neder til ny sesong sparkes i gang.<\/p>\n<p>Maxwell Woledzi er solgt, men ingen nye midtstoppere er p\u00e5 vei inn. FFK b\u00f8r ha inn to midtstoppere med erfaring slik situasjonen er n\u00e5, s\u00e5 da haster det litt.<\/p>\n<p>Midtbanen er syltynn. Det er vel og bra at Samuel Leach Holm er hentet inn, men man trenger fortsatt flere i den posisjonen.<\/p>\n<p>  <a href=\"https:\/\/www.f-b.no\/5-59-3793745\" class=\"related-teaser has-image default-story-teaser article--c-eRUmMG article--c-eRUmMG-jKCPdD-design-default\" rel=\"nofollow noopener\" target=\"_blank\"><\/p>\n<p>    <img decoding=\"async\" loading=\"lazy\"  src=\"https:\/\/www.europesays.com\/no\/wp-content\/uploads\/2026\/01\/Anders+Jensen.JPG\" alt=\"\" class=\"brick-c-cFOWSL\" style=\"\"\/><\/p>\n<p>\n            Les ogs\u00e5<\/p>\n<p>              FFK henter amerikansk supertalent\n        <\/p>\n<p>  <\/a><\/p>\n<blockquote class=\"brick-c-kLSvcb theme-white\">\n<p class=\"blockquote-text\">Jeg h\u00e5per vi f\u00e5r en avklaring fra klubben kjapt<\/p>\n<\/blockquote>\n<p>Det er for \u00f8vrig merkelig det som foreg\u00e5r rundt Patrick Metcalfe. For andre \u00e5r p\u00e5 rad (!) virker det som han ikke vil bli v\u00e6rende i Fredrikstad, men klubben holder d\u00f8ren p\u00e5 gl\u00f8tt for ham.<\/p>\n<p>En klubb med ambisjoner hadde stilt et ultimatum: Du f\u00e5r frem til 31\/12 til \u00e5 bestemme deg, ellers m\u00e5 vi se etter en erstatter.<\/p>\n<p>Det er en slags arroganse fra spilleren der ogs\u00e5, for det s\u00f8mmer seg ikke \u00e5 g\u00e5 glipp av to treningsleirer og en hel preseason to \u00e5r p\u00e5 rad. Det er uproft. Jeg h\u00e5per vi f\u00e5r en avklaring fra klubben kjapt ang\u00e5ende hva som blir enden p\u00e5 visa der.<\/p>\n<p>Apropos arroganse, s\u00e5 er det gjeldende for Joacim Heier og Anders Jensen ogs\u00e5. Som leser av Fredriksstad Blad er det p\u00e5fallende hvor lite de vil dele n\u00e5r noen av journalistene i avisa sp\u00f8r om noe. Det er null \u00e5penhet. Jeg savner saker hvor de gir lengre svar, uttaler st\u00f8rre ambisjoner og lager litt liv og r\u00f8re som Joacim Jonsson t\u00f8r \u00e5 gj\u00f8re som sportssjef i V\u00e5lerenga.<\/p>\n<p>Av det jeg leser p\u00e5 sosiale medier er det ikke alle som er happy med at J\u00f3annes Bjartal\u00edd ikke ble tilbudt en ny kontrakt heller. Litt som Henrik Kjelsrud Johansen i fjor, som sannsynligvis fortsatt hadde en god sesong til i seg.<\/p>\n<p>Det jeg og mange andre i bunn og grunn mener, er at Heier og Jensen tror at virkeligheten er som \u00e5 spille Football Manager der de vil drive kj\u00f8p og salg kun med tanke p\u00e5 profitt, hvor de oppi alt glemmer den medmenneskelige biten.<\/p>\n<p>En ny spiss m\u00e5 i alle fall inn f\u00f8r sesongstart. Dr\u00f8mmesigneringen hadde v\u00e6rt Kristian Lien, som p\u00f8ste inn m\u00e5l for HamKam forrige sesong. 11 m\u00e5l og fire assists hadde han for et ikke altfor bra HamKam-lag. Tenk hvilken signering det hadde v\u00e6rt for FFK!<\/p>\n<p>Men n\u00e5 er han linket til blant andre Viking, s\u00e5 det blir vanskelig \u00e5 f\u00e5 han til Fredrikstad. Men man m\u00e5 i det minste vise ambisjoner og pr\u00f8ve \u00e5 f\u00e5 ham til Plankebyen. FFK er helt n\u00f8dt til \u00e5 score flere m\u00e5l i 2026, kontra det man gjorde i 2025.<\/p>\n<p>Sp\u00f8rsm\u00e5let er: Hva slags spiss skal FFK hente n\u00e5 i vintervinduet 2026?<\/p>\n<blockquote class=\"brick-c-kLSvcb theme-white\">\n<p class=\"blockquote-text\">Spillere i andre klubber f\u00e5r med seg hvilken fotballgal by Fredrikstad er<\/p>\n<\/blockquote>\n<p>Emil Holten var en flopp i fjor, og tapte flere dueller enn han vant. Matchvinnerscoringen mot Str\u00f8msgodset var deilig, men det ble ett av f\u00e5 lyspunkter.<\/p>\n<p>\u00c5 kj\u00f8pe en spiss for en klubb i fotball er kanskje det hardeste av alt. Man skal hente en som scorer m\u00e5l jevnlig, samtidig som han er god i andre aspekter av spillet. V\u00e6re et oppspillspunkt, utvikle relasjonelle ferdigheter med lagkamerater og generelt ha en pondus og tilstedev\u00e6relse som midtstopperne til motstanderlaget frykter. Det blir spennende \u00e5 se hvem FFK g\u00e5r for der.<\/p>\n<p>FFK har et stort navn i Fotball-Norge og har ogs\u00e5 blitt lagt merke til utenlands, noe man m\u00e5 utnytte i st\u00f8rre grad. Spillere i andre klubber f\u00e5r med seg hvilken fotballgal by Fredrikstad er, og hvor magisk det er p\u00e5 Stadion n\u00e5r det er stinn brakke.<\/p>\n<p>  <a href=\"https:\/\/www.f-b.no\/5-59-3793745\" class=\"related-teaser has-image default-story-teaser article--c-eRUmMG article--c-eRUmMG-jKCPdD-design-default\" rel=\"nofollow noopener\" target=\"_blank\"><\/p>\n<p>    <img decoding=\"async\" loading=\"lazy\"  src=\"https:\/\/www.europesays.com\/no\/wp-content\/uploads\/2026\/01\/Anders+Jensen.JPG\" alt=\"\" class=\"brick-c-cFOWSL\" style=\"\"\/><\/p>\n<p>\n            Les ogs\u00e5<\/p>\n<p>              FFK henter amerikansk supertalent\n        <\/p>\n<p>  <\/a><\/p>\n<p>S\u00e5 forh\u00e5pentligvis kan man bruke det til sin fordel i forhandlingssituasjoner. FFK virker \u00e5 ha klart det n\u00e5r det gjelder Gabriel Wesseh, et ungt talent som jeg synes minner om Bukayo Saka p\u00e5 Arsenal i spillestilen. Dog er Wesseh bare 17 \u00e5r og kommer ikke til Fredrikstad med det f\u00f8rste.<\/p>\n<p>Det er kult at FFK vil ha to store talenter i stallen p\u00e5 17 \u00e5r i Okpaleke og Wesseh til sommeren, men det er viktig \u00e5 tenke p\u00e5 hva som skal v\u00e6re p\u00e5 plass til seriestart i mars ogs\u00e5.<\/p>\n<p>Per n\u00e5 er FFK langt bak skjema f\u00f8r avreise til s\u00f8rligere str\u00f8k, men det positive f\u00e5r v\u00e6re at det snur fort og ting skjer fort i fotball.<\/p>\n<p>Krysser fingrene for et godt fotball\u00e5r for FFK, med underholdende og offensiv fotball, samtidig som jeg h\u00e5per klubben blir mer \u00e5pen utad om hva som skjer innad i klubben.<\/p>\n<p>Supporterne fortjener \u00e5 f\u00e5 svar p\u00e5 hva som skjer med Patrick Metcalfe og Leonard Owusu, for \u00e5 ta det sentrale midtbanesp\u00f8rsm\u00e5let som et eksempel. Den viktigste posisjonen p\u00e5 banen, mener jeg i alle fall.<\/p>\n","protected":false},"excerpt":{"rendered":"Det er flerfoldige uker siden forrige sesong ble avsluttet, men samtidig er det bare dr\u00f8ye to m\u00e5neder til&hellip;\n","protected":false},"author":2,"featured_media":130909,"comment_status":"","ping_status":"","sticky":false,"template":"","format":"standard","meta":{"footnotes":""},"categories":[59],"tags":[36,37,513,30,28,29,1533,15186,83,82],"class_list":{"0":"post-130908","1":"post","2":"type-post","3":"status-publish","4":"format-standard","5":"has-post-thumbnail","7":"category-sport","8":"tag-art","9":"tag-debatt","10":"tag-ffk","11":"tag-no","12":"tag-norge","13":"tag-norway","14":"tag-opinion","15":"tag-seriestart","16":"tag-sport","17":"tag-sports"},"share_on_mastodon":{"url":"https:\/\/pubeurope.com\/@no\/115852864593796702","error":""},"_links":{"self":[{"href":"https:\/\/www.europesays.com\/no\/wp-json\/wp\/v2\/posts\/130908","targetHints":{"allow":["GET"]}}],"collection":[{"href":"https:\/\/www.europesays.com\/no\/wp-json\/wp\/v2\/posts"}],"about":[{"href":"https:\/\/www.europesays.com\/no\/wp-json\/wp\/v2\/types\/post"}],"author":[{"embeddable":true,"href":"https:\/\/www.europesays.com\/no\/wp-json\/wp\/v2\/users\/2"}],"replies":[{"embeddable":true,"href":"https:\/\/www.europesays.com\/no\/wp-json\/wp\/v2\/comments?post=130908"}],"version-history":[{"count":0,"href":"https:\/\/www.europesays.com\/no\/wp-json\/wp\/v2\/posts\/130908\/revisions"}],"wp:featuredmedia":[{"embeddable":true,"href":"https:\/\/www.europesays.com\/no\/wp-json\/wp\/v2\/media\/130909"}],"wp:attachment":[{"href":"https:\/\/www.europesays.com\/no\/wp-json\/wp\/v2\/media?parent=130908"}],"wp:term":[{"taxonomy":"category","embeddable":true,"href":"https:\/\/www.europesays.com\/no\/wp-json\/wp\/v2\/categories?post=130908"},{"taxonomy":"post_tag","embeddable":true,"href":"https:\/\/www.europesays.com\/no\/wp-json\/wp\/v2\/tags?post=130908"}],"curies":[{"name":"wp","href":"https:\/\/api.w.org\/{rel}","templated":true}]}}