{"id":130926,"date":"2026-01-07T08:39:19","date_gmt":"2026-01-07T08:39:19","guid":{"rendered":"https:\/\/www.europesays.com\/no\/130926\/"},"modified":"2026-01-07T08:39:19","modified_gmt":"2026-01-07T08:39:19","slug":"stromsgodset-fotball-snur-moter-ikke-pa-jobb-i-drammen","status":"publish","type":"post","link":"https:\/\/www.europesays.com\/no\/130926\/","title":{"rendered":"Str\u00f8msgodset, Fotball | Snur: \u2013 M\u00f8ter ikke p\u00e5 jobb i Drammen"},"content":{"rendered":"\n<p><b>DRAMMEN: <\/b>Mandag meldte advokaten til Str\u00f8msgodsets hovedtrener Dag-Eilev Fagermo at treneren n\u00e5 var friskmeldt, og kom til \u00e5 m\u00f8te p\u00e5 jobb onsdag, klar for \u00e5 jobbe videre med Str\u00f8msgodset p\u00e5 vei til Eliteserien.<\/p>\n<p>N\u00e5 er det skjedd en ny utvikling:<\/p>\n<p>\u2013 Partene har avtalt m\u00f8ter i anledning saken de n\u00e6rmeste dagene, melder Fagermos advokat, Alf K\u00e5re Knudsen til Drammens Tidende tirsdag kveld, og fortsetter:<\/p>\n<p><b>\u2013 Partene er enige om at Fagermo inntil videre ikke m\u00f8ter fysisk p\u00e5 jobb i Drammen.<\/b><\/p>\n<p>Hvor m\u00f8tene finner sted har ikke DT f\u00e5tt kjennskap til.<\/p>\n<p>Varslinger og sykmelding<\/p>\n<p>Hovedtrener Dag-Eilev Fagermo har v\u00e6rt sykmeldt en snau m\u00e5ned fra jobben i Str\u00f8msgodset.<\/p>\n<p>Etter sesongslutt har det v\u00e6rt rabalder rundt hovedtrenerens rolle. Allerede f\u00f8r sesongen var over kom det kraftig motstand fra supporterhold mot treneren, og i desember kunne DT erfare at Str\u00f8msgodset \u00f8nsket \u00e5 kvitte seg med Fagermo etter kun et halv\u00e5r i jobben. Litt senere annonserte klubben at det var kommet varsler mot Fagermo.<\/p>\n<p>Mandag morgen meldte imidlertid Fagermos advokat Knudsen, <a href=\"https:\/\/www.vg.no\/sport\/i\/gk79va\/fagermo-tilbake-fra-sykmelding-skal-i-godset-moete\" rel=\"Follow nofollow noopener\" target=\"_blank\">til VG, at hovedtrener Fagermo n\u00e5 skal tilbake p\u00e5 jobb<\/a> i Str\u00f8msgodset onsdag f\u00f8rstkommende. Fagermo skulle if\u00f8lge advokaten v\u00e6re klar for \u00e5 ta Str\u00f8msgodset opp i Eliteserien igjen.<\/p>\n<p>Advokaten viste ogs\u00e5 til at Fagermo hadde kontraktsfestet rett til \u00e5 v\u00e6re med \u00e5 beslutte hvem som skulle ansettes i trenerteamet. Litt senere samme dag annonserte imidlertid Str\u00f8msgodset at de hadde ansatt Magne Hoset og Jimmy Brinksby som assistenttrenere.<\/p>\n<p>Str\u00f8msgodsets advokat, Erik Fl\u00e5gan, viste p\u00e5 sin side til at i Fagermos sykefrav\u00e6r var trenerne ansatt med bistand fra sportssjef Jackie Rasmussen, som har det \u00f8verste sportslige ansvaret. Fagermo var if\u00f8lge Godsets advokat underrettet om at klubbens sportslige behov ble ivaretatt av Rasmussen, og det skal ha v\u00e6rt uten innsigelser fra Fagermo selv.<\/p>\n<p><b>Les om trenerkaoset i Godset her:<\/b><\/p>\n<p>  <a href=\"https:\/\/www.dt.no\/5-57-2754137\" class=\"related-teaser has-image default-story-teaser article--c-eRUmMG article--c-eRUmMG-jKCPdD-design-default\" rel=\"nofollow noopener\" target=\"_blank\"><\/p>\n<p>    <img decoding=\"async\" loading=\"lazy\"  src=\"https:\/\/www.europesays.com\/no\/wp-content\/uploads\/2026\/01\/10+fagermo+ny+trener+i+SIF-4.jpg\" alt=\"\" class=\"brick-c-cFOWSL\" style=\"\"\/><\/p>\n<p>\n            Les ogs\u00e5<\/p>\n<p>              Kaos i Godset \u2013 vil kvitte seg med Fagermo\n        <\/p>\n<p>  <\/a><\/p>\n<p>  <a href=\"https:\/\/www.dt.no\/5-57-2756853\" class=\"related-teaser has-image default-story-teaser article--c-eRUmMG article--c-eRUmMG-jKCPdD-design-default\" rel=\"nofollow noopener\" target=\"_blank\"><\/p>\n<p>    <img decoding=\"async\" loading=\"lazy\"  src=\"https:\/\/www.europesays.com\/no\/wp-content\/uploads\/2026\/01\/17+ta+ke+over+marienlyst+stadion+2.jpg\" alt=\"\" class=\"brick-c-cFOWSL\" style=\"\"\/><\/p>\n<p>\n            Les ogs\u00e5<\/p>\n<p>              DT erfarer: Anklager om \u00abfryktkultur\u00bb\n        <\/p>\n<p>  <\/a><\/p>\n<p>  <a href=\"https:\/\/www.dt.no\/5-57-2756983\" class=\"related-teaser has-image default-story-teaser article--c-eRUmMG article--c-eRUmMG-jKCPdD-design-default\" rel=\"nofollow noopener\" target=\"_blank\"><\/p>\n<p>    <img decoding=\"async\" loading=\"lazy\"  src=\"https:\/\/www.europesays.com\/no\/wp-content\/uploads\/2026\/01\/1767540972_783_17+ta+ke+over+marienlyst+stadion+2.jpg\" alt=\"\" class=\"brick-c-cFOWSL\" style=\"\"\/><\/p>\n<p>\n            Les ogs\u00e5<\/p>\n<p>              Sl\u00e5r tilbake: \u2013 Ikke en sak som kom plutselig ut av det bl\u00e5\n        <\/p>\n<p>  <\/a><\/p>\n","protected":false},"excerpt":{"rendered":"DRAMMEN: Mandag meldte advokaten til Str\u00f8msgodsets hovedtrener Dag-Eilev Fagermo at treneren n\u00e5 var friskmeldt, og kom til \u00e5&hellip;\n","protected":false},"author":2,"featured_media":130927,"comment_status":"","ping_status":"","sticky":false,"template":"","format":"standard","meta":{"footnotes":""},"categories":[59],"tags":[36,427,92,30,28,29,83,82,1510,3325],"class_list":{"0":"post-130926","1":"post","2":"type-post","3":"status-publish","4":"format-standard","5":"has-post-thumbnail","7":"category-sport","8":"tag-art","9":"tag-drammen","10":"tag-fotball","11":"tag-no","12":"tag-norge","13":"tag-norway","14":"tag-sport","15":"tag-sports","16":"tag-story","17":"tag-stromsgodset"},"share_on_mastodon":{"url":"https:\/\/pubeurope.com\/@no\/115852919677838438","error":""},"_links":{"self":[{"href":"https:\/\/www.europesays.com\/no\/wp-json\/wp\/v2\/posts\/130926","targetHints":{"allow":["GET"]}}],"collection":[{"href":"https:\/\/www.europesays.com\/no\/wp-json\/wp\/v2\/posts"}],"about":[{"href":"https:\/\/www.europesays.com\/no\/wp-json\/wp\/v2\/types\/post"}],"author":[{"embeddable":true,"href":"https:\/\/www.europesays.com\/no\/wp-json\/wp\/v2\/users\/2"}],"replies":[{"embeddable":true,"href":"https:\/\/www.europesays.com\/no\/wp-json\/wp\/v2\/comments?post=130926"}],"version-history":[{"count":0,"href":"https:\/\/www.europesays.com\/no\/wp-json\/wp\/v2\/posts\/130926\/revisions"}],"wp:featuredmedia":[{"embeddable":true,"href":"https:\/\/www.europesays.com\/no\/wp-json\/wp\/v2\/media\/130927"}],"wp:attachment":[{"href":"https:\/\/www.europesays.com\/no\/wp-json\/wp\/v2\/media?parent=130926"}],"wp:term":[{"taxonomy":"category","embeddable":true,"href":"https:\/\/www.europesays.com\/no\/wp-json\/wp\/v2\/categories?post=130926"},{"taxonomy":"post_tag","embeddable":true,"href":"https:\/\/www.europesays.com\/no\/wp-json\/wp\/v2\/tags?post=130926"}],"curies":[{"name":"wp","href":"https:\/\/api.w.org\/{rel}","templated":true}]}}