{"id":130932,"date":"2026-01-07T08:45:17","date_gmt":"2026-01-07T08:45:17","guid":{"rendered":"https:\/\/www.europesays.com\/no\/130932\/"},"modified":"2026-01-07T08:45:17","modified_gmt":"2026-01-07T08:45:17","slug":"vedprisene-star-stille-kulda-oker-ettersporselen","status":"publish","type":"post","link":"https:\/\/www.europesays.com\/no\/130932\/","title":{"rendered":"Vedprisene st\u00e5r stille &#8211; kulda \u00f8ker ettersp\u00f8rselen"},"content":{"rendered":"<p class=\"kicker bg-pink color_mobile_bg-pink hasTextPadding mobile-hasTextPadding\" style=\"\">Har snudd:<\/p>\n<p>  Etter en krisestart p\u00e5 salgssesongen, melder butikkene n\u00e5 om eksplosivt vedsalg. Dette sier de om prisene.<\/p>\n<p>\n    FYRINGSSESONG: Ettersp\u00f8rselen etter ved \u00f8ker i takt med kulda, if\u00f8lge flere byggevarekjeder. Foto: Heiko Junge \/ NTB\n  <\/p>\n<p>    Kort fortalt<\/p>\n<p lang=\"nb-NO\">Vinteren har kommet etter en mild h\u00f8st, og kulda har \u00f8kt ettersp\u00f8rselen etter ved i Norge.<\/p>\n<p lang=\"nb-NO\">Felleskj\u00f8pet, Maxbo, Byggmax og Jula rapporterer om \u00f8kt vedsalg, men prisene holdes stabile.<\/p>\n<p lang=\"nb-NO\">Jula ser \u00f8kt ettersp\u00f8rsel, men ikke p\u00e5 niv\u00e5 med tidligere vintre, og Coop melder om vekst i salget for hygge og varme.<\/p>\n<p class=\"italic ai-disclaimer\" data-lab-italic=\"italic\">Sammendraget er laget av ChatGPT og godkjent av DinSide.<\/p>\n<p>      Vis mer<br \/>\n      Vis mindre<\/p>\n<p>Etter en uvanlig mild h\u00f8st har vinteren endelig meldt sin ankomst.\u00a0<\/p>\n<p>De siste dagene har kulda bitt seg fast over store deler av landet, og mange nordmenn har igjen begynt \u00e5 fylle opp vedlageret.<\/p>\n<p>        LA KOSTEN T\u00d8RKE: Tenker du over hva du vasker f\u00f8rst og sist n\u00e5r du har tilberedt kj\u00f8tt eller kylling? Det burde du! Video: Embla Hjort-Larsen<\/p>\n<p>&#8211; Vi merker \u00f8kt ettersp\u00f8rsel etter ved i takt med kaldere v\u00e6r. De siste dagene har salget noen steder tatt helt av. Det er som forventet &#8211; temperaturen styrer vedsalget, sier\u00a0Sigbj\u00f8rn Vedeld, pressesjef i\u00a0Felleskj\u00f8pet Agri, til DinSide.<\/p>\n<p>        <img loading=\"lazy\" decoding=\"async\" itemprop=\"image\" src=\"https:\/\/www.europesays.com\/no\/wp-content\/uploads\/2026\/01\/84061579.webp.webp\" width=\"180\" height=\"180\" alt=\"Sigbj\u00f8rn Vedeld\"\/><\/p>\n<p>            Sigbj\u00f8rn Vedeld<br \/>\n            Sigbj\u00f8rn<br \/>\n            Vedeld        <\/p>\n<p>Pressesjef i Felleskj\u00f8pet Agri<\/p>\n<p>Han forteller at Felleskj\u00f8pet har god tilgang p\u00e5 t\u00f8rr, norskprodusert bj\u00f8rkeved fra Finnskogen, og at de f\u00e5r jevnlige leveranser til b\u00e5de butikker og nettbutikk.<\/p>\n<p>&#8211; Det gj\u00f8r oss godt rustet selv n\u00e5r ettersp\u00f8rselen \u00f8ker, sier Vedeld.<\/p>\n<p>Prisene holder seg stabile: En 40-liters sekk med bj\u00f8rkeved koster 89 kroner, mens ti sekker selges for 799 kroner.<\/p>\n<p>    <a itemprop=\"url\" href=\"https:\/\/dinside.dagbladet.no\/fritid\/dette-ma-du-ikke-gjore\/84036741\" rel=\"nofollow noopener\" target=\"_blank\"><\/p>\n<p>        <img loading=\"lazy\" decoding=\"async\" src=\"https:\/\/www.europesays.com\/no\/wp-content\/uploads\/2026\/01\/84036785.webp.webp\" width=\"980\" height=\"441\" title=\"- Sv\u00e6rt farlig\" alt=\"\" class=\"lazyload\" style=\"--aspect-ratio-image: 2.22; \"\/><\/p>\n<p>        &#8211; Sv\u00e6rt farlig<\/p>\n<p>    <\/a><\/p>\n<p>Kraftig oppsving hos Maxbo\t<\/p>\n<p>Ogs\u00e5 hos\u00a0Maxbo\u00a0har kulda f\u00f8rt til kraftig oppsving i salget.<\/p>\n<p>&#8211; Det har v\u00e6rt mer enn en dobling i ettersp\u00f8rselen n\u00e5 de siste par ukene, og med det kalde v\u00e6ret som er sp\u00e5dd i perioden fremover forventer vi fortsatt stor ettersp\u00f8rsel, sier\u00a0Christer Brevik, kategoridirekt\u00f8r i Maxbo.<\/p>\n<p>Han forteller at tilgangen p\u00e5 ved er god, og at de fleste butikkene har bra med varer p\u00e5 lager.<\/p>\n<p>&#8211; De f\u00e5 som har g\u00e5tt tomme f\u00e5r inn i l\u00f8pet av de aller f\u00f8rste dagene n\u00e5 denne uka, sier Brevik.<\/p>\n<p>Prisen hos Maxbo er 79 kroner for en 40-liters sekk &#8211; samme pris som gjennom hele h\u00f8sten.<\/p>\n<p>&#8211; Vi \u00f8ker selvsagt ikke prisen for \u00e5 utnytte det kalde v\u00e6ret og den store ettersp\u00f8rselen, understreker han.<\/p>\n<p>    <a itemprop=\"url\" href=\"https:\/\/dinside.dagbladet.no\/okonomi\/innforer-aldersgrense\/84039191\" rel=\"nofollow noopener\" target=\"_blank\"><\/p>\n<p>        <img loading=\"lazy\" decoding=\"async\" src=\"https:\/\/www.europesays.com\/no\/wp-content\/uploads\/2026\/01\/83326735.webp.webp\" width=\"980\" height=\"441\" title=\"Innf\u00f8rer aldersgrense\" alt=\"\" class=\"lazyload\" style=\"--aspect-ratio-image: 2.22; \"\/><\/p>\n<p>        Innf\u00f8rer aldersgrense<\/p>\n<p>    <\/a><\/p>\n<p>Byggmax merker kulda\t<\/p>\n<p>Ogs\u00e5 hos\u00a0Byggmax\u00a0merker de at kulda har f\u00e5tt fart p\u00e5 salget.<\/p>\n<p>&#8211; Vedsalget p\u00e5 Byggmax har tatt seg kraftig opp n\u00e5 i takt med kuldegradene, sier\u00a0Niklas Hamberg, norgessjef i Byggmax.<\/p>\n<p>        <img loading=\"lazy\" decoding=\"async\" itemprop=\"image\" src=\"https:\/\/www.europesays.com\/no\/wp-content\/uploads\/2026\/01\/84061243.webp.webp\" width=\"180\" height=\"180\" alt=\"Niklas Hamberg\"\/><\/p>\n<p>            Niklas Hamberg<br \/>\n            Niklas<br \/>\n            Hamberg        <\/p>\n<p>Norgessjef i Byggmax<\/p>\n<p>Han opplyser at kjeden har god tilgang p\u00e5 t\u00f8rr bj\u00f8rkeved og ingen planer om \u00e5 endre prisene.<\/p>\n<p>&#8211; Vi tar inn om lag en million sekker ved hver vinter. Med store innkj\u00f8p f\u00e5r vi gode priser, og det kommer kundene v\u00e5re til gode. Vi har rikelig med tilgang p\u00e5 t\u00f8rr og billig bj\u00f8rkeved gjennom vinteren, sier Hamberg.<\/p>\n<p>Byggmax selger for tiden ti sekker bj\u00f8rkeved for 659 kroner.<\/p>\n<p>Jula holder prisen\t<\/p>\n<p>Hos\u00a0Jula\u00a0forteller de at ettersp\u00f8rselen ogs\u00e5 har \u00f8kt etter at kulda kom, men at salget ikke er like h\u00f8yt som i fjor vinter.<\/p>\n<p>&#8211; Omsetningen av ved er direkte tilknyttet kulde, og vi ser at ettersp\u00f8rselen er st\u00f8rre n\u00e5 enn f\u00f8r jul. Men ikke p\u00e5 h\u00f8yde med 2023\/2024, sier\u00a0Lars Andr\u00e9 Hansen, midlertidig Country Operations Manager i Jula Norge.<\/p>\n<p>    <a itemprop=\"url\" href=\"https:\/\/dinside.dagbladet.no\/okonomi\/tilbudsfesten-er-over\/84056766\" rel=\"nofollow noopener\" target=\"_blank\"><\/p>\n<p>        <img loading=\"lazy\" decoding=\"async\" src=\"https:\/\/www.europesays.com\/no\/wp-content\/uploads\/2026\/01\/84056789.webp.webp\" width=\"980\" height=\"441\" title=\"- Dessverre\" alt=\"\" class=\"lazyload\" style=\"--aspect-ratio-image: 2.22; \"\/><\/p>\n<p>        &#8211; Dessverre<\/p>\n<p>    <\/a><\/p>\n<p>Han opplyser at enkelte varehus var tomme i romjula, men at nye leveranser n\u00e5 er p\u00e5 vei ut til butikkene.<\/p>\n<p>Prisen hos Jula er 69,90 kroner for en 40-literssekk med Cleanflame-ved &#8211; en pris som har ligget fast over lengre tid.<\/p>\n<p>    <a itemprop=\"url\" href=\"https:\/\/dinside.dagbladet.no\/bolig\/klar-melding-gjor-det-na\/83514473\" rel=\"nofollow noopener\" target=\"_blank\"><\/p>\n<p>        <img loading=\"lazy\" decoding=\"async\" src=\"https:\/\/www.europesays.com\/no\/wp-content\/uploads\/2026\/01\/83535531.webp.webp\" width=\"980\" height=\"441\" title=\"Klar melding: - Gj\u00f8r det n\u00e5\" alt=\"\" class=\"lazyload\" style=\"--aspect-ratio-image: 2.22; \"\/><\/p>\n<p>        Klar melding: &#8211; Gj\u00f8r det n\u00e5<\/p>\n<p>    <\/a><\/p>\n<p>Fra tregt til travelt\t<\/p>\n<p>I november skrev DinSide at mange vedselgere opplevde lavere ettersp\u00f8rsel enn normalt.\u00a0<\/p>\n<p>Den milde h\u00f8sten og innf\u00f8ringen av\u00a0Norgespris-ordningen, som lar husholdninger binde str\u00f8mprisen til 50 \u00f8re per kilowattime, ble trukket fram som viktige \u00e5rsaker.<\/p>\n<p>&#8211; Vi har vanligvis solgt 60 000 sekker med bj\u00f8rkeved i \u00e5ret. I \u00e5r tror jeg ikke vi selger mer enn halvparten, fortalte vedselger\u00a0Stig Eyde\u00a0i Follo Vedservice til <a href=\"https:\/\/dinside.dagbladet.no\/okonomi\/fortviler-ikke-mer-enn-halvparten\/83840579\" rel=\"nofollow noopener\" target=\"_blank\">DinSide<\/a> den gang.<\/p>\n<p>    <a itemprop=\"url\" href=\"https:\/\/dinside.dagbladet.no\/okonomi\/lilli-bendriss-det-er-en-skam\/83989861\" rel=\"nofollow noopener\" target=\"_blank\"><\/p>\n<p>        <img loading=\"lazy\" decoding=\"async\" src=\"https:\/\/www.europesays.com\/no\/wp-content\/uploads\/2026\/01\/84011300.webp.webp\" width=\"980\" height=\"441\" title=\"Lilli Bendriss: - Det er en skam!\" alt=\"\" class=\"lazyload\" style=\"--aspect-ratio-image: 2.22; \"\/><\/p>\n<p>        Lilli Bendriss: &#8211; Det er en skam!<\/p>\n<p>    <\/a><\/p>\n<p>Ogs\u00e5\u00a0Norgessjef i Byggmax, Niklas Hamberg, pekte p\u00e5 at vedfyring hadde blitt en dyrere oppvarmingskilde sammenlignet med str\u00f8m:<\/p>\n<p>&#8211; Forskjellen i \u00e5r er at ved er en langt dyrere kilde til oppvarming enn str\u00f8m, n\u00e5 som vi har f\u00e5tt Norgespris, sa Hamberg til DinSide i november.<\/p>\n<p>Samtidig meldte\u00a0Coop\u00a0om \u00f8kning i salget &#8211; s\u00e6rlig hos Obs Bygg, som hadde en vekst p\u00e5 n\u00e6r 30 prosent i september og oktober.<\/p>\n<p>&#8211; Veksten tyder p\u00e5 at mange kunder ikke bare fyrer for varmens skyld, men ogs\u00e5 for hyggen, sa kommunikasjonssjef\u00a0Silje Verlo Alis\u00f8y\u00a0i Coop Norge.<\/p>\n<p>        Tips oss<\/p>\n<p class=\"subtitle\">Har du innspill til saker om hus og hjem? Send oss et tips! \ud83c\udfe0<\/p>\n","protected":false},"excerpt":{"rendered":"Har snudd: Etter en krisestart p\u00e5 salgssesongen, melder butikkene n\u00e5 om eksplosivt vedsalg. Dette sier de om prisene.&hellip;\n","protected":false},"author":2,"featured_media":130933,"comment_status":"","ping_status":"","sticky":false,"template":"","format":"standard","meta":{"footnotes":""},"categories":[5],"tags":[237,20,21,24,25,15,19,22,23,17,18,13,30,28,29,14,16,26,27,2598,11735,6263],"class_list":{"0":"post-130932","1":"post","2":"type-post","3":"status-publish","4":"format-standard","5":"has-post-thumbnail","7":"category-overskrifter","8":"tag-bolig","9":"tag-breaking-news","10":"tag-breakingnews","11":"tag-featured-news","12":"tag-featurednews","13":"tag-headlines","14":"tag-hovedoppslag","15":"tag-latest-news","16":"tag-latestnews","17":"tag-main-news","18":"tag-mainnews","19":"tag-news","20":"tag-no","21":"tag-norge","22":"tag-norway","23":"tag-nyheter","24":"tag-overskrifter","25":"tag-top-stories","26":"tag-topstories","27":"tag-ved","28":"tag-vedfyring","29":"tag-vinter"},"share_on_mastodon":{"url":"https:\/\/pubeurope.com\/@no\/115852943297209148","error":""},"_links":{"self":[{"href":"https:\/\/www.europesays.com\/no\/wp-json\/wp\/v2\/posts\/130932","targetHints":{"allow":["GET"]}}],"collection":[{"href":"https:\/\/www.europesays.com\/no\/wp-json\/wp\/v2\/posts"}],"about":[{"href":"https:\/\/www.europesays.com\/no\/wp-json\/wp\/v2\/types\/post"}],"author":[{"embeddable":true,"href":"https:\/\/www.europesays.com\/no\/wp-json\/wp\/v2\/users\/2"}],"replies":[{"embeddable":true,"href":"https:\/\/www.europesays.com\/no\/wp-json\/wp\/v2\/comments?post=130932"}],"version-history":[{"count":0,"href":"https:\/\/www.europesays.com\/no\/wp-json\/wp\/v2\/posts\/130932\/revisions"}],"wp:featuredmedia":[{"embeddable":true,"href":"https:\/\/www.europesays.com\/no\/wp-json\/wp\/v2\/media\/130933"}],"wp:attachment":[{"href":"https:\/\/www.europesays.com\/no\/wp-json\/wp\/v2\/media?parent=130932"}],"wp:term":[{"taxonomy":"category","embeddable":true,"href":"https:\/\/www.europesays.com\/no\/wp-json\/wp\/v2\/categories?post=130932"},{"taxonomy":"post_tag","embeddable":true,"href":"https:\/\/www.europesays.com\/no\/wp-json\/wp\/v2\/tags?post=130932"}],"curies":[{"name":"wp","href":"https:\/\/api.w.org\/{rel}","templated":true}]}}