{"id":130935,"date":"2026-01-07T08:51:17","date_gmt":"2026-01-07T08:51:17","guid":{"rendered":"https:\/\/www.europesays.com\/no\/130935\/"},"modified":"2026-01-07T08:51:17","modified_gmt":"2026-01-07T08:51:17","slug":"bil-utbrent-etter-brann","status":"publish","type":"post","link":"https:\/\/www.europesays.com\/no\/130935\/","title":{"rendered":"Bil utbrent etter brann"},"content":{"rendered":"<p>  Sir Alex Ferguson er fortsatt en respektert skikkelse i Manchester United. N\u00e5 avsl\u00f8rer midlertidig trener Darren Fletcher (41) samtale med trenerikonet.\u00a0<\/p>\n<p>\n    N\u00c6RT FORHOLD: Trenerlegenden sir Alex Ferguson (til h\u00f8yre) og n\u00e5v\u00e6rende midlertidig trener Darren Fletcher (i bakgrunn) har knyttet et tett b\u00e5nd. Her p\u00e5 en pressekonferanse f\u00f8r Champions League-m\u00f8te med Otelul Galati i 2011. Foto: REUTERS \/ Nigel Roddis \/ NTB\n  <\/p>\n<p>Samtidig som ryktene rundt en potensiell ny midlertidig ansettelse av Ole Gunnar Solskj\u00e6r (52) som hovedtrener i Manchester United florerer, er det en annen klubblegende som leder laget mot Burnley onsdag kveld.\u00a0<\/p>\n<p>    <a itemprop=\"url\" href=\"https:\/\/www.dagbladet.no\/sport\/null-tvil-nei-1\/84062167\" rel=\"nofollow noopener\" target=\"_blank\"><\/p>\n<p>        <img loading=\"lazy\" decoding=\"async\" src=\"https:\/\/www.europesays.com\/no\/wp-content\/uploads\/2026\/01\/84063307.webp.webp\" width=\"980\" height=\"441\" title=\"Null tvil: - Nei!\" alt=\"\" class=\"lazyload\" style=\"--aspect-ratio-image: 2.22; \"\/><\/p>\n<p>        Null tvil: &#8211; Nei!<\/p>\n<p>    <\/a><\/p>\n<p>Darren Fletcher, som de siste m\u00e5nedene har trent klubbens U18-lag, har f\u00e5tt det \u00e6refulle oppdraget om \u00e5 holde fortet i gigantklubben.\u00a0\u00a0<\/p>\n<p>P\u00e5 pressekonferansen f\u00f8r onsdagens kamp kunne imidlertid den skotske tidligere midtbanekrigeren avsl\u00f8re hvem som var den f\u00f8rste han slo p\u00e5 tr\u00e5den til etter sp\u00f8rsm\u00e5let kom p\u00e5 bordet:<\/p>\n<p class=\"font-weight-bold m-font-weight-bold\" data-lab-font_weight=\"font-weight-bold\">Trenerikonet sir Alex Ferguson (84).<\/p>\n<p>Ba om velsignelse<\/p>\n<p>41-\u00e5ringen ringte landsmannen for \u00e5 f\u00e5 hans velsignelse for \u00e5 ta jobben.\u00a0<\/p>\n<p>Fletcher fikk tilbudet mandag morgen, da Manchester United valgte \u00e5 sparke portugisiske R\u00faben Amorim som hovedtrener.\u00a0<\/p>\n<p>        SVIRRER: Ryktene om Ole Gunnar Solskj\u00e6r sin tilbakekomst som trener for Manchester United g\u00e5r som varmt hvetebr\u00f8d p\u00e5 internett.<\/p>\n<p>Tirsdag kveld avsl\u00f8rte han den hemmelige samtalen med sir Alex, der han ba den 84 \u00e5r gamle Manchester United-legenden om r\u00e5d og hvorvidt han burde takke ja til tilbudet, skriver lokalavisa <a href=\"https:\/\/www.manchestereveningnews.co.uk\/sport\/football\/what-sir-alex-ferguson-told-33179462\" rel=\"nofollow noopener\" target=\"_blank\">Manchester Evening News<\/a>.\u00a0<\/p>\n<p class=\"font-weight-bold m-font-weight-bold\" data-lab-font_weight=\"font-weight-bold\">&#8211;\u00a0Jeg liker ikke \u00e5 ta store avgj\u00f8relser uten \u00e5 snakke med sir Alex, og det er noe jeg har gjort helt siden jeg var i klubben og ogs\u00e5 etter at jeg forlot den &#8211; i alt jeg gj\u00f8r. Jeg har et veldig godt forhold til sir Alex, s\u00e5 han er som regel den f\u00f8rste jeg ringer. Jeg \u00f8nsket \u00e5 snakke med ham f\u00f8rst, og helt \u00e6rlig, f\u00e5 hans velsignelse. Jeg mener han fortjener den respekten, sa Fletcher til den oppm\u00f8tte pressen.<\/p>\n<p>Han fortsetter:<\/p>\n<p>&#8211;\u00a0 Jeg ville h\u00f8re hva han mente, og han var st\u00f8ttende. Han gjentok det jeg alltid har sagt: N\u00e5r du er ansatt i klubben, er det din jobb \u00e5 gj\u00f8re det beste for Manchester United. Det er utrolig n\u00e5r han sier noe jeg pr\u00f8ver \u00e5 leve etter og tro p\u00e5 hver eneste dag, s\u00e5 det var betryggende for meg \u00e5 h\u00f8re ham si det. <\/p>\n<p>        <img loading=\"lazy\" decoding=\"async\" src=\"https:\/\/www.europesays.com\/no\/wp-content\/uploads\/2026\/01\/84064855.webp.webp\" width=\"667\" height=\"381\" title=\"SKOTSK DUO: Darren Fletcher spilte 18 av 20 \u00e5r i Manchester United under sir Alex Fergusons ledelse. Foto: Back Page Images \/ REX \/ NTB\" alt=\"\" class=\"\" style=\"--aspect-ratio-image: 1.75; \"\/><\/p>\n<p>\n        SKOTSK DUO: Darren Fletcher spilte 18 av 20 \u00e5r i Manchester United under sir Alex Fergusons ledelse. Foto: Back Page Images \/ REX \/ NTB\n    <\/p>\n<p> Fletcher tilbrakte 20 \u00e5r i klubben som akademispiller og f\u00f8rstelagsspiller p\u00e5 Old Trafford, hvorav 18 av dem under Fergusons ledelse.<\/p>\n<p>Tok kontakt med Amorim<\/p>\n<p>Skotten avsl\u00f8rte i den samme presseseansen at han har tatt kontakt med Amorim etter sparkingen mandag.\u00a0<\/p>\n<p>41-\u00e5ringen var en del av portugiserens st\u00f8tteapparat i hans f\u00f8rste sesong, f\u00f8r han tok hovedtrenerjobben for klubbens U18-lag.<\/p>\n<p>Amorim ga nylig Fletchers 18 \u00e5r gamle s\u00f8nn, Jack, sin debut p\u00e5 klubbens f\u00f8rstelag. Ogs\u00e5 Jacks tvillingbror Tyler har f\u00e5tt v\u00e6re med i f\u00f8rstelagets kamptropp.\u00a0<\/p>\n<p class=\"font-weight-bold m-font-weight-bold\" data-lab-font_weight=\"font-weight-bold\">&#8211; Jeg har tatt kontakt med ham, men jeg har ikke f\u00e5tt svar enn\u00e5, noe som er fullt forst\u00e5elig. Han har \u00e5penbart mye \u00e5 tenke p\u00e5, og jeg har v\u00e6rt veldig opptatt, s\u00e5 jeg har ikke hatt mulighet til det enn\u00e5.\u00a0Jeg skulle gjerne ha snakket med ham, for jeg hadde et godt forhold til Ruben. Han var veldig god mot meg, sa skotten.<\/p>\n<p>    <a itemprop=\"url\" href=\"https:\/\/www.dagbladet.no\/sport\/sparket\/84055446\" rel=\"nofollow noopener\" target=\"_blank\"><\/p>\n<p>        <img loading=\"lazy\" decoding=\"async\" src=\"https:\/\/www.europesays.com\/no\/wp-content\/uploads\/2026\/01\/84055586.webp.webp\" width=\"980\" height=\"441\" title=\"Sparket\" alt=\"\" class=\"lazyload\" style=\"--aspect-ratio-image: 2.22; \"\/><\/p>\n<p>        Sparket<\/p>\n<p>    <\/a><\/p>\n<p>Han forsetter:<\/p>\n<p>&#8211;\u00a0Det har alltid v\u00e6rt gode interaksjoner, og til syvende og sist er han manageren som ga s\u00f8nnen min debuten hans ogs\u00e5. Som far har jeg mye \u00e5 takke ham for. Selv om guttene har fortjent det selv, var det han som tok avgj\u00f8relsen. S\u00e5 jeg har et godt forhold til Ruben, og jeg er skuffet p\u00e5 hans vegne.<\/p>\n","protected":false},"excerpt":{"rendered":"Sir Alex Ferguson er fortsatt en respektert skikkelse i Manchester United. N\u00e5 avsl\u00f8rer midlertidig trener Darren Fletcher (41)&hellip;\n","protected":false},"author":2,"featured_media":130936,"comment_status":"","ping_status":"","sticky":false,"template":"","format":"standard","meta":{"footnotes":""},"categories":[10],"tags":[222,367,20,21,24,25,15,2539,15187,22,23,13,30,28,29,14,16,15178,26,27],"class_list":{"0":"post-130935","1":"post","2":"type-post","3":"status-publish","4":"format-standard","5":"has-post-thumbnail","7":"category-norge","8":"tag-bil","9":"tag-brann","10":"tag-breaking-news","11":"tag-breakingnews","12":"tag-featured-news","13":"tag-featurednews","14":"tag-headlines","15":"tag-innenriks","16":"tag-kongsvingerbanen","17":"tag-latest-news","18":"tag-latestnews","19":"tag-news","20":"tag-no","21":"tag-norge","22":"tag-norway","23":"tag-nyheter","24":"tag-overskrifter","25":"tag-ranasfoss","26":"tag-top-stories","27":"tag-topstories"},"share_on_mastodon":{"url":"https:\/\/pubeurope.com\/@no\/115852967087612380","error":""},"_links":{"self":[{"href":"https:\/\/www.europesays.com\/no\/wp-json\/wp\/v2\/posts\/130935","targetHints":{"allow":["GET"]}}],"collection":[{"href":"https:\/\/www.europesays.com\/no\/wp-json\/wp\/v2\/posts"}],"about":[{"href":"https:\/\/www.europesays.com\/no\/wp-json\/wp\/v2\/types\/post"}],"author":[{"embeddable":true,"href":"https:\/\/www.europesays.com\/no\/wp-json\/wp\/v2\/users\/2"}],"replies":[{"embeddable":true,"href":"https:\/\/www.europesays.com\/no\/wp-json\/wp\/v2\/comments?post=130935"}],"version-history":[{"count":0,"href":"https:\/\/www.europesays.com\/no\/wp-json\/wp\/v2\/posts\/130935\/revisions"}],"wp:featuredmedia":[{"embeddable":true,"href":"https:\/\/www.europesays.com\/no\/wp-json\/wp\/v2\/media\/130936"}],"wp:attachment":[{"href":"https:\/\/www.europesays.com\/no\/wp-json\/wp\/v2\/media?parent=130935"}],"wp:term":[{"taxonomy":"category","embeddable":true,"href":"https:\/\/www.europesays.com\/no\/wp-json\/wp\/v2\/categories?post=130935"},{"taxonomy":"post_tag","embeddable":true,"href":"https:\/\/www.europesays.com\/no\/wp-json\/wp\/v2\/tags?post=130935"}],"curies":[{"name":"wp","href":"https:\/\/api.w.org\/{rel}","templated":true}]}}