{"id":130937,"date":"2026-01-07T08:52:16","date_gmt":"2026-01-07T08:52:16","guid":{"rendered":"https:\/\/www.europesays.com\/no\/130937\/"},"modified":"2026-01-07T08:52:16","modified_gmt":"2026-01-07T08:52:16","slug":"to-brannmenn-antatt-omkommet-etter-husbrann-i-verdal","status":"publish","type":"post","link":"https:\/\/www.europesays.com\/no\/130937\/","title":{"rendered":"To brannmenn antatt omkommet etter husbrann i Verdal"},"content":{"rendered":"\n<p class=\"_paragraph_o9xde_4 _paragraph_xtcu6_10 layout-component text-serif-m layout-normal text-serif-m layout-padded\">\u2013 Dette er sv\u00e6rt tragisk hendelse, som g\u00e5r inn p\u00e5 oss. Innledende etterforskning er iverksatt av politiet, men det er per n\u00e5 for tidlig \u00e5 si noe om hva som har skjedd, sier Morten M\u00f8rkved, tjenestestedsleder ved Levanger og <a href=\"https:\/\/www.vg.no\/tag\/verdal?utm_source=vg-article&amp;utm_medium=auto-tagger&amp;utm_campaign=RjRL7a\" class=\"_link_o9xde_39\" rel=\"nofollow noopener\" target=\"_blank\">Verdal<\/a> politistasjon i en <a href=\"https:\/\/www.verdal.kommune.no\/nyheter\/to-personer-antatt-omkommet-etter-brann-i-verdal.15052.aspx\" class=\"_link_o9xde_39\" rel=\"nofollow noopener\" target=\"_blank\">pressemelding<\/a>.<\/p>\n<p class=\"_paragraph_o9xde_4 _paragraph_xtcu6_10 layout-component text-serif-m layout-normal text-serif-m layout-padded\">P\u00e5r\u00f8rende er varslet.<\/p>\n<ul class=\"_gallery_1qa3s_23\" tabindex=\"0\">\n<li class=\"_item_1qa3s_37\" data-index=\"0\"><img decoding=\"async\" class=\"_image_foru8_23 _articleGallery_foru8_39\" data-fullscreen- width=\"1744\" height=\"1419\" itemprop=\"image\" loading=\"lazy\"  src=\"https:\/\/www.europesays.com\/no\/wp-content\/uploads\/2026\/01\/b5e848ec-60e3-4ffd-8daf-94a19cdd8f3b.jpeg\"  style=\"object-position:50% 50%;aspect-ratio:var(--gallery-aspect-ratio, 16 \/ 9)\"\/>Foto: Jan Arne Austad<\/li>\n<li class=\"_item_1qa3s_37\" data-index=\"1\"><img decoding=\"async\" class=\"_image_foru8_23 _articleGallery_foru8_39\" data-fullscreen- width=\"2048\" height=\"1542\" itemprop=\"image\" loading=\"lazy\"  src=\"https:\/\/www.europesays.com\/no\/wp-content\/uploads\/2026\/01\/d30a1f42-d535-4a11-aeea-461b7ae76ee0.jpeg\"  style=\"object-position:50% 50%;aspect-ratio:var(--gallery-aspect-ratio, 16 \/ 9)\"\/>Foto: Jan Arne Austad<\/li>\n<li class=\"_item_1qa3s_37\" data-index=\"2\"><img decoding=\"async\" class=\"_image_foru8_23 _articleGallery_foru8_39\" data-fullscreen- width=\"2048\" height=\"1542\" itemprop=\"image\" loading=\"lazy\"  src=\"https:\/\/www.europesays.com\/no\/wp-content\/uploads\/2026\/01\/fb1b69d0-3032-4f11-92aa-143d6e89cdd1.jpeg\"  style=\"object-position:50% 50%;aspect-ratio:var(--gallery-aspect-ratio, 16 \/ 9)\"\/>Foto: Jan Arne Austad<\/li>\n<li class=\"_item_1qa3s_37\" data-index=\"3\"><img decoding=\"async\" class=\"_image_foru8_23 _articleGallery_foru8_39\" data-fullscreen- width=\"2390\" height=\"1340\" itemprop=\"image\" loading=\"lazy\"  src=\"https:\/\/www.europesays.com\/no\/wp-content\/uploads\/2026\/01\/12025f4e-a622-4ef5-80f4-6cc83599323b.jpeg\"  style=\"object-position:50% 50%;aspect-ratio:var(--gallery-aspect-ratio, 16 \/ 9)\"\/>Foto: Vegard Woll \/ NRK<\/li>\n<\/ul>\n<p>\u2013 Mistet forbindelsen med r\u00f8ykdykkerne<\/p>\n<p class=\"_paragraph_o9xde_4 _paragraph_xtcu6_10 layout-component text-serif-m layout-normal text-serif-m layout-padded\">Innsatsleder Trond Marius Fornes i Brannvesenet Midt IKS forteller at de ikke vet hva som har skjedd.<\/p>\n<p class=\"_paragraph_o9xde_4 _paragraph_xtcu6_10 layout-component text-serif-m layout-normal text-serif-m layout-padded\">\u2013 Det er uklart. Men p\u00e5 et tidspunkt har vi mistet forbindelsen med r\u00f8ykdykkerne, sier han til <a href=\"https:\/\/www.t-a.no\/mistet-to-kolleger-vondt-og-meningslost\/s\/5-116-2283389\" class=\"_link_o9xde_39\" rel=\"nofollow noopener\" target=\"_blank\">Tr\u00f8nder-Avisa<\/a>.<\/p>\n<p class=\"_paragraph_o9xde_4 _paragraph_xtcu6_10 layout-component text-serif-m layout-normal text-serif-m layout-padded\">\u2013 Prosedyrene ble fulgt som vanlig. Det har v\u00e6rt en kraftig brann, det ser man. Og det er en risiko forbundet med r\u00f8ykdykking, fortsetter innsatslederen.<\/p>\n<p>   <img decoding=\"async\" alt=\"Tips oss illustrasjon\" src=\"https:\/\/www.europesays.com\/no\/wp-content\/uploads\/2025\/10\/pssst-small.webp.webp\"\/>    <\/p>\n<p class=\"title-serif-s\">Har du tips?<\/p>\n<p class=\"text-sans-m\">Send oss informasjon, bilder eller video.<\/p>\n<p>  <a href=\"https:\/\/www.vg.no\/tips-oss\" rel=\"nofollow noopener\" target=\"_blank\"> Tips oss <\/a>   <\/p>\n<p class=\"_paragraph_o9xde_4 _paragraph_xtcu6_10 layout-component text-serif-m layout-normal text-serif-m layout-padded\">Da det ble klart hva som hadde skjedd, ble mannskapet trukket ut og erstattet med brannkonstabler fra nabokommunene.<\/p>\n<p class=\"_paragraph_o9xde_4 _paragraph_xtcu6_10 layout-component text-serif-m layout-normal text-serif-m layout-padded\">\u2013 Dette er en tragisk hendelse. V\u00e5re tanker g\u00e5r til de ber\u00f8rte og deres p\u00e5r\u00f8rende, sier ordf\u00f8rer Knut Snorre Sandnes i <a href=\"https:\/\/www.verdal.kommune.no\/nyheter\/to-personer-antatt-omkommet-etter-brann-i-verdal.15052.aspx\" class=\"_link_o9xde_39\" rel=\"nofollow noopener\" target=\"_blank\">en pressemelding<\/a>.<\/p>\n<p><img decoding=\"async\" alt=\"Bilde av Knut Snorre Sandnes\" class=\"_image_ygndg_42\" height=\"27\" itemprop=\"image\" loading=\"lazy\"  src=\"https:\/\/www.europesays.com\/no\/wp-content\/uploads\/2026\/01\/b744077e-d124-4875-9b26-b10b668c70c4.jpeg\"  width=\"40\"\/><strong class=\"_name_ygndg_51 title-serif-xs\">Knut Snorre Sandnes<\/strong><\/p>\n<p class=\"_paragraph_o9xde_4 text-sans-m _description_ygndg_56\">Ordf\u00f8rer i Verdal kommune<\/p>\n<p class=\"_paragraph_o9xde_4 _paragraph_xtcu6_10 layout-component text-serif-m layout-normal text-serif-m layout-padded\">Politiet har kalt inn til pressekonferanse klokken 12, hvor b\u00e5de ordf\u00f8reren og n\u00f8detatene deltar.<\/p>\n<p class=\"_paragraph_o9xde_4 _paragraph_xtcu6_10 layout-component text-serif-m layout-normal text-serif-m layout-padded\">Justis- og beredskapsminister\u00a0Astri Aas-Hansen\u00a0(Ap) kommenterer saken overfor NTB:<\/p>\n<p class=\"_paragraph_o9xde_4 _paragraph_xtcu6_10 layout-component text-serif-m layout-normal text-serif-m layout-padded\">\u2013 Det gj\u00f8r stort inntrykk \u00e5 h\u00f8re at to r\u00f8ykdykkere fra brannvesenet er antatt omkommet etter brannen i Verdal i natt. Min dypeste medf\u00f8lelse g\u00e5r til deres n\u00e6rmeste, p\u00e5r\u00f8rende og kollegaer, sier hun til nyhetsbyr\u00e5et.<\/p>\n<p><img decoding=\"async\" alt=\"Bilde av Astri Aas-Hansen (Ap)\" class=\"_image_ygndg_42\" height=\"28\" itemprop=\"image\" loading=\"lazy\"  src=\"https:\/\/www.europesays.com\/no\/wp-content\/uploads\/2026\/01\/aa01388a-8fcc-4585-9a2f-27463bcd637a.jpeg\"  width=\"40\"\/><strong class=\"_name_ygndg_51 title-serif-xs\">Astri Aas-Hansen (Ap)<\/strong><\/p>\n<p class=\"_paragraph_o9xde_4 text-sans-m _description_ygndg_56\">Justis- og beredskapsminister<\/p>\n<p class=\"_paragraph_o9xde_4 _paragraph_xtcu6_10 layout-component text-serif-m layout-normal text-serif-m layout-padded\">\u2013 Brannvesenet gj\u00f8r en uvurderlig innsats for samfunnet, og det er vondt n\u00e5r tjenestepersoner som er p\u00e5 jobb for \u00e5 redde andre, selv mister livet, sier Aas-Hansen videre.<\/p>\n<p>Hus totalskadet<\/p>\n<p class=\"_paragraph_o9xde_4 _paragraph_xtcu6_10 layout-component text-serif-m layout-normal text-serif-m layout-padded\">F\u00f8rste melding om brann kom inn til politiet klokken 02.05 natt til onsdag. Da n\u00f8detatene kom frem, var det full overtenning og \u00e5pne flammer ut av eneboligen.<\/p>\n<p class=\"_paragraph_o9xde_4 _paragraph_xtcu6_10 layout-component text-serif-m layout-normal text-serif-m layout-padded\"><strong class=\"_strong_o9xde_25\">En beboer hadde allerede kommet seg ut p\u00e5 egen h\u00e5nd.<\/strong><\/p>\n<p class=\"_paragraph_o9xde_4 _paragraph_xtcu6_10 layout-component text-serif-m layout-normal text-serif-m layout-padded\">Kort tid senere ble et nabohus evakuert. <\/p>\n<p class=\"_paragraph_o9xde_4 _paragraph_xtcu6_10 layout-component text-serif-m layout-normal text-serif-m layout-padded\">\u2013 Ingen flere enn de to personene er savnet i forbindelse med brannen, st\u00e5r det videre i pressemeldingen fra politiet.<\/p>\n<p><img alt=\"Foto: Jan Arne Austad\" class=\"_image_qp4xg_65 layout-component layout-normal\" data-fullscreen- data-track-element-type=\"Article image fullscreen\" data-track-name=\"ImageFullscreen\" decoding=\"async\" loading=\"lazy\" height=\"1542\" itemprop=\"image\"  src=\"https:\/\/www.europesays.com\/no\/wp-content\/uploads\/2026\/01\/2f18953e-c861-4cf9-8347-e3ede6c29ed2.jpeg\"  style=\"object-position:0% 0%\" width=\"2048\"\/>Foto: Jan Arne Austad<\/p>\n<p class=\"_paragraph_o9xde_4 _paragraph_xtcu6_10 layout-component text-serif-m layout-normal text-serif-m layout-padded\">\u2013 Vi har f\u00e5tt ned brannen og driver n\u00e5 med etterslukking, sier vaktleder K\u00e5re Peder Norvik ved 110-sentralen til VG klokken 07.20.<\/p>\n<p class=\"_paragraph_o9xde_4 _paragraph_xtcu6_10 layout-component text-serif-m layout-normal text-serif-m layout-padded\">Eneboligen er totalskadet. <\/p>\n<p>Jobber med etterslukking<\/p>\n<p class=\"_paragraph_o9xde_4 _paragraph_xtcu6_10 layout-component text-serif-m layout-normal text-serif-m layout-padded\">Etterslukking vil p\u00e5g\u00e5 en stund fremover, if\u00f8lge politiet:<\/p>\n<p class=\"_paragraph_o9xde_4 _paragraph_xtcu6_10 layout-component text-serif-m layout-normal text-serif-m layout-padded\">\u2013 Politiet vil foreta kriminaltekniske unders\u00f8kelser n\u00e5r \u00e5stedet er slukket og nedkj\u00f8lt, skriver operasjonsleder Marie Fossen i politiloggen.<\/p>\n<p><img alt=\"Foto: Jan Arne Austad\" class=\"_image_qp4xg_65 layout-component layout-normal\" data-fullscreen- data-track-element-type=\"Article image fullscreen\" data-track-name=\"ImageFullscreen\" decoding=\"async\" loading=\"lazy\" height=\"1542\" itemprop=\"image\"  src=\"https:\/\/www.europesays.com\/no\/wp-content\/uploads\/2026\/01\/f7e91267-0563-4582-b903-94ac7a714a65.jpeg\"  style=\"object-position:0% 0%\" width=\"2048\"\/>Foto: Jan Arne Austad<\/p>\n<p class=\"_paragraph_o9xde_4 _paragraph_xtcu6_10 layout-component text-serif-m layout-normal text-serif-m layout-padded\">Fotograf Jan Arne Austad forteller til VG at Sivilforsvaret har ankommet stedet onsdag morgen. Trolig for \u00e5 bidra med varmetelt for mannskapene som jobber med brannen. Det er 18 minusgrader i Verdal.<\/p>\n<p>Aktiver kart<\/p>\n","protected":false},"excerpt":{"rendered":"\u2013 Dette er sv\u00e6rt tragisk hendelse, som g\u00e5r inn p\u00e5 oss. Innledende etterforskning er iverksatt av politiet, men&hellip;\n","protected":false},"author":2,"featured_media":130938,"comment_status":"","ping_status":"","sticky":false,"template":"","format":"standard","meta":{"footnotes":""},"categories":[5],"tags":[5847,20,21,24,25,15,19,22,23,17,18,13,30,28,29,14,16,26,27,4376,2133],"class_list":{"0":"post-130937","1":"post","2":"type-post","3":"status-publish","4":"format-standard","5":"has-post-thumbnail","7":"category-overskrifter","8":"tag-branner","9":"tag-breaking-news","10":"tag-breakingnews","11":"tag-featured-news","12":"tag-featurednews","13":"tag-headlines","14":"tag-hovedoppslag","15":"tag-latest-news","16":"tag-latestnews","17":"tag-main-news","18":"tag-mainnews","19":"tag-news","20":"tag-no","21":"tag-norge","22":"tag-norway","23":"tag-nyheter","24":"tag-overskrifter","25":"tag-top-stories","26":"tag-topstories","27":"tag-trondelag-politidistrikt","28":"tag-verdal"},"share_on_mastodon":{"url":"https:\/\/pubeurope.com\/@no\/115852970803679728","error":""},"_links":{"self":[{"href":"https:\/\/www.europesays.com\/no\/wp-json\/wp\/v2\/posts\/130937","targetHints":{"allow":["GET"]}}],"collection":[{"href":"https:\/\/www.europesays.com\/no\/wp-json\/wp\/v2\/posts"}],"about":[{"href":"https:\/\/www.europesays.com\/no\/wp-json\/wp\/v2\/types\/post"}],"author":[{"embeddable":true,"href":"https:\/\/www.europesays.com\/no\/wp-json\/wp\/v2\/users\/2"}],"replies":[{"embeddable":true,"href":"https:\/\/www.europesays.com\/no\/wp-json\/wp\/v2\/comments?post=130937"}],"version-history":[{"count":0,"href":"https:\/\/www.europesays.com\/no\/wp-json\/wp\/v2\/posts\/130937\/revisions"}],"wp:featuredmedia":[{"embeddable":true,"href":"https:\/\/www.europesays.com\/no\/wp-json\/wp\/v2\/media\/130938"}],"wp:attachment":[{"href":"https:\/\/www.europesays.com\/no\/wp-json\/wp\/v2\/media?parent=130937"}],"wp:term":[{"taxonomy":"category","embeddable":true,"href":"https:\/\/www.europesays.com\/no\/wp-json\/wp\/v2\/categories?post=130937"},{"taxonomy":"post_tag","embeddable":true,"href":"https:\/\/www.europesays.com\/no\/wp-json\/wp\/v2\/tags?post=130937"}],"curies":[{"name":"wp","href":"https:\/\/api.w.org\/{rel}","templated":true}]}}