{"id":130939,"date":"2026-01-07T08:55:05","date_gmt":"2026-01-07T08:55:05","guid":{"rendered":"https:\/\/www.europesays.com\/no\/130939\/"},"modified":"2026-01-07T08:55:05","modified_gmt":"2026-01-07T08:55:05","slug":"io-interactive-avslorer-pc-spesifikasjonene-for-007-first-light","status":"publish","type":"post","link":"https:\/\/www.europesays.com\/no\/130939\/","title":{"rendered":"IO Interactive avsl\u00f8rer PC-spesifikasjonene for 007 First Light"},"content":{"rendered":"<p>P\u00e5 slutten av 2025 hadde IO Interactive noen d\u00e5rlige nyheter \u00e5 dele i form av en <a href=\"https:\/\/www.gamereactor.no\/io-interactive-forsinker-007-first-light-til-mai-2026-1944883\/\" title=\"007 First Light utsettes til mai 2026\" rel=\"nofollow noopener\" target=\"_blank\">forsinkelse av 007 First Light<\/a>, en liten endring i spillets lanseringsdato som har presset den fra mars til mai. Selv om det bare er en mindre forsinkelse i den store tingenes ordning, betyr det en lengre ventetid f\u00f8r lansering, men heldigvis kan du i det minste bruke den tiden til \u00e5 f\u00e5 PC-en din i kampform hvis du har tenkt \u00e5 spille p\u00e5 plattformen.<\/p>\n<p>Vi sier dette fordi n\u00e5 har PC-spesifikasjonene for spillet blitt avsl\u00f8rt, noe som betyr at vi vet n\u00f8yaktig hvilken maskinvare PC-en din trenger \u00e5 ha hvis du vil kj\u00f8re spillet. S\u00e5 langt har IOI bare delt spesifikasjonene for minimums- og anbefalte krav, men den gode nyheten er at begge virker ganske rimelige. Sjekk ut de fullstendige spesifikasjonene nedenfor.<\/p>\n<p>Minimumskrav:<\/p>\n<ul><\/p>\n<li>Ytelsesm\u00e5l: 1080p ved 30 FPS<\/li>\n<p><\/p>\n<li>Prosessor: Intel Core i5 9500K, AMD Ryzen 5 3500<\/li>\n<p><\/p>\n<li>Grafikkort: Nvidia GTX 1660, AMD RX 5700, tilsvarende Intel Discrete GPU<\/li>\n<p><\/p>\n<li>RAM: 16 GB<\/li>\n<p><\/p>\n<li>Video-RAM: 8 GB<\/li>\n<p><\/p>\n<li>Lagring: Minimum 80 GB<\/li>\n<p><\/p>\n<li>Operativsystem: Windows 10\/11, 64-biters<\/li>\n<p><\/ul>\n<p>Anbefalte krav:<\/p>\n<ul><\/p>\n<li>Ytelsesm\u00e5l: 1080p ved 60 FPS<\/li>\n<p><\/p>\n<li>Prosessor: Intel Core i5 13500, AMD Ryzen 5 7600<\/li>\n<p><\/p>\n<li>Grafikkort: Nvidia RTX 3060 Ti, AMD RX 6700 XT, tilsvarende Intel Discrete GPU<\/li>\n<p><\/p>\n<li>RAM: 32 GB<\/li>\n<p><\/p>\n<li>Video-RAM: 12 GB<\/li>\n<p><\/p>\n<li>Lagring: Minimum 80 GB<\/li>\n<p><\/p>\n<li>Operativsystem: Windows 10\/11, 64-biters<\/li>\n<p><\/ul>\n<p>Kan PC-en din h\u00e5ndtere 007 First Light?<\/p>\n<p><img loading=\"lazy\" decoding=\"async\" id=\"img-1951713-4776363\" data-fullsize=\"\/media\/63\/iointeractivereveals_4776363b.jpg\" data-lazy=\"\" src=\"https:\/\/www.gamereactor.nohttps:\/\/www.gamereactor.no\/media\/63\/iointeractivereveals_4776363_650x.jpg\" width=\"650\" onclick=\"if (!window.__cfRLUnblockHandlers) return false; gallery_openmodal('1951713','4776363',false,'5eefb13d4e3acce6113c8596bf9831b4');\" height=\"366\" alt=\"007 First Light\" class=\"rwd_col_content lazy\" data-cf-modified-e99d7c6a742034c9df267607-=\"\"\/><\/p>\n","protected":false},"excerpt":{"rendered":"P\u00e5 slutten av 2025 hadde IO Interactive noen d\u00e5rlige nyheter \u00e5 dele i form av en forsinkelse av&hellip;\n","protected":false},"author":2,"featured_media":130940,"comment_status":"","ping_status":"","sticky":false,"template":"","format":"standard","meta":{"footnotes":""},"categories":[57],"tags":[30,28,29,65,63,64,66,70,69,67,68],"class_list":{"0":"post-130939","1":"post","2":"type-post","3":"status-publish","4":"format-standard","5":"has-post-thumbnail","7":"category-vitenskap-og-teknologi","8":"tag-no","9":"tag-norge","10":"tag-norway","11":"tag-science","12":"tag-science-and-technology","13":"tag-scienceandtechnology","14":"tag-technology","15":"tag-teknologi","16":"tag-vitenskap","17":"tag-vitenskap-og-teknologi","18":"tag-vitenskapteknologi"},"share_on_mastodon":{"url":"https:\/\/pubeurope.com\/@no\/115852982463740978","error":""},"_links":{"self":[{"href":"https:\/\/www.europesays.com\/no\/wp-json\/wp\/v2\/posts\/130939","targetHints":{"allow":["GET"]}}],"collection":[{"href":"https:\/\/www.europesays.com\/no\/wp-json\/wp\/v2\/posts"}],"about":[{"href":"https:\/\/www.europesays.com\/no\/wp-json\/wp\/v2\/types\/post"}],"author":[{"embeddable":true,"href":"https:\/\/www.europesays.com\/no\/wp-json\/wp\/v2\/users\/2"}],"replies":[{"embeddable":true,"href":"https:\/\/www.europesays.com\/no\/wp-json\/wp\/v2\/comments?post=130939"}],"version-history":[{"count":0,"href":"https:\/\/www.europesays.com\/no\/wp-json\/wp\/v2\/posts\/130939\/revisions"}],"wp:featuredmedia":[{"embeddable":true,"href":"https:\/\/www.europesays.com\/no\/wp-json\/wp\/v2\/media\/130940"}],"wp:attachment":[{"href":"https:\/\/www.europesays.com\/no\/wp-json\/wp\/v2\/media?parent=130939"}],"wp:term":[{"taxonomy":"category","embeddable":true,"href":"https:\/\/www.europesays.com\/no\/wp-json\/wp\/v2\/categories?post=130939"},{"taxonomy":"post_tag","embeddable":true,"href":"https:\/\/www.europesays.com\/no\/wp-json\/wp\/v2\/tags?post=130939"}],"curies":[{"name":"wp","href":"https:\/\/api.w.org\/{rel}","templated":true}]}}